{"id":3913,"date":"2014-12-29T22:04:49","date_gmt":"2014-12-29T21:04:49","guid":{"rendered":"http:\/\/www.tvk-gaj.pl\/~gajonline\/?p=3913"},"modified":"2014-12-29T22:06:33","modified_gmt":"2014-12-29T21:06:33","slug":"plan-wizyt-duszpasterskich-20142015r-na-gaju","status":"publish","type":"post","link":"https:\/\/online.tvk-gaj.pl\/?p=3913","title":{"rendered":"Plan wizyt duszpasterskich 2014\/2015r. na Gaju"},"content":{"rendered":"<p>Wraz z zako\u0144czeniem si\u0119 \u015awi\u0105t Bo\u017cego Narodzenia rozpocz\u0119\u0142a si\u0119 tegoroczna wizyta duszpasterska na osiedlu, popularnie zwana kol\u0119d\u0105. Przypomnijmy, \u017ce na terenie Gaju dzia\u0142aj\u0105 dwie, rzymskokatolickie parafie \u2013 \u015aw. Franiczszka z Asy\u017cu, znajduj\u0105ca si\u0119 przy ulicy Borowskiej oraz\u00a0\u015aw. Ducha z ulicy Bardzkiej. Publikujemy plan tegorocznej kol\u0119dy w osiedlowych parafiach.\u00a0<!--more--><\/p>\n<p>&nbsp;<\/p>\n<p><strong>Parafia \u015awi\u0119tego Franciszka z Asy\u017cu z ulicy Borowskiej<a href=\"http:\/\/www.tvk-gaj.pl\/~gajonline\/wp-content\/uploads\/2014\/12\/koleda-2014.jpg\"><img loading=\"lazy\" decoding=\"async\" class=\"aligncenter size-large wp-image-3914\" src=\"http:\/\/www.tvk-gaj.pl\/~gajonline\/wp-content\/uploads\/2014\/12\/koleda-2014-721x1024.jpg\" alt=\"koleda 2014\" width=\"721\" height=\"1024\" srcset=\"https:\/\/online.tvk-gaj.pl\/wp-content\/uploads\/2014\/12\/koleda-2014-721x1024.jpg 721w, https:\/\/online.tvk-gaj.pl\/wp-content\/uploads\/2014\/12\/koleda-2014-211x300.jpg 211w, https:\/\/online.tvk-gaj.pl\/wp-content\/uploads\/2014\/12\/koleda-2014.jpg 1670w\" sizes=\"auto, (max-width: 721px) 100vw, 721px\" \/><\/a><\/strong><\/p>\n<p>&nbsp;<\/p>\n<p><strong>Parafia \u015awi\u0119tego Ducha z ulicy Bardzkiej\u00a0<\/strong><\/p>\n<p>&nbsp;<\/p>\n<p><a href=\"http:\/\/www.tvk-gaj.pl\/~gajonline\/wp-content\/uploads\/2014\/12\/Zrzut-ekranu-2014-12-28-o-22.56.35_1.png\"><img loading=\"lazy\" decoding=\"async\" class=\"aligncenter size-full wp-image-3915\" src=\"http:\/\/www.tvk-gaj.pl\/~gajonline\/wp-content\/uploads\/2014\/12\/Zrzut-ekranu-2014-12-28-o-22.56.35_1.png\" alt=\"Zrzut ekranu 2014-12-28 o 22.56.35_1\" width=\"638\" height=\"553\" srcset=\"https:\/\/online.tvk-gaj.pl\/wp-content\/uploads\/2014\/12\/Zrzut-ekranu-2014-12-28-o-22.56.35_1.png 638w, https:\/\/online.tvk-gaj.pl\/wp-content\/uploads\/2014\/12\/Zrzut-ekranu-2014-12-28-o-22.56.35_1-300x260.png 300w\" sizes=\"auto, (max-width: 638px) 100vw, 638px\" \/><\/a><\/p>\n<p>&nbsp;<\/p>\n<p>&nbsp;<\/p>\n","protected":false},"excerpt":{"rendered":"<p>Wraz z zako\u0144czeniem si\u0119 \u015awi\u0105t Bo\u017cego Narodzenia rozpocz\u0119\u0142a si\u0119 tegoroczna wizyta duszpasterska na osiedlu, popularnie zwana kol\u0119d\u0105. Przypomnijmy, \u017ce na terenie Gaju dzia\u0142aj\u0105 dwie, rzymskokatolickie parafie \u2013 \u015aw. Franiczszka z Asy\u017cu, znajduj\u0105ca si\u0119 przy ulicy Borowskiej oraz\u00a0\u015aw. Ducha z ulicy Bardzkiej. Publikujemy plan tegorocznej kol\u0119dy w osiedlowych parafiach.\u00a0<\/p>\n","protected":false},"author":1,"featured_media":1525,"comment_status":"open","ping_status":"open","sticky":false,"template":"","format":"standard","meta":{"footnotes":""},"categories":[14],"tags":[112,188,407,409,408,410],"class_list":["post-3913","post","type-post","status-publish","format-standard","has-post-thumbnail","hentry","category-aktualnosci","tag-gaj","tag-koleda-2014","tag-koleda-gaj","tag-parafia-sw-ducha-wroclaw","tag-parafia-sw-franciszka-z-asyzu-wroclaw","tag-wizyta-duszpasterska"],"_links":{"self":[{"href":"https:\/\/online.tvk-gaj.pl\/index.php?rest_route=\/wp\/v2\/posts\/3913","targetHints":{"allow":["GET"]}}],"collection":[{"href":"https:\/\/online.tvk-gaj.pl\/index.php?rest_route=\/wp\/v2\/posts"}],"about":[{"href":"https:\/\/online.tvk-gaj.pl\/index.php?rest_route=\/wp\/v2\/types\/post"}],"author":[{"embeddable":true,"href":"https:\/\/online.tvk-gaj.pl\/index.php?rest_route=\/wp\/v2\/users\/1"}],"replies":[{"embeddable":true,"href":"https:\/\/online.tvk-gaj.pl\/index.php?rest_route=%2Fwp%2Fv2%2Fcomments&post=3913"}],"version-history":[{"count":2,"href":"https:\/\/online.tvk-gaj.pl\/index.php?rest_route=\/wp\/v2\/posts\/3913\/revisions"}],"predecessor-version":[{"id":3917,"href":"https:\/\/online.tvk-gaj.pl\/index.php?rest_route=\/wp\/v2\/posts\/3913\/revisions\/3917"}],"wp:featuredmedia":[{"embeddable":true,"href":"https:\/\/online.tvk-gaj.pl\/index.php?rest_route=\/wp\/v2\/media\/1525"}],"wp:attachment":[{"href":"https:\/\/online.tvk-gaj.pl\/index.php?rest_route=%2Fwp%2Fv2%2Fmedia&parent=3913"}],"wp:term":[{"taxonomy":"category","embeddable":true,"href":"https:\/\/online.tvk-gaj.pl\/index.php?rest_route=%2Fwp%2Fv2%2Fcategories&post=3913"},{"taxonomy":"post_tag","embeddable":true,"href":"https:\/\/online.tvk-gaj.pl\/index.php?rest_route=%2Fwp%2Fv2%2Ftags&post=3913"}],"curies":[{"name":"wp","href":"https:\/\/api.w.org\/{rel}","templated":true}]}}