{"id":3919,"date":"2015-01-19T11:07:11","date_gmt":"2015-01-19T10:07:11","guid":{"rendered":"http:\/\/www.tvk-gaj.pl\/~gajonline\/?p=3919"},"modified":"2015-01-19T11:07:11","modified_gmt":"2015-01-19T10:07:11","slug":"wieczny-plac-budowy-na-armii-krajowej-tu-trenuja-operatorzy-dzwigow","status":"publish","type":"post","link":"https:\/\/online.tvk-gaj.pl\/?p=3919","title":{"rendered":"Wieczny plac budowy na Armii Krajowej. Tu trenuj\u0105 operatorzy d\u017awig\u00f3w"},"content":{"rendered":"<p>S\u0105 jakie\u015b plany zagospodarowania dzia\u0142ki przy alei Armii Krajowej, dok\u0142adnie mi\u0119dzy bazarem a dyskontem Biedronka? Jest tam dosy\u0107 spory plac, ogrodzony i ju\u017c d\u0142ugo nieu\u017cywany. Jest szansa, \u017ce powstanie tam parking, strefa zieleni z placem zabaw? \u2013 pyta nasz Czytelnik Micha\u0142 Lipi\u0144ski. Odpowiedzi na jego pytanie szuka\u0142a reporterka Gazety Wroc\u0142awskiej Weronika Skupin<!--more--><\/p>\n<p>Rzeczywi\u015bcie mi\u0119dzy al. Armii Krajowej, ul. Krynick\u0105 i Orzechow\u0105, pomi\u0119dzy dwoma Biedronkami, jest wieczny plac budowy. Je\u017cd\u017c\u0105 tam koparki, co jaki\u015b czas pojawiaj\u0105 si\u0119 panowie w kaskach, ale \u017caden budynek si\u0119 tam nie wznosi. Rozwiewamy w\u0105tpliwo\u015bci &#8211; na tej dzia\u0142ce nie powstanie ani parking i strefa zieleni, ani \u017cadna inna inwestycja.<\/p>\n<p>&nbsp;<\/p>\n\n\t\t<style type=\"text\/css\">\n\t\t\t#gallery-1 {\n\t\t\t\tmargin: auto;\n\t\t\t}\n\t\t\t#gallery-1 .gallery-item {\n\t\t\t\tfloat: left;\n\t\t\t\tmargin-top: 10px;\n\t\t\t\ttext-align: center;\n\t\t\t\twidth: 50%;\n\t\t\t}\n\t\t\t#gallery-1 img {\n\t\t\t\tborder: 2px solid #cfcfcf;\n\t\t\t}\n\t\t\t#gallery-1 .gallery-caption {\n\t\t\t\tmargin-left: 0;\n\t\t\t}\n\t\t\t\/* see gallery_shortcode() in wp-includes\/media.php *\/\n\t\t<\/style>\n\t\t<div id='gallery-1' class='gallery galleryid-3919 gallery-columns-2 gallery-size-thumbnail'><dl class='gallery-item'>\n\t\t\t<dt class='gallery-icon landscape'>\n\t\t\t\t<a href='https:\/\/online.tvk-gaj.pl\/wp-content\/uploads\/2015\/01\/54bb8adc36cc7_p1.jpg'><img loading=\"lazy\" decoding=\"async\" width=\"150\" height=\"150\" src=\"https:\/\/online.tvk-gaj.pl\/wp-content\/uploads\/2015\/01\/54bb8adc36cc7_p1-150x150.jpg\" class=\"attachment-thumbnail size-thumbnail\" alt=\"\" srcset=\"https:\/\/online.tvk-gaj.pl\/wp-content\/uploads\/2015\/01\/54bb8adc36cc7_p1-150x150.jpg 150w, https:\/\/online.tvk-gaj.pl\/wp-content\/uploads\/2015\/01\/54bb8adc36cc7_p1-160x160.jpg 160w, https:\/\/online.tvk-gaj.pl\/wp-content\/uploads\/2015\/01\/54bb8adc36cc7_p1-240x240.jpg 240w, https:\/\/online.tvk-gaj.pl\/wp-content\/uploads\/2015\/01\/54bb8adc36cc7_p1-60x60.jpg 60w, https:\/\/online.tvk-gaj.pl\/wp-content\/uploads\/2015\/01\/54bb8adc36cc7_p1-184x184.jpg 184w\" sizes=\"auto, (max-width: 150px) 100vw, 150px\" \/><\/a>\n\t\t\t<\/dt><\/dl><dl class='gallery-item'>\n\t\t\t<dt class='gallery-icon landscape'>\n\t\t\t\t<a href='https:\/\/online.tvk-gaj.pl\/wp-content\/uploads\/2015\/01\/54bb8b2daf318_p.jpg'><img loading=\"lazy\" decoding=\"async\" width=\"150\" height=\"150\" src=\"https:\/\/online.tvk-gaj.pl\/wp-content\/uploads\/2015\/01\/54bb8b2daf318_p-150x150.jpg\" class=\"attachment-thumbnail size-thumbnail\" alt=\"\" srcset=\"https:\/\/online.tvk-gaj.pl\/wp-content\/uploads\/2015\/01\/54bb8b2daf318_p-150x150.jpg 150w, https:\/\/online.tvk-gaj.pl\/wp-content\/uploads\/2015\/01\/54bb8b2daf318_p-160x160.jpg 160w, https:\/\/online.tvk-gaj.pl\/wp-content\/uploads\/2015\/01\/54bb8b2daf318_p-240x240.jpg 240w, https:\/\/online.tvk-gaj.pl\/wp-content\/uploads\/2015\/01\/54bb8b2daf318_p-60x60.jpg 60w, https:\/\/online.tvk-gaj.pl\/wp-content\/uploads\/2015\/01\/54bb8b2daf318_p-184x184.jpg 184w\" sizes=\"auto, (max-width: 150px) 100vw, 150px\" \/><\/a>\n\t\t\t<\/dt><\/dl><br style=\"clear: both\" \/><dl class='gallery-item'>\n\t\t\t<dt class='gallery-icon landscape'>\n\t\t\t\t<a href='https:\/\/online.tvk-gaj.pl\/wp-content\/uploads\/2015\/01\/54bb8cdfca367_p.jpg'><img loading=\"lazy\" decoding=\"async\" width=\"150\" height=\"150\" src=\"https:\/\/online.tvk-gaj.pl\/wp-content\/uploads\/2015\/01\/54bb8cdfca367_p-150x150.jpg\" class=\"attachment-thumbnail size-thumbnail\" alt=\"\" srcset=\"https:\/\/online.tvk-gaj.pl\/wp-content\/uploads\/2015\/01\/54bb8cdfca367_p-150x150.jpg 150w, https:\/\/online.tvk-gaj.pl\/wp-content\/uploads\/2015\/01\/54bb8cdfca367_p-160x160.jpg 160w, https:\/\/online.tvk-gaj.pl\/wp-content\/uploads\/2015\/01\/54bb8cdfca367_p-240x240.jpg 240w, https:\/\/online.tvk-gaj.pl\/wp-content\/uploads\/2015\/01\/54bb8cdfca367_p-60x60.jpg 60w, https:\/\/online.tvk-gaj.pl\/wp-content\/uploads\/2015\/01\/54bb8cdfca367_p-184x184.jpg 184w\" sizes=\"auto, (max-width: 150px) 100vw, 150px\" \/><\/a>\n\t\t\t<\/dt><\/dl><dl class='gallery-item'>\n\t\t\t<dt class='gallery-icon landscape'>\n\t\t\t\t<a href='https:\/\/online.tvk-gaj.pl\/wp-content\/uploads\/2015\/01\/54bb8d0b2645a_p.jpg'><img loading=\"lazy\" decoding=\"async\" width=\"150\" height=\"150\" src=\"https:\/\/online.tvk-gaj.pl\/wp-content\/uploads\/2015\/01\/54bb8d0b2645a_p-150x150.jpg\" class=\"attachment-thumbnail size-thumbnail\" alt=\"\" srcset=\"https:\/\/online.tvk-gaj.pl\/wp-content\/uploads\/2015\/01\/54bb8d0b2645a_p-150x150.jpg 150w, https:\/\/online.tvk-gaj.pl\/wp-content\/uploads\/2015\/01\/54bb8d0b2645a_p-160x160.jpg 160w, https:\/\/online.tvk-gaj.pl\/wp-content\/uploads\/2015\/01\/54bb8d0b2645a_p-240x240.jpg 240w, https:\/\/online.tvk-gaj.pl\/wp-content\/uploads\/2015\/01\/54bb8d0b2645a_p-60x60.jpg 60w, https:\/\/online.tvk-gaj.pl\/wp-content\/uploads\/2015\/01\/54bb8d0b2645a_p-184x184.jpg 184w\" sizes=\"auto, (max-width: 150px) 100vw, 150px\" \/><\/a>\n\t\t\t<\/dt><\/dl><br style=\"clear: both\" \/><dl class='gallery-item'>\n\t\t\t<dt class='gallery-icon landscape'>\n\t\t\t\t<a href='https:\/\/online.tvk-gaj.pl\/wp-content\/uploads\/2015\/01\/54bb8da23baaa_p.jpg'><img loading=\"lazy\" decoding=\"async\" width=\"150\" height=\"150\" src=\"https:\/\/online.tvk-gaj.pl\/wp-content\/uploads\/2015\/01\/54bb8da23baaa_p-150x150.jpg\" class=\"attachment-thumbnail size-thumbnail\" alt=\"\" srcset=\"https:\/\/online.tvk-gaj.pl\/wp-content\/uploads\/2015\/01\/54bb8da23baaa_p-150x150.jpg 150w, https:\/\/online.tvk-gaj.pl\/wp-content\/uploads\/2015\/01\/54bb8da23baaa_p-160x160.jpg 160w, https:\/\/online.tvk-gaj.pl\/wp-content\/uploads\/2015\/01\/54bb8da23baaa_p-240x240.jpg 240w, https:\/\/online.tvk-gaj.pl\/wp-content\/uploads\/2015\/01\/54bb8da23baaa_p-60x60.jpg 60w, https:\/\/online.tvk-gaj.pl\/wp-content\/uploads\/2015\/01\/54bb8da23baaa_p-184x184.jpg 184w\" sizes=\"auto, (max-width: 150px) 100vw, 150px\" \/><\/a>\n\t\t\t<\/dt><\/dl>\n\t\t\t<br style='clear: both' \/>\n\t\t<\/div>\n\n<p>&nbsp;<\/p>\n<p>&nbsp;<\/p>\n<p>Teren ten nale\u017cy do O\u015brodka Szkolenia Zawodowego Ochotniczych Hufc\u00f3w Pracy we Wroc\u0142awiu.<br \/>\nJego adres to ul. Orzechowa 2. Szkol\u0105 si\u0119 tam operatorzy d\u017awig\u00f3w, koparek, czy te\u017c koparko-\u0142adowarek. Przyst\u0119puj\u0105 do egzamin\u00f3w w\u0142a\u015bnie na tym placu, gdzie pokonuj\u0105 r\u00f3\u017cne przeszkody terenowe i wykonuj\u0105 ci\u0119\u017ckimi maszynami zadania, jakie stawiaj\u0105 przed nimi egzaminatorzy.<\/p>\n<p>Anita Sierpowska, kierownik dzia\u0142u szkole\u0144 O\u015brodka Szkolenia Zawodowego wylicza, \u017ce przeprowadzane s\u0105 tam egzaminy na koparko-\u0142adowarki, \u0142adowarki, koparki i w\u00f3zki jezdniowe. Operatorzy d\u017awig\u00f3w budowlanych te\u017c si\u0119 tam szkol\u0105, ale do egzamin\u00f3w przyst\u0119puj\u0105 na budowach. Jeszcze rok temu na tej dzia\u0142ce sta\u0142y \u017curawie, ale je przeniesiono.<\/p>\n<p>\u2013 Po pierwsze tutaj tak wielkie maszyny si\u0119 marnowa\u0142y, by\u0142y u\u017cywane tylko do szkole\u0144. Po drugie na tej dzia\u0142ce nie ma \u017cadnej budowli, a podczas egzaminu praktycznego egzaminowani musz\u0105 przenosi\u0107 ro\u017cne \u0142adunki na budowie. Dlatego egzaminy praktyczne przeprowadza si\u0119 teraz gdzie indziej, w warunkach prawdziwej budowy \u2013 opowiada Anita Sierpowska.<\/p>\n<p>Szkolenia odbywaj\u0105 si\u0119 w grupach 13-osobowych. Obecnie trwaj\u0105 zapisy na kurs na koparko-\u0142adowarki, kt\u00f3ry odb\u0119dzie si\u0119 w lutym.<\/p>\n<p>By zosta\u0107 operatorem d\u017awigu, w\u00f3zka wid\u0142owego czy koparki, trzeba zdoby\u0107 odpowiednie uprawnienia. Takie w\u0142a\u015bnie dokumenty mo\u017cna uzyska\u0107 w o\u015brodku szkolenia przy Orzechowej. Jest to do\u015b\u0107 oblegany pa\u0144stwowy o\u015brodek. S\u0105 te\u017c takie prywatne. Gdy przejdzie si\u0119 szkolenie, mo\u017cna przyst\u0105pi\u0107 do zdawania testu praktycznego, a egzaminowanym si\u0119 jest przez trzyosobow\u0105 komisj\u0119. Gdy zda si\u0119 taki egzamin, otrzymuje si\u0119 ksi\u0105\u017ceczk\u0119 operatora maszyn budowlanych.<\/p>\n<p>Ka\u017cdy kurs jest p\u0142atny, na przyk\u0142ad taki na kopark\u0119 czy koparko-\u0142adowark\u0119 kosztuje 1600 z\u0142. S\u0105 tak\u017ce programy dofinansowywane z Unii Europejskiej, jak na przyk\u0142ad ten dla m\u0142odzie\u017cy w wieku 18-26 lat. Tak\u017ce urz\u0119dy pracy dofinansowuj\u0105 takie kursy. Czasami pracodawca wysy\u0142a na nie swoich pracownik\u00f3w, by doszkolili si\u0119 w obs\u0142udze jakiej\u015b maszyny.<\/p>\n<div class='et-learn-more clearfix'>\n\t\t\t\t\t<h3 class='heading-more'>\u0179r\u00f3d\u0142o<span class='et_learnmore_arrow'><span><\/span><\/span><\/h3>\n\t\t\t\t\t<div class='learn-more-content'>Autor: Weronika Skupin \u0179r\u00f3d\u0142o: http:\/\/www.gazetawroclawska.pl\/artykul\/3717992,wroclaw-wieczny-plac-budowy-na-armii-krajowej-tu-trenuja-operatorzy-dzwigow-zdjecia,id,t.html<\/div>\n\t\t\t\t<\/div>\n<p>&nbsp;<\/p>\n","protected":false},"excerpt":{"rendered":"<p>S\u0105 jakie\u015b plany zagospodarowania dzia\u0142ki przy alei Armii Krajowej, dok\u0142adnie mi\u0119dzy bazarem a dyskontem Biedronka? Jest tam dosy\u0107 spory plac, ogrodzony i ju\u017c d\u0142ugo nieu\u017cywany. Jest szansa, \u017ce powstanie tam parking, strefa zieleni z placem zabaw? \u2013 pyta nasz Czytelnik Micha\u0142 Lipi\u0144ski. Odpowiedzi na jego pytanie szuka\u0142a reporterka Gazety Wroc\u0142awskiej Weronika Skupin<\/p>\n","protected":false},"author":1,"featured_media":3920,"comment_status":"open","ping_status":"open","sticky":false,"template":"","format":"standard","meta":{"footnotes":""},"categories":[14,12],"tags":[411,412],"class_list":["post-3919","post","type-post","status-publish","format-standard","has-post-thumbnail","hentry","category-aktualnosci","category-artykuly","tag-armii-krajowej-2","tag-wieczny-plac-budowy-na-gaju"],"_links":{"self":[{"href":"https:\/\/online.tvk-gaj.pl\/index.php?rest_route=\/wp\/v2\/posts\/3919","targetHints":{"allow":["GET"]}}],"collection":[{"href":"https:\/\/online.tvk-gaj.pl\/index.php?rest_route=\/wp\/v2\/posts"}],"about":[{"href":"https:\/\/online.tvk-gaj.pl\/index.php?rest_route=\/wp\/v2\/types\/post"}],"author":[{"embeddable":true,"href":"https:\/\/online.tvk-gaj.pl\/index.php?rest_route=\/wp\/v2\/users\/1"}],"replies":[{"embeddable":true,"href":"https:\/\/online.tvk-gaj.pl\/index.php?rest_route=%2Fwp%2Fv2%2Fcomments&post=3919"}],"version-history":[{"count":2,"href":"https:\/\/online.tvk-gaj.pl\/index.php?rest_route=\/wp\/v2\/posts\/3919\/revisions"}],"predecessor-version":[{"id":3927,"href":"https:\/\/online.tvk-gaj.pl\/index.php?rest_route=\/wp\/v2\/posts\/3919\/revisions\/3927"}],"wp:featuredmedia":[{"embeddable":true,"href":"https:\/\/online.tvk-gaj.pl\/index.php?rest_route=\/wp\/v2\/media\/3920"}],"wp:attachment":[{"href":"https:\/\/online.tvk-gaj.pl\/index.php?rest_route=%2Fwp%2Fv2%2Fmedia&parent=3919"}],"wp:term":[{"taxonomy":"category","embeddable":true,"href":"https:\/\/online.tvk-gaj.pl\/index.php?rest_route=%2Fwp%2Fv2%2Fcategories&post=3919"},{"taxonomy":"post_tag","embeddable":true,"href":"https:\/\/online.tvk-gaj.pl\/index.php?rest_route=%2Fwp%2Fv2%2Ftags&post=3919"}],"curies":[{"name":"wp","href":"https:\/\/api.w.org\/{rel}","templated":true}]}}