{"id":3929,"date":"2015-02-10T19:24:39","date_gmt":"2015-02-10T18:24:39","guid":{"rendered":"http:\/\/www.tvk-gaj.pl\/~gajonline\/?p=3929"},"modified":"2015-02-10T19:24:39","modified_gmt":"2015-02-10T18:24:39","slug":"146-pojedzie-czesciej","status":"publish","type":"post","link":"https:\/\/online.tvk-gaj.pl\/?p=3929","title":{"rendered":"146 pojedzie cz\u0119\u015bciej."},"content":{"rendered":"<p>Od marca 2015r. (tj. poniedzia\u0142ek) zmianie ulegnie cz\u0119stotliwo\u015b\u0107 kursowania autobus\u00f3w linii 146 na trasie Gaj-Wielka Wyspa. MPK zwi\u0119ksza cz\u0119stotliwo\u015b\u0107 rejs\u00f3w w dni robocze. Informacja ta z pewno\u015bci\u0105 ucieszy wielu mieszka\u0144c\u00f3w osiedla, kt\u00f3rzy narzekali na zbyt du\u017ce przepe\u0142nienie pojazd\u00f3w w godzinach porannych i popo\u0142udniowych szczyt\u00f3w komunikacyjnych.<!--more--><\/p>\n<p><strong><br \/>\nAutobusy b\u0119d\u0105 kursowa\u0142y z cz\u0119stotliwo\u015bci\u0105:<br \/>\n<\/strong><br \/>\n&#8211; w godzinach 5:00 &#8211; 6:00 co 20 minut;<br \/>\n&#8211; w godzinach 6:00 &#8211; 8:00 co 15 minut przy uwzgl\u0119dnieniu dodatkowych kurs\u00f3w realizowanych wg obecnego rozk\u0142adu jazdy;<br \/>\n&#8211; w godzinach 8:00 &#8211; 14:30 co 15 minut;<br \/>\n&#8211; w godzinach 14:30 &#8211; 19:00 co 15 minut;<br \/>\n&#8211; w godzinach 19:00 &#8211; 23:00 co 30 minut.<\/p>\n<p>&nbsp;<\/p>\n<p><a href=\"http:\/\/www.tvk-gaj.pl\/~gajonline\/wp-content\/uploads\/2015\/02\/mpk.png\"><img loading=\"lazy\" decoding=\"async\" class=\"aligncenter size-full wp-image-3930\" src=\"http:\/\/www.tvk-gaj.pl\/~gajonline\/wp-content\/uploads\/2015\/02\/mpk.png\" alt=\"mpk\" width=\"778\" height=\"460\" srcset=\"https:\/\/online.tvk-gaj.pl\/wp-content\/uploads\/2015\/02\/mpk.png 778w, https:\/\/online.tvk-gaj.pl\/wp-content\/uploads\/2015\/02\/mpk-300x177.png 300w\" sizes=\"auto, (max-width: 778px) 100vw, 778px\" \/><\/a><\/p>\n<p>&nbsp;<\/p>\n<p>Obecnie po\u0142\u0105czenie Osiedla Gaj z pl. Grunwaldzkim zapewniaj\u0105 autobusy linii\u00a0145 i 146.<\/p>\n<p>Dzi\u0119ki zmianie rozk\u0142ad\u00f3w oferta MPK b\u0119dzie wzbogacona w okresie mi\u0119dzyszczytowym o dodatkowe 2 autobusy w ci\u0105gu godziny. Mieszka\u0144cy Gaju\u00a0korzystaj\u0105cy z linii 145 i 146 b\u0119d\u0105 mieli do dyspozycji pojazd w kierunku pl. Grunwaldzkiego \u015brednio co\u00a07,5 minuty.<\/p>\n<p>&nbsp;<\/p>\n<p>&nbsp;<\/p>\n","protected":false},"excerpt":{"rendered":"<p>Od marca 2015r. (tj. poniedzia\u0142ek) zmianie ulegnie cz\u0119stotliwo\u015b\u0107 kursowania autobus\u00f3w linii 146 na trasie Gaj-Wielka Wyspa. MPK zwi\u0119ksza cz\u0119stotliwo\u015b\u0107 rejs\u00f3w w dni robocze. Informacja ta z pewno\u015bci\u0105 ucieszy wielu mieszka\u0144c\u00f3w osiedla, kt\u00f3rzy narzekali na zbyt du\u017ce przepe\u0142nienie pojazd\u00f3w w godzinach porannych i popo\u0142udniowych szczyt\u00f3w komunikacyjnych.<\/p>\n","protected":false},"author":1,"featured_media":3930,"comment_status":"open","ping_status":"open","sticky":false,"template":"","format":"standard","meta":{"footnotes":""},"categories":[14,12],"tags":[416,414,415,112,413,417],"class_list":["post-3929","post","type-post","status-publish","format-standard","has-post-thumbnail","hentry","category-aktualnosci","category-artykuly","tag-416","tag-autobus-gaj","tag-autobusy","tag-gaj","tag-mpk-wroclaw","tag-zmiana-rozkladu-jazdy"],"_links":{"self":[{"href":"https:\/\/online.tvk-gaj.pl\/index.php?rest_route=\/wp\/v2\/posts\/3929","targetHints":{"allow":["GET"]}}],"collection":[{"href":"https:\/\/online.tvk-gaj.pl\/index.php?rest_route=\/wp\/v2\/posts"}],"about":[{"href":"https:\/\/online.tvk-gaj.pl\/index.php?rest_route=\/wp\/v2\/types\/post"}],"author":[{"embeddable":true,"href":"https:\/\/online.tvk-gaj.pl\/index.php?rest_route=\/wp\/v2\/users\/1"}],"replies":[{"embeddable":true,"href":"https:\/\/online.tvk-gaj.pl\/index.php?rest_route=%2Fwp%2Fv2%2Fcomments&post=3929"}],"version-history":[{"count":1,"href":"https:\/\/online.tvk-gaj.pl\/index.php?rest_route=\/wp\/v2\/posts\/3929\/revisions"}],"predecessor-version":[{"id":3931,"href":"https:\/\/online.tvk-gaj.pl\/index.php?rest_route=\/wp\/v2\/posts\/3929\/revisions\/3931"}],"wp:featuredmedia":[{"embeddable":true,"href":"https:\/\/online.tvk-gaj.pl\/index.php?rest_route=\/wp\/v2\/media\/3930"}],"wp:attachment":[{"href":"https:\/\/online.tvk-gaj.pl\/index.php?rest_route=%2Fwp%2Fv2%2Fmedia&parent=3929"}],"wp:term":[{"taxonomy":"category","embeddable":true,"href":"https:\/\/online.tvk-gaj.pl\/index.php?rest_route=%2Fwp%2Fv2%2Fcategories&post=3929"},{"taxonomy":"post_tag","embeddable":true,"href":"https:\/\/online.tvk-gaj.pl\/index.php?rest_route=%2Fwp%2Fv2%2Ftags&post=3929"}],"curies":[{"name":"wp","href":"https:\/\/api.w.org\/{rel}","templated":true}]}}