{"id":3932,"date":"2015-02-12T22:14:02","date_gmt":"2015-02-12T21:14:02","guid":{"rendered":"http:\/\/www.tvk-gaj.pl\/~gajonline\/?p=3932"},"modified":"2015-02-12T22:15:02","modified_gmt":"2015-02-12T21:15:02","slug":"wroclawski-budzet-obywatelski-2015-zapraszamy-na-warsztaty","status":"publish","type":"post","link":"https:\/\/online.tvk-gaj.pl\/?p=3932","title":{"rendered":"Wroc\u0142awski Bud\u017cet Obywatelski 2015 &#8211; zapraszamy na warsztaty!"},"content":{"rendered":"<p>Wystartowa\u0142a nowa edycja Wroc\u0142awskiego Bud\u017cetu obywatelskiego na rok 2015! Rada Osiedla Gaj zaprasza na warsztaty po\u015bwi\u0119cone tegorocznej edycji WBO, kt\u00f3re odb\u0119d\u0105 si\u0119 w poniedzia\u0142ek, 16 lutego o godzinie 18:00 w siedzibie RO przy ul. Krynickiej 80.<!--more--><br \/>\nJe\u017celi jeste\u015b autorem projektu z zesz\u0142ego roku b\u0105d\u017a my\u015blisz o zg\u0142oszeniu w\u0142asnego projektu w tym roku to zapraszamy do wsp\u00f3\u0142pracy z Rad\u0105 Osiedla GAJ!<\/p>\n<p><a href=\"http:\/\/www.tvk-gaj.pl\/~gajonline\/wp-content\/uploads\/2015\/02\/wroclawski-budzet-obywatelski-2015.1.jpg\"><img loading=\"lazy\" decoding=\"async\" class=\"aligncenter size-full wp-image-3933\" src=\"http:\/\/www.tvk-gaj.pl\/~gajonline\/wp-content\/uploads\/2015\/02\/wroclawski-budzet-obywatelski-2015.1.jpg\" alt=\"wroclawski-budzet-obywatelski-2015.1\" width=\"630\" height=\"350\" srcset=\"https:\/\/online.tvk-gaj.pl\/wp-content\/uploads\/2015\/02\/wroclawski-budzet-obywatelski-2015.1.jpg 630w, https:\/\/online.tvk-gaj.pl\/wp-content\/uploads\/2015\/02\/wroclawski-budzet-obywatelski-2015.1-300x166.jpg 300w\" sizes=\"auto, (max-width: 630px) 100vw, 630px\" \/><\/a><\/p>\n<p>&nbsp;<\/p>\n<p>Wszystkich zainteresowanych WBO zapraszamy na warsztaty prowadzone przez Rad\u0119 Osiedla Gaj &#8211; opowiemy o zasadach i wsp\u00f3lnie zdecydujemy, jakie projekty zg\u0142asza\u0107 z naszego osiedla. Spotkanie odb\u0119dzie si\u0119 w poniedzia\u0142ek 16 lutego o godzinie 18.00 w siedzibie Rady na ul. Krynickiej 80.<\/p>\n<p>Serdecznie zapraszamy!<\/p>\n<p>&nbsp;<\/p>\n","protected":false},"excerpt":{"rendered":"<p>Wystartowa\u0142a nowa edycja Wroc\u0142awskiego Bud\u017cetu obywatelskiego na rok 2015! Rada Osiedla Gaj zaprasza na warsztaty po\u015bwi\u0119cone tegorocznej edycji WBO, kt\u00f3re odb\u0119d\u0105 si\u0119 w poniedzia\u0142ek, 16 lutego o godzinie 18:00 w siedzibie RO przy ul. Krynickiej 80.<\/p>\n","protected":false},"author":1,"featured_media":3933,"comment_status":"open","ping_status":"open","sticky":false,"template":"","format":"standard","meta":{"footnotes":""},"categories":[14],"tags":[112,135,419,165,418],"class_list":["post-3932","post","type-post","status-publish","format-standard","has-post-thumbnail","hentry","category-aktualnosci","tag-gaj","tag-rada-osiedla-gaj","tag-wbo-2015","tag-wroclaw","tag-wroclawski-budzet-obywatelski-2015"],"_links":{"self":[{"href":"https:\/\/online.tvk-gaj.pl\/index.php?rest_route=\/wp\/v2\/posts\/3932","targetHints":{"allow":["GET"]}}],"collection":[{"href":"https:\/\/online.tvk-gaj.pl\/index.php?rest_route=\/wp\/v2\/posts"}],"about":[{"href":"https:\/\/online.tvk-gaj.pl\/index.php?rest_route=\/wp\/v2\/types\/post"}],"author":[{"embeddable":true,"href":"https:\/\/online.tvk-gaj.pl\/index.php?rest_route=\/wp\/v2\/users\/1"}],"replies":[{"embeddable":true,"href":"https:\/\/online.tvk-gaj.pl\/index.php?rest_route=%2Fwp%2Fv2%2Fcomments&post=3932"}],"version-history":[{"count":2,"href":"https:\/\/online.tvk-gaj.pl\/index.php?rest_route=\/wp\/v2\/posts\/3932\/revisions"}],"predecessor-version":[{"id":3935,"href":"https:\/\/online.tvk-gaj.pl\/index.php?rest_route=\/wp\/v2\/posts\/3932\/revisions\/3935"}],"wp:featuredmedia":[{"embeddable":true,"href":"https:\/\/online.tvk-gaj.pl\/index.php?rest_route=\/wp\/v2\/media\/3933"}],"wp:attachment":[{"href":"https:\/\/online.tvk-gaj.pl\/index.php?rest_route=%2Fwp%2Fv2%2Fmedia&parent=3932"}],"wp:term":[{"taxonomy":"category","embeddable":true,"href":"https:\/\/online.tvk-gaj.pl\/index.php?rest_route=%2Fwp%2Fv2%2Fcategories&post=3932"},{"taxonomy":"post_tag","embeddable":true,"href":"https:\/\/online.tvk-gaj.pl\/index.php?rest_route=%2Fwp%2Fv2%2Ftags&post=3932"}],"curies":[{"name":"wp","href":"https:\/\/api.w.org\/{rel}","templated":true}]}}