{"id":3965,"date":"2015-02-28T12:46:17","date_gmt":"2015-02-28T11:46:17","guid":{"rendered":"http:\/\/www.tvk-gaj.pl\/~gajonline\/?p=3965"},"modified":"2015-05-04T11:40:49","modified_gmt":"2015-05-04T09:40:49","slug":"od-marca-rusza-klub-seniora-na-gaju","status":"publish","type":"post","link":"https:\/\/online.tvk-gaj.pl\/?p=3965","title":{"rendered":"Od marca rusza Klub Seniora na Gaju!"},"content":{"rendered":"<p>Mi\u0142o nam zakomunikowa\u0107, i\u017ci od marca rozpoczyna dzia\u0142alno\u015b\u0107 Klub Seniora na Gaju! Zapraszamy na pierwsze spotkanie klubu!<\/p>\n<p><!--more--><\/p>\n<p>Pierwsze spotkanie klubu odb\u0119dzie si\u0119 w najbli\u017cszy czwartek, tj. 5 marca, w godzinach 17-19 na terenie SP Nr 90 przy ul. Orzechowej (sala nr 5).<\/p>\n<p>&nbsp;<\/p>\n<p><a href=\"http:\/\/www.tvk-gaj.pl\/~gajonline\/wp-content\/uploads\/2015\/02\/plakat-Klub-Seniora.jpg\"><img loading=\"lazy\" decoding=\"async\" class=\"aligncenter size-large wp-image-3966\" src=\"http:\/\/www.tvk-gaj.pl\/~gajonline\/wp-content\/uploads\/2015\/02\/plakat-Klub-Seniora-724x1024.jpg\" alt=\"plakat Klub Seniora\" width=\"724\" height=\"1024\" srcset=\"https:\/\/online.tvk-gaj.pl\/wp-content\/uploads\/2015\/02\/plakat-Klub-Seniora-724x1024.jpg 724w, https:\/\/online.tvk-gaj.pl\/wp-content\/uploads\/2015\/02\/plakat-Klub-Seniora-212x300.jpg 212w\" sizes=\"auto, (max-width: 724px) 100vw, 724px\" \/><\/a><br \/>\nKlub b\u0119dzie czynny raz w tygodniu, oferuj\u0105c dwu godzinne spotkania dla senior\u00f3w z terenu osiedla.<br \/>\nNa ka\u017cdym spotkaniu przewidziane s\u0105 r\u00f3\u017cnego rodzaju zaj\u0119cia (np. warsztaty ceramiczne, prelekcje zaproszonych go\u015bci). Ponadto atmosfer\u0119 umila\u0107 b\u0119d\u0105 kawa, herbata, ciastka, kt\u00f3re dost\u0119pne b\u0119d\u0105 do dyspozycji klubowicz\u00f3w. Klub b\u0119dzie otwarty dla ka\u017cdego ch\u0119tnego, kt\u00f3ry chce przyj\u015b\u0107 i aktywnie sp\u0119dzi\u0107 czas.<\/p>\n<p>Serdecznie zapraszamy wszystkich senior\u00f3w z naszego osiedla!<\/p>\n","protected":false},"excerpt":{"rendered":"<p>Mi\u0142o nam zakomunikowa\u0107, i\u017ci od marca rozpoczyna dzia\u0142alno\u015b\u0107 Klub Seniora na Gaju! Zapraszamy na pierwsze spotkanie klubu!<\/p>\n","protected":false},"author":1,"featured_media":3981,"comment_status":"open","ping_status":"open","sticky":false,"template":"","format":"standard","meta":{"footnotes":""},"categories":[14,12,441],"tags":[112,422,421,323,135,424,423,152,425],"class_list":["post-3965","post","type-post","status-publish","format-standard","has-post-thumbnail","hentry","category-aktualnosci","category-artykuly","category-klub","tag-gaj","tag-klub","tag-klub-seniora-na-gaju","tag-na-gaju","tag-rada-osiedla-gaj","tag-senior","tag-seniora","tag-seniorzy","tag-spotkania-dla-seniorow"],"_links":{"self":[{"href":"https:\/\/online.tvk-gaj.pl\/index.php?rest_route=\/wp\/v2\/posts\/3965","targetHints":{"allow":["GET"]}}],"collection":[{"href":"https:\/\/online.tvk-gaj.pl\/index.php?rest_route=\/wp\/v2\/posts"}],"about":[{"href":"https:\/\/online.tvk-gaj.pl\/index.php?rest_route=\/wp\/v2\/types\/post"}],"author":[{"embeddable":true,"href":"https:\/\/online.tvk-gaj.pl\/index.php?rest_route=\/wp\/v2\/users\/1"}],"replies":[{"embeddable":true,"href":"https:\/\/online.tvk-gaj.pl\/index.php?rest_route=%2Fwp%2Fv2%2Fcomments&post=3965"}],"version-history":[{"count":1,"href":"https:\/\/online.tvk-gaj.pl\/index.php?rest_route=\/wp\/v2\/posts\/3965\/revisions"}],"predecessor-version":[{"id":3967,"href":"https:\/\/online.tvk-gaj.pl\/index.php?rest_route=\/wp\/v2\/posts\/3965\/revisions\/3967"}],"wp:featuredmedia":[{"embeddable":true,"href":"https:\/\/online.tvk-gaj.pl\/index.php?rest_route=\/wp\/v2\/media\/3981"}],"wp:attachment":[{"href":"https:\/\/online.tvk-gaj.pl\/index.php?rest_route=%2Fwp%2Fv2%2Fmedia&parent=3965"}],"wp:term":[{"taxonomy":"category","embeddable":true,"href":"https:\/\/online.tvk-gaj.pl\/index.php?rest_route=%2Fwp%2Fv2%2Fcategories&post=3965"},{"taxonomy":"post_tag","embeddable":true,"href":"https:\/\/online.tvk-gaj.pl\/index.php?rest_route=%2Fwp%2Fv2%2Ftags&post=3965"}],"curies":[{"name":"wp","href":"https:\/\/api.w.org\/{rel}","templated":true}]}}