{"id":3974,"date":"2015-04-04T00:59:25","date_gmt":"2015-04-03T22:59:25","guid":{"rendered":"http:\/\/www.tvk-gaj.pl\/~gajonline\/?p=3974"},"modified":"2015-04-05T01:04:12","modified_gmt":"2015-04-04T23:04:12","slug":"wesolych-swiat-wielkanocnych-2","status":"publish","type":"post","link":"https:\/\/online.tvk-gaj.pl\/?p=3974","title":{"rendered":"Weso\u0142ych \u015awi\u0105t Wielkanocnych"},"content":{"rendered":"<p>Z okazji nadchodz\u0105cych \u015awi\u0105t Zmartwychwstania Pa\u0144skiego sk\u0142adamy wszystkim naszym Czytelnikom, Mieszka\u0144com Gaju oraz jego Sympatykom najserdeczniejsze \u017cyczenia pogodnych, radosnych i pe\u0142nych mi\u0142o\u015bci \u015awi\u0105t Wielkiej Nocy.<br \/>\nNiech ten szczeg\u00f3lny czas up\u0142ynie w ciep\u0142ej, rodzinnej atmosferze oraz niech rado\u015b\u0107 i optymizm towarzysz\u0105cy Wielkiej Nocy stanie si\u0119 naszym udzia\u0142em nie tylko w nadchodz\u0105cych dniach, ale i na co dzie\u0144. Oraz tradycyjnie \u017cyczymy mokrego dyngusa oraz smacznego jajka:)<\/p>\n<p>\u017bycz\u0105 Piotr Nawrotek &#8211; Redaktor naczelny GajOnline\u00a0oraz Radni Rady Osiedla GAJ!<\/p>\n<p>&nbsp;<\/p>\n<p>&nbsp;<\/p>\n","protected":false},"excerpt":{"rendered":"<p>Z okazji nadchodz\u0105cych \u015awi\u0105t Zmartwychwstania Pa\u0144skiego sk\u0142adamy wszystkim naszym Czytelnikom, Mieszka\u0144com Gaju oraz jego Sympatykom najserdeczniejsze \u017cyczenia pogodnych, radosnych i pe\u0142nych mi\u0142o\u015bci \u015awi\u0105t Wielkiej Nocy. Niech ten szczeg\u00f3lny czas up\u0142ynie w ciep\u0142ej, rodzinnej atmosferze oraz niech rado\u015b\u0107 i optymizm towarzysz\u0105cy Wielkiej Nocy stanie si\u0119 naszym udzia\u0142em nie tylko w nadchodz\u0105cych dniach, ale i na co [&hellip;]<\/p>\n","protected":false},"author":1,"featured_media":817,"comment_status":"open","ping_status":"open","sticky":false,"template":"","format":"standard","meta":{"footnotes":""},"categories":[14],"tags":[185,256,426],"class_list":["post-3974","post","type-post","status-publish","format-standard","has-post-thumbnail","hentry","category-aktualnosci","tag-swieta","tag-wielkanoc","tag-wielkanoc-2015"],"_links":{"self":[{"href":"https:\/\/online.tvk-gaj.pl\/index.php?rest_route=\/wp\/v2\/posts\/3974","targetHints":{"allow":["GET"]}}],"collection":[{"href":"https:\/\/online.tvk-gaj.pl\/index.php?rest_route=\/wp\/v2\/posts"}],"about":[{"href":"https:\/\/online.tvk-gaj.pl\/index.php?rest_route=\/wp\/v2\/types\/post"}],"author":[{"embeddable":true,"href":"https:\/\/online.tvk-gaj.pl\/index.php?rest_route=\/wp\/v2\/users\/1"}],"replies":[{"embeddable":true,"href":"https:\/\/online.tvk-gaj.pl\/index.php?rest_route=%2Fwp%2Fv2%2Fcomments&post=3974"}],"version-history":[{"count":3,"href":"https:\/\/online.tvk-gaj.pl\/index.php?rest_route=\/wp\/v2\/posts\/3974\/revisions"}],"predecessor-version":[{"id":3977,"href":"https:\/\/online.tvk-gaj.pl\/index.php?rest_route=\/wp\/v2\/posts\/3974\/revisions\/3977"}],"wp:featuredmedia":[{"embeddable":true,"href":"https:\/\/online.tvk-gaj.pl\/index.php?rest_route=\/wp\/v2\/media\/817"}],"wp:attachment":[{"href":"https:\/\/online.tvk-gaj.pl\/index.php?rest_route=%2Fwp%2Fv2%2Fmedia&parent=3974"}],"wp:term":[{"taxonomy":"category","embeddable":true,"href":"https:\/\/online.tvk-gaj.pl\/index.php?rest_route=%2Fwp%2Fv2%2Fcategories&post=3974"},{"taxonomy":"post_tag","embeddable":true,"href":"https:\/\/online.tvk-gaj.pl\/index.php?rest_route=%2Fwp%2Fv2%2Ftags&post=3974"}],"curies":[{"name":"wp","href":"https:\/\/api.w.org\/{rel}","templated":true}]}}