{"id":3980,"date":"2015-04-14T11:19:03","date_gmt":"2015-04-14T09:19:03","guid":{"rendered":"http:\/\/www.tvk-gaj.pl\/~gajonline\/?p=3980"},"modified":"2015-05-04T11:40:39","modified_gmt":"2015-05-04T09:40:39","slug":"plan-spotkan-klubu-seniora-na-gaju-na-kwiecien","status":"publish","type":"post","link":"https:\/\/online.tvk-gaj.pl\/?p=3980","title":{"rendered":"Plan spotka\u0144 Klubu Seniora na Gaju na kwiecie\u0144"},"content":{"rendered":"<p>Serdecznie zapraszamy wszystkich senior\u00f3w osiedla do Klubu Seniora dzia\u0142aj\u0105cego przy Radzie Osiedla Gaj! Prezentujemy plan spotka\u0144 na kwiecie\u0144. <!--more--><\/p>\n<p>Mi\u0142o nam poinformowa\u0107, \u017ce spotkania Klubu ciesz\u0105 si\u0119 coraz wi\u0119ksz\u0105 popularno\u015bci\u0105. Na minionym spotkaniu go\u015bcili\u015bmy 93-letni\u0105 mieszkank\u0119 Gaju, kt\u00f3ra&#8230;doskonale si\u0119 bawi\u0142a. Ju\u017c wkr\u00f3tce wi\u0119cej informacji na temat dzia\u0142alno\u015bci Klubu Seniora na Gaju!<\/p>\n<p>&nbsp;<\/p>\n<p><a href=\"http:\/\/www.tvk-gaj.pl\/~gajonline\/wp-content\/uploads\/2015\/04\/klubseniorakwiecien.jpg\"><img loading=\"lazy\" decoding=\"async\" class=\"aligncenter size-full wp-image-3982\" src=\"http:\/\/www.tvk-gaj.pl\/~gajonline\/wp-content\/uploads\/2015\/04\/klubseniorakwiecien.jpg\" alt=\"klubseniorakwiecien\" width=\"691\" height=\"470\" srcset=\"https:\/\/online.tvk-gaj.pl\/wp-content\/uploads\/2015\/04\/klubseniorakwiecien.jpg 691w, https:\/\/online.tvk-gaj.pl\/wp-content\/uploads\/2015\/04\/klubseniorakwiecien-300x204.jpg 300w, https:\/\/online.tvk-gaj.pl\/wp-content\/uploads\/2015\/04\/klubseniorakwiecien-140x94.jpg 140w\" sizes=\"auto, (max-width: 691px) 100vw, 691px\" \/><\/a><\/p>\n<p>&nbsp;<\/p>\n<p><strong>Spotkania odbywaj\u0105 si\u0119 w Szkole Podstawowej Nr 90 przy ul. Orzechowej 62 w sali nr 5 w ka\u017cdy czwartek od godziny 17:00 do godziny 19:00!\u00a0<\/strong><\/p>\n<p>Serdecznie zapraszamy wszystkich senior\u00f3w!<\/p>\n<p>&nbsp;<\/p>\n<p>&nbsp;<\/p>\n","protected":false},"excerpt":{"rendered":"<p>Serdecznie zapraszamy wszystkich senior\u00f3w osiedla do Klubu Seniora dzia\u0142aj\u0105cego przy Radzie Osiedla Gaj! Prezentujemy plan spotka\u0144 na kwiecie\u0144.<\/p>\n","protected":false},"author":1,"featured_media":3981,"comment_status":"open","ping_status":"open","sticky":false,"template":"","format":"standard","meta":{"footnotes":""},"categories":[14,441],"tags":[427,421,135,152,165],"class_list":["post-3980","post","type-post","status-publish","format-standard","has-post-thumbnail","hentry","category-aktualnosci","category-klub","tag-klub-seniora-gaj","tag-klub-seniora-na-gaju","tag-rada-osiedla-gaj","tag-seniorzy","tag-wroclaw"],"_links":{"self":[{"href":"https:\/\/online.tvk-gaj.pl\/index.php?rest_route=\/wp\/v2\/posts\/3980","targetHints":{"allow":["GET"]}}],"collection":[{"href":"https:\/\/online.tvk-gaj.pl\/index.php?rest_route=\/wp\/v2\/posts"}],"about":[{"href":"https:\/\/online.tvk-gaj.pl\/index.php?rest_route=\/wp\/v2\/types\/post"}],"author":[{"embeddable":true,"href":"https:\/\/online.tvk-gaj.pl\/index.php?rest_route=\/wp\/v2\/users\/1"}],"replies":[{"embeddable":true,"href":"https:\/\/online.tvk-gaj.pl\/index.php?rest_route=%2Fwp%2Fv2%2Fcomments&post=3980"}],"version-history":[{"count":1,"href":"https:\/\/online.tvk-gaj.pl\/index.php?rest_route=\/wp\/v2\/posts\/3980\/revisions"}],"predecessor-version":[{"id":3983,"href":"https:\/\/online.tvk-gaj.pl\/index.php?rest_route=\/wp\/v2\/posts\/3980\/revisions\/3983"}],"wp:featuredmedia":[{"embeddable":true,"href":"https:\/\/online.tvk-gaj.pl\/index.php?rest_route=\/wp\/v2\/media\/3981"}],"wp:attachment":[{"href":"https:\/\/online.tvk-gaj.pl\/index.php?rest_route=%2Fwp%2Fv2%2Fmedia&parent=3980"}],"wp:term":[{"taxonomy":"category","embeddable":true,"href":"https:\/\/online.tvk-gaj.pl\/index.php?rest_route=%2Fwp%2Fv2%2Fcategories&post=3980"},{"taxonomy":"post_tag","embeddable":true,"href":"https:\/\/online.tvk-gaj.pl\/index.php?rest_route=%2Fwp%2Fv2%2Ftags&post=3980"}],"curies":[{"name":"wp","href":"https:\/\/api.w.org\/{rel}","templated":true}]}}