{"id":4000,"date":"2015-04-25T10:33:56","date_gmt":"2015-04-25T08:33:56","guid":{"rendered":"http:\/\/www.tvk-gaj.pl\/~gajonline\/?p=4000"},"modified":"2015-05-04T11:40:30","modified_gmt":"2015-05-04T09:40:30","slug":"spotkanie-z-dietetykiem-w-klubie-seniora-na-gaju","status":"publish","type":"post","link":"https:\/\/online.tvk-gaj.pl\/?p=4000","title":{"rendered":"Spotkanie z dietetykiem w Klubie Seniora na Gaju"},"content":{"rendered":"<p>Zapraszamy na najbli\u017csze spotkanie Klubu Seniora na Gaju. G\u0142\u00f3wnym punktem programu b\u0119dzie darmowe spotkanie z dietetykiem!<!--more--><\/p>\n<p>&nbsp;<\/p>\n<p>Zapraszamy na najbli\u017csze spotkanie Klubu Seniora na Gaju. G\u0142\u00f3wnym punktem programu b\u0119dzie spotkanie z dietetykiem, kt\u00f3ry nieodp\u0142atnie udzieli wyk\u0142adu oraz porad zwi\u0105zanych ze zdrowym od\u017cywianiem. Zach\u0119camy do przekazywania informacji o spotkaniu s\u0105siadom, znajomym i rodzinie!<\/p>\n<p>&nbsp;<\/p>\n<p><a href=\"http:\/\/www.tvk-gaj.pl\/~gajonline\/wp-content\/uploads\/2015\/04\/4.jpg\"><img loading=\"lazy\" decoding=\"async\" class=\"aligncenter size-large wp-image-4001\" src=\"http:\/\/www.tvk-gaj.pl\/~gajonline\/wp-content\/uploads\/2015\/04\/4-724x1024.jpg\" alt=\"4\" width=\"724\" height=\"1024\" srcset=\"https:\/\/online.tvk-gaj.pl\/wp-content\/uploads\/2015\/04\/4-724x1024.jpg 724w, https:\/\/online.tvk-gaj.pl\/wp-content\/uploads\/2015\/04\/4-212x300.jpg 212w, https:\/\/online.tvk-gaj.pl\/wp-content\/uploads\/2015\/04\/4.jpg 1653w\" sizes=\"auto, (max-width: 724px) 100vw, 724px\" \/><\/a><\/p>\n<p>&nbsp;<\/p>\n<p>&nbsp;<\/p>\n<p>&nbsp;<\/p>\n","protected":false},"excerpt":{"rendered":"<p>Zapraszamy na najbli\u017csze spotkanie Klubu Seniora na Gaju. G\u0142\u00f3wnym punktem programu b\u0119dzie darmowe spotkanie z dietetykiem!<\/p>\n","protected":false},"author":1,"featured_media":4001,"comment_status":"open","ping_status":"open","sticky":false,"template":"","format":"standard","meta":{"footnotes":""},"categories":[14,441],"tags":[343,433,112,431,421,432],"class_list":["post-4000","post","type-post","status-publish","format-standard","has-post-thumbnail","hentry","category-aktualnosci","category-klub","tag-32-wroclaw-maraton-gaj","tag-dietetyk","tag-gaj","tag-klub-seniora","tag-klub-seniora-na-gaju","tag-spotkanie-z-dietetykiem"],"_links":{"self":[{"href":"https:\/\/online.tvk-gaj.pl\/index.php?rest_route=\/wp\/v2\/posts\/4000","targetHints":{"allow":["GET"]}}],"collection":[{"href":"https:\/\/online.tvk-gaj.pl\/index.php?rest_route=\/wp\/v2\/posts"}],"about":[{"href":"https:\/\/online.tvk-gaj.pl\/index.php?rest_route=\/wp\/v2\/types\/post"}],"author":[{"embeddable":true,"href":"https:\/\/online.tvk-gaj.pl\/index.php?rest_route=\/wp\/v2\/users\/1"}],"replies":[{"embeddable":true,"href":"https:\/\/online.tvk-gaj.pl\/index.php?rest_route=%2Fwp%2Fv2%2Fcomments&post=4000"}],"version-history":[{"count":3,"href":"https:\/\/online.tvk-gaj.pl\/index.php?rest_route=\/wp\/v2\/posts\/4000\/revisions"}],"predecessor-version":[{"id":4004,"href":"https:\/\/online.tvk-gaj.pl\/index.php?rest_route=\/wp\/v2\/posts\/4000\/revisions\/4004"}],"wp:featuredmedia":[{"embeddable":true,"href":"https:\/\/online.tvk-gaj.pl\/index.php?rest_route=\/wp\/v2\/media\/4001"}],"wp:attachment":[{"href":"https:\/\/online.tvk-gaj.pl\/index.php?rest_route=%2Fwp%2Fv2%2Fmedia&parent=4000"}],"wp:term":[{"taxonomy":"category","embeddable":true,"href":"https:\/\/online.tvk-gaj.pl\/index.php?rest_route=%2Fwp%2Fv2%2Fcategories&post=4000"},{"taxonomy":"post_tag","embeddable":true,"href":"https:\/\/online.tvk-gaj.pl\/index.php?rest_route=%2Fwp%2Fv2%2Ftags&post=4000"}],"curies":[{"name":"wp","href":"https:\/\/api.w.org\/{rel}","templated":true}]}}