{"id":4005,"date":"2015-04-27T13:02:10","date_gmt":"2015-04-27T11:02:10","guid":{"rendered":"http:\/\/www.tvk-gaj.pl\/~gajonline\/?p=4005"},"modified":"2015-04-27T13:02:10","modified_gmt":"2015-04-27T11:02:10","slug":"miasto-sprzedalo-kosciolowi-dzialke-przy-ul-dzialkowej","status":"publish","type":"post","link":"https:\/\/online.tvk-gaj.pl\/?p=4005","title":{"rendered":"Miasto sprzeda\u0142o ko\u015bcio\u0142owi dzia\u0142k\u0119 przy ul. Dzia\u0142kowej"},"content":{"rendered":"<p>Radni niemal jednog\u0142o\u015bnie za sprzeda\u017c\u0105 ko\u015bcio\u0142owi dzia\u0142ki za tysi\u0105c z\u0142otych. Jest warta prawie sto razy wi\u0119cej.<!--more--><br \/>\nNa zesz\u0142otygodniowej sesji rady miejskiej rajcy niemal jednog\u0142o\u015bnie zag\u0142osowali za sprzeda\u017c\u0105 miejskiej dzia\u0142ki przy ulicy Dzia\u0142kowej. Nieruchomo\u015b\u0107 chce kupi\u0107 parafia rzymskokatolicka p.w. \u015bw. Maurycego, kt\u00f3ra zamierza poszerzy\u0107 sw\u00f3j cmentarz. Cen\u0119 ustalono na tysi\u0105c z\u0142otych, a warto\u015b\u0107 rynkowa tej dzia\u0142ki to ponad 92 tys. z\u0142otych.<\/p>\n<p>&nbsp;<\/p>\n<h6 style=\"text-align: center;\"><img loading=\"lazy\" decoding=\"async\" class=\"aligncenter size-full wp-image-4006\" src=\"http:\/\/www.tvk-gaj.pl\/~gajonline\/wp-content\/uploads\/2015\/04\/cmentarz_dzialkowa_fotopolska.jpg\" alt=\"cmentarz_dzialkowa_fotopolska\" width=\"660\" height=\"439\" srcset=\"https:\/\/online.tvk-gaj.pl\/wp-content\/uploads\/2015\/04\/cmentarz_dzialkowa_fotopolska.jpg 660w, https:\/\/online.tvk-gaj.pl\/wp-content\/uploads\/2015\/04\/cmentarz_dzialkowa_fotopolska-300x200.jpg 300w, https:\/\/online.tvk-gaj.pl\/wp-content\/uploads\/2015\/04\/cmentarz_dzialkowa_fotopolska-321x214.jpg 321w, https:\/\/online.tvk-gaj.pl\/wp-content\/uploads\/2015\/04\/cmentarz_dzialkowa_fotopolska-140x94.jpg 140w\" sizes=\"auto, (max-width: 660px) 100vw, 660px\" \/>Zdj\u0119cie pochodzi z serwisu fotopolska.eu<\/h6>\n<p>&nbsp;<\/p>\n<p>O tym, \u017ce magistrat zamierza sprzeda\u0107 nale\u017c\u0105c\u0105 do miasta nieruchomo\u015b\u0107 na rzecz parafii rzymskokatolickiej p.w. \u015bw. Maurycego we Wroc\u0142awiu, pisali\u015bmy tydzie\u0144 temu. Urz\u0119dnicy postanowili sprzeda\u0107 ko\u015bcio\u0142owi dzia\u0142k\u0119 o powierzchni niespe\u0142na 0,2 hektara przy ulicy Dzia\u0142kowej na Gaju w trybie bezprzetargowym za tysi\u0105c z\u0142otych.<\/p>\n<p>Uchwa\u0142\u0105 w tej sprawie zaj\u0119li si\u0119 na zesz\u0142otygodniowej sesji rady miejskiej wroc\u0142awscy radni, kt\u00f3rzy niemal jednog\u0142o\u015bnie zag\u0142osowali za sprzeda\u017c\u0105 tej nieruchomo\u015bci za ustalon\u0105 przez miasto cen\u0119.<\/p>\n<p>Za by\u0142o 30 rajc\u00f3w, a przeciw zag\u0142osowa\u0142y tylko dwie radne z klubu Rafa\u0142a Dutkiewicza z Platform\u0105 Obywatelsk\u0105: Renata Granowska i Katarzyna Obara-Kowalska. Od g\u0142osu wstrzyma\u0142o si\u0119 z kolei troje radnych: Sebastian Lorenc (Bezpartyjni Samorz\u0105dowcy), Agnieszka Rybczak i Piotr Uhle (klub Dutkiewicza z PO).<\/p>\n<p>&nbsp;<\/p>\n<p><a href=\"http:\/\/www.tvk-gaj.pl\/~gajonline\/wp-content\/uploads\/2015\/04\/rada1.jpg\"><img loading=\"lazy\" decoding=\"async\" class=\"aligncenter size-full wp-image-4007\" src=\"http:\/\/www.tvk-gaj.pl\/~gajonline\/wp-content\/uploads\/2015\/04\/rada1.jpg\" alt=\"rada1\" width=\"660\" height=\"440\" srcset=\"https:\/\/online.tvk-gaj.pl\/wp-content\/uploads\/2015\/04\/rada1.jpg 660w, https:\/\/online.tvk-gaj.pl\/wp-content\/uploads\/2015\/04\/rada1-300x200.jpg 300w, https:\/\/online.tvk-gaj.pl\/wp-content\/uploads\/2015\/04\/rada1-321x214.jpg 321w, https:\/\/online.tvk-gaj.pl\/wp-content\/uploads\/2015\/04\/rada1-140x94.jpg 140w\" sizes=\"auto, (max-width: 660px) 100vw, 660px\" \/><br \/>\n<\/a><br \/>\nPrzypomnijmy, z wnioskiem o nabycie dzia\u0142ki wyst\u0105pi\u0142a parafia z ulicy Traugutta w celu poszerzenia znajduj\u0105cego si\u0119 na s\u0105siedniej nieruchomo\u015bci cmentarza parafialnego. Miejscowy plan zagospodarowania przestrzennego dopuszcza tam obiekty sakralne.<\/p>\n<p>&#8211; O przeznaczenie tego terenu w planie miejscowym pod lokalizacj\u0119 cmentarza wyst\u0105pi\u0142 Proboszcz Parafii Rzymskokatolickiej p.w. \u015bw. Maurycego we Wroc\u0142awiu przy ul. Traugutta 34, kt\u00f3rego wniosek zosta\u0142 poparty przez Ordynariusza Wroc\u0142awskiego Kurii Metropolitalnej Wroc\u0142awskiej &#8211; t\u0142umacz\u0105 urz\u0119dnicy.<\/p>\n<p>Zgodnie z operatem szacunkowym sporz\u0105dzonym przez rzeczoznawc\u0119 maj\u0105tkowego, warto\u015b\u0107 rynkowa tej nieruchomo\u015bci na dzie\u0144 16 marca 2015 roku wynosi 92 349 z\u0142otych.<\/p>\n<p>&nbsp;<\/p>\n<p>&nbsp;<\/p>\n<div class='et-learn-more clearfix'>\n\t\t\t\t\t<h3 class='heading-more'>\u0179r\u00f3d\u0142o<span class='et_learnmore_arrow'><span><\/span><\/span><\/h3>\n\t\t\t\t\t<div class='learn-more-content'>Data: 22 kwietnia 2015; Autor: Tomek Matejuk; \u0179r\u00f3d\u0142o: www.tuwroclaw.com<\/div>\n\t\t\t\t<\/div>\n<p>&nbsp;<\/p>\n<p>&nbsp;<\/p>\n","protected":false},"excerpt":{"rendered":"<p>Radni niemal jednog\u0142o\u015bnie za sprzeda\u017c\u0105 ko\u015bcio\u0142owi dzia\u0142ki za tysi\u0105c z\u0142otych. Jest warta prawie sto razy wi\u0119cej.<\/p>\n","protected":false},"author":1,"featured_media":4006,"comment_status":"open","ping_status":"open","sticky":false,"template":"","format":"standard","meta":{"footnotes":""},"categories":[14],"tags":[439,435,436,112,438,434,437],"class_list":["post-4005","post","type-post","status-publish","format-standard","has-post-thumbnail","hentry","category-aktualnosci","tag-cmentarz","tag-dzialka","tag-dzialka-miejska","tag-gaj","tag-kosciol","tag-miasto-wroclaw","tag-ul-dzialkowa"],"_links":{"self":[{"href":"https:\/\/online.tvk-gaj.pl\/index.php?rest_route=\/wp\/v2\/posts\/4005","targetHints":{"allow":["GET"]}}],"collection":[{"href":"https:\/\/online.tvk-gaj.pl\/index.php?rest_route=\/wp\/v2\/posts"}],"about":[{"href":"https:\/\/online.tvk-gaj.pl\/index.php?rest_route=\/wp\/v2\/types\/post"}],"author":[{"embeddable":true,"href":"https:\/\/online.tvk-gaj.pl\/index.php?rest_route=\/wp\/v2\/users\/1"}],"replies":[{"embeddable":true,"href":"https:\/\/online.tvk-gaj.pl\/index.php?rest_route=%2Fwp%2Fv2%2Fcomments&post=4005"}],"version-history":[{"count":2,"href":"https:\/\/online.tvk-gaj.pl\/index.php?rest_route=\/wp\/v2\/posts\/4005\/revisions"}],"predecessor-version":[{"id":4009,"href":"https:\/\/online.tvk-gaj.pl\/index.php?rest_route=\/wp\/v2\/posts\/4005\/revisions\/4009"}],"wp:featuredmedia":[{"embeddable":true,"href":"https:\/\/online.tvk-gaj.pl\/index.php?rest_route=\/wp\/v2\/media\/4006"}],"wp:attachment":[{"href":"https:\/\/online.tvk-gaj.pl\/index.php?rest_route=%2Fwp%2Fv2%2Fmedia&parent=4005"}],"wp:term":[{"taxonomy":"category","embeddable":true,"href":"https:\/\/online.tvk-gaj.pl\/index.php?rest_route=%2Fwp%2Fv2%2Fcategories&post=4005"},{"taxonomy":"post_tag","embeddable":true,"href":"https:\/\/online.tvk-gaj.pl\/index.php?rest_route=%2Fwp%2Fv2%2Ftags&post=4005"}],"curies":[{"name":"wp","href":"https:\/\/api.w.org\/{rel}","templated":true}]}}