{"id":4089,"date":"2015-05-30T11:06:28","date_gmt":"2015-05-30T09:06:28","guid":{"rendered":"http:\/\/www.tvk-gaj.pl\/~gajonline\/?p=4089"},"modified":"2015-06-01T22:19:37","modified_gmt":"2015-06-01T20:19:37","slug":"fotoreportaz-z-pikniku-rodzinnego-w-sp-90","status":"publish","type":"post","link":"https:\/\/online.tvk-gaj.pl\/?p=4089","title":{"rendered":"Fotoreporta\u017c z Pikniku Rodzinnego w SP 90"},"content":{"rendered":"<p>W miniony pi\u0105tek, 29 maja, na ternie Szko\u0142y Podstawowej Nr 90 przy ul. Orzechowej odby\u0142 si\u0119 Piknik Rodzinny. Impreza, zorganizowana zosta\u0142a przez szko\u0142\u0119 z okazji\u00a0\u00a0dnia dziecka. Zapraszamy do naszej fotorelacji z imprezy!<!--more--><span id=\"more-2458\"><\/span><\/p>\n<p>&nbsp;<\/p>\n<p>Piknik Rodzinny to coroczna impreza dla uczni\u00f3w Szko\u0142y Podstawowej Nr 90, zorganizowana z okazji Dnia Dziecka. W tym roku na najm\u0142odszych czeka\u0142y liczne atrakcje, gry i zabawy. Imprez\u0119 wsp\u00f3\u0142prowadzi\u0142 Pan Andrzej Nawrot, Radny Rady Osiedla Gaj.<\/p>\n<p>Piknik zorganizowa\u0142a Rada Rodzic\u00f3w Szko\u0142y Podstawowej Nr 90 wsparta przez sponsor\u00f3w. Rada Osiedla Gaj r\u00f3wnie\u017c wspomog\u0142a materialnie organizacj\u0119 zabawy.<\/p>\n<p>Zapraszamy do fotorelacji z imprezy.<\/p>\n<p>&nbsp;<\/p>\n<p><img decoding=\"async\" class=\"ngg_displayed_gallery mceItem\" src=\"http:\/\/www.tvk-gaj.pl\/~gajonline\/index.php\/nextgen-attach_to_post\/preview\/id--4151\" alt=\"\" data-mce-placeholder=\"1\" \/><\/p>\n<p>&nbsp;<\/p>\n<p>&nbsp;<\/p>\n<div class='et-learn-more clearfix'>\n\t\t\t\t\t<h3 class='heading-more'>Szko\u0142a Podstawowa Nr 90<span class='et_learnmore_arrow'><span><\/span><\/span><\/h3>\n\t\t\t\t\t<div class='learn-more-content'>Szko\u0142a Podstawowa Nr 90 im. prof. St. To\u0142py, ul. Orzechowa 62, 50-540 Wroc\u0142aw. Tel. sekretariat: (071) \u00a0363 60 29. E-mail: sp90wro@op.pl. Dojazd: autobusy: 112, 113, 136, 145, 146, K; tramwaje: 8, 15, 31 PLUS, 32 PLUS. Strona: http:\/\/www.sp90.wroclaw.pl\/<\/div>\n\t\t\t\t<\/div>\n<p>&nbsp;<\/p>\n<p>&nbsp;<\/p>\n","protected":false},"excerpt":{"rendered":"<p>W miniony pi\u0105tek, 29 maja, na ternie Szko\u0142y Podstawowej Nr 90 przy ul. Orzechowej odby\u0142 si\u0119 Piknik Rodzinny. Impreza, zorganizowana zosta\u0142a przez szko\u0142\u0119 z okazji\u00a0\u00a0dnia dziecka. Zapraszamy do naszej fotorelacji z imprezy!<\/p>\n","protected":false},"author":1,"featured_media":4136,"comment_status":"open","ping_status":"open","sticky":false,"template":"","format":"standard","meta":{"footnotes":""},"categories":[14,12],"tags":[448,449,112,218,447,135,120],"class_list":["post-4089","post","type-post","status-publish","format-standard","has-post-thumbnail","hentry","category-aktualnosci","category-artykuly","tag-dzien-dziecka","tag-dzien-dziecka-2015-na-gaju","tag-gaj","tag-orzechowa","tag-piknik-godzinny","tag-rada-osiedla-gaj","tag-szkola-podstawowa-nr-90"],"_links":{"self":[{"href":"https:\/\/online.tvk-gaj.pl\/index.php?rest_route=\/wp\/v2\/posts\/4089","targetHints":{"allow":["GET"]}}],"collection":[{"href":"https:\/\/online.tvk-gaj.pl\/index.php?rest_route=\/wp\/v2\/posts"}],"about":[{"href":"https:\/\/online.tvk-gaj.pl\/index.php?rest_route=\/wp\/v2\/types\/post"}],"author":[{"embeddable":true,"href":"https:\/\/online.tvk-gaj.pl\/index.php?rest_route=\/wp\/v2\/users\/1"}],"replies":[{"embeddable":true,"href":"https:\/\/online.tvk-gaj.pl\/index.php?rest_route=%2Fwp%2Fv2%2Fcomments&post=4089"}],"version-history":[{"count":3,"href":"https:\/\/online.tvk-gaj.pl\/index.php?rest_route=\/wp\/v2\/posts\/4089\/revisions"}],"predecessor-version":[{"id":4159,"href":"https:\/\/online.tvk-gaj.pl\/index.php?rest_route=\/wp\/v2\/posts\/4089\/revisions\/4159"}],"wp:featuredmedia":[{"embeddable":true,"href":"https:\/\/online.tvk-gaj.pl\/index.php?rest_route=\/wp\/v2\/media\/4136"}],"wp:attachment":[{"href":"https:\/\/online.tvk-gaj.pl\/index.php?rest_route=%2Fwp%2Fv2%2Fmedia&parent=4089"}],"wp:term":[{"taxonomy":"category","embeddable":true,"href":"https:\/\/online.tvk-gaj.pl\/index.php?rest_route=%2Fwp%2Fv2%2Fcategories&post=4089"},{"taxonomy":"post_tag","embeddable":true,"href":"https:\/\/online.tvk-gaj.pl\/index.php?rest_route=%2Fwp%2Fv2%2Ftags&post=4089"}],"curies":[{"name":"wp","href":"https:\/\/api.w.org\/{rel}","templated":true}]}}