{"id":4154,"date":"2015-06-01T12:22:59","date_gmt":"2015-06-01T10:22:59","guid":{"rendered":"http:\/\/www.tvk-gaj.pl\/~gajonline\/?p=4154"},"modified":"2015-05-30T12:31:07","modified_gmt":"2015-05-30T10:31:07","slug":"plan-spotkan-klubu-seniora-na-czerwiec","status":"publish","type":"post","link":"https:\/\/online.tvk-gaj.pl\/?p=4154","title":{"rendered":"Plan spotka\u0144 Klubu Seniora na czerwiec"},"content":{"rendered":"<p>Serdecznie zapraszamy wszystkich senior\u00f3w osiedla do Klubu Seniora dzia\u0142aj\u0105cego przy Radzie Osiedla Gaj! Prezentujemy plan spotka\u0144 na czerwiec.<!--more--><\/p>\n<p>Mi\u0142o nam poinformowa\u0107, \u017ce spotkania Klubu ciesz\u0105 si\u0119 coraz wi\u0119ksz\u0105 popularno\u015bci\u0105.\u00a0Wraz z nadej\u015bciem wiosennej pogody zaj\u0119cia odbywaj\u0105 si\u0119 r\u00f3wnie\u017c w plenerze, m.in w Parku Skowronim seniorzy mogli spr\u00f3bowa\u0107 swoich si\u0142 w nordic walking. W minionym miesi\u0105c na zaj\u0119ciach pojawi\u0142a si\u0119 za\u015b 93 letnia mieszkanka naszego Osiedla. Zach\u0119camy do zapoznania si\u0119 z planem spotka\u0144 na czerwiec!<\/p>\n<p>&nbsp;<\/p>\n<p><strong>Plan spotka\u0144 na czerwiec<\/strong><\/p>\n<p>&nbsp;<\/p>\n<p><a href=\"http:\/\/www.tvk-gaj.pl\/~gajonline\/wp-content\/uploads\/2015\/05\/klubsenioraczerwiec2015.jpg\"><img loading=\"lazy\" decoding=\"async\" class=\"aligncenter wp-image-4155 size-full\" src=\"http:\/\/www.tvk-gaj.pl\/~gajonline\/wp-content\/uploads\/2015\/05\/klubsenioraczerwiec2015.jpg\" alt=\"klubsenioraczerwiec2015\" width=\"539\" height=\"509\" srcset=\"https:\/\/online.tvk-gaj.pl\/wp-content\/uploads\/2015\/05\/klubsenioraczerwiec2015.jpg 539w, https:\/\/online.tvk-gaj.pl\/wp-content\/uploads\/2015\/05\/klubsenioraczerwiec2015-300x283.jpg 300w\" sizes=\"auto, (max-width: 539px) 100vw, 539px\" \/><\/a><\/p>\n<p>&nbsp;<\/p>\n<p>&nbsp;<\/p>\n<p><strong>Spotkania odbywaj\u0105 si\u0119 w Szkole Podstawowej Nr 90 przy ul. Orzechowej 62 w sali nr 5 w ka\u017cdy czwartek od godziny 17:00 do godziny 19:00!\u00a0<\/strong><\/p>\n<p>&nbsp;<\/p>\n","protected":false},"excerpt":{"rendered":"<p>Serdecznie zapraszamy wszystkich senior\u00f3w osiedla do Klubu Seniora dzia\u0142aj\u0105cego przy Radzie Osiedla Gaj! Prezentujemy plan spotka\u0144 na czerwiec.<\/p>\n","protected":false},"author":1,"featured_media":3981,"comment_status":"open","ping_status":"open","sticky":false,"template":"","format":"standard","meta":{"footnotes":""},"categories":[14,441],"tags":[112,431,450,135],"class_list":["post-4154","post","type-post","status-publish","format-standard","has-post-thumbnail","hentry","category-aktualnosci","category-klub","tag-gaj","tag-klub-seniora","tag-klub-seniora-na-gaju-plan-zajec-na-czerwiec","tag-rada-osiedla-gaj"],"_links":{"self":[{"href":"https:\/\/online.tvk-gaj.pl\/index.php?rest_route=\/wp\/v2\/posts\/4154","targetHints":{"allow":["GET"]}}],"collection":[{"href":"https:\/\/online.tvk-gaj.pl\/index.php?rest_route=\/wp\/v2\/posts"}],"about":[{"href":"https:\/\/online.tvk-gaj.pl\/index.php?rest_route=\/wp\/v2\/types\/post"}],"author":[{"embeddable":true,"href":"https:\/\/online.tvk-gaj.pl\/index.php?rest_route=\/wp\/v2\/users\/1"}],"replies":[{"embeddable":true,"href":"https:\/\/online.tvk-gaj.pl\/index.php?rest_route=%2Fwp%2Fv2%2Fcomments&post=4154"}],"version-history":[{"count":3,"href":"https:\/\/online.tvk-gaj.pl\/index.php?rest_route=\/wp\/v2\/posts\/4154\/revisions"}],"predecessor-version":[{"id":4158,"href":"https:\/\/online.tvk-gaj.pl\/index.php?rest_route=\/wp\/v2\/posts\/4154\/revisions\/4158"}],"wp:featuredmedia":[{"embeddable":true,"href":"https:\/\/online.tvk-gaj.pl\/index.php?rest_route=\/wp\/v2\/media\/3981"}],"wp:attachment":[{"href":"https:\/\/online.tvk-gaj.pl\/index.php?rest_route=%2Fwp%2Fv2%2Fmedia&parent=4154"}],"wp:term":[{"taxonomy":"category","embeddable":true,"href":"https:\/\/online.tvk-gaj.pl\/index.php?rest_route=%2Fwp%2Fv2%2Fcategories&post=4154"},{"taxonomy":"post_tag","embeddable":true,"href":"https:\/\/online.tvk-gaj.pl\/index.php?rest_route=%2Fwp%2Fv2%2Ftags&post=4154"}],"curies":[{"name":"wp","href":"https:\/\/api.w.org\/{rel}","templated":true}]}}