{"id":4161,"date":"2015-06-02T21:07:30","date_gmt":"2015-06-02T19:07:30","guid":{"rendered":"http:\/\/www.tvk-gaj.pl\/~gajonline\/?p=4161"},"modified":"2015-06-03T22:24:09","modified_gmt":"2015-06-03T20:24:09","slug":"4161","status":"publish","type":"post","link":"https:\/\/online.tvk-gaj.pl\/?p=4161","title":{"rendered":"Festyn z koszykarzami na osiedlu!"},"content":{"rendered":"<p>Dobra informacja dla fan\u00f3w koszyk\u00f3wki! Ju\u017c w najbli\u017csz\u0105 niedziel\u0119, 7 czerwca, przy ul. Bardzkiej odb\u0119dzie si\u0119 festyn z udzia\u0142em zawodnik\u00f3w WKK. Imprez\u0119 organizuj\u0105 Restauracja MCDonald&#8217;s oraz market Carrefour z Bardzkiej.<!--more--><\/p>\n<p>&nbsp;<\/p>\n<p>W niedziel\u0119 7 czerwca na placu przed Restauracj\u0105 MCDonald&#8217;s i marketem Carrefour\u00a0odb\u0119dzie si\u0119 festyn z udzia\u0142em zawodnik\u00f3w WKK.<\/p>\n<p>&nbsp;<\/p>\n<p><a href=\"http:\/\/www.tvk-gaj.pl\/~gajonline\/wp-content\/uploads\/2015\/06\/plakat.jpg\"><img loading=\"lazy\" decoding=\"async\" class=\"aligncenter size-large wp-image-4162\" src=\"http:\/\/www.tvk-gaj.pl\/~gajonline\/wp-content\/uploads\/2015\/06\/plakat-804x1024.jpg\" alt=\"plakat\" width=\"804\" height=\"1024\" srcset=\"https:\/\/online.tvk-gaj.pl\/wp-content\/uploads\/2015\/06\/plakat-804x1024.jpg 804w, https:\/\/online.tvk-gaj.pl\/wp-content\/uploads\/2015\/06\/plakat-236x300.jpg 236w, https:\/\/online.tvk-gaj.pl\/wp-content\/uploads\/2015\/06\/plakat.jpg 806w\" sizes=\"auto, (max-width: 804px) 100vw, 804px\" \/><\/a><\/p>\n<p>&nbsp;<\/p>\n<p>&nbsp;<\/p>\n<p><a href=\"http:\/\/www.tvk-gaj.pl\/~gajonline\/wp-content\/uploads\/2015\/06\/1.jpg\"><img loading=\"lazy\" decoding=\"async\" class=\"aligncenter size-large wp-image-4166\" src=\"http:\/\/www.tvk-gaj.pl\/~gajonline\/wp-content\/uploads\/2015\/06\/1-724x1024.jpg\" alt=\"1\" width=\"724\" height=\"1024\" srcset=\"https:\/\/online.tvk-gaj.pl\/wp-content\/uploads\/2015\/06\/1-724x1024.jpg 724w, https:\/\/online.tvk-gaj.pl\/wp-content\/uploads\/2015\/06\/1-212x300.jpg 212w, https:\/\/online.tvk-gaj.pl\/wp-content\/uploads\/2015\/06\/1.jpg 877w\" sizes=\"auto, (max-width: 724px) 100vw, 724px\" \/><\/a> <a href=\"http:\/\/www.tvk-gaj.pl\/~gajonline\/wp-content\/uploads\/2015\/06\/2.jpg\"><img loading=\"lazy\" decoding=\"async\" class=\"aligncenter size-large wp-image-4168\" src=\"http:\/\/www.tvk-gaj.pl\/~gajonline\/wp-content\/uploads\/2015\/06\/2-724x1024.jpg\" alt=\"2\" width=\"724\" height=\"1024\" srcset=\"https:\/\/online.tvk-gaj.pl\/wp-content\/uploads\/2015\/06\/2-724x1024.jpg 724w, https:\/\/online.tvk-gaj.pl\/wp-content\/uploads\/2015\/06\/2-212x300.jpg 212w, https:\/\/online.tvk-gaj.pl\/wp-content\/uploads\/2015\/06\/2.jpg 877w\" sizes=\"auto, (max-width: 724px) 100vw, 724px\" \/><\/a><\/p>\n<p>&nbsp;<\/p>\n<p>&nbsp;<\/p>\n<p><strong>Polecamy imprez\u0119!\u00a0<\/strong><\/p>\n<p>&nbsp;<\/p>\n<p>&nbsp;<\/p>\n","protected":false},"excerpt":{"rendered":"<p>Dobra informacja dla fan\u00f3w koszyk\u00f3wki! Ju\u017c w najbli\u017csz\u0105 niedziel\u0119, 7 czerwca, przy ul. Bardzkiej odb\u0119dzie si\u0119 festyn z udzia\u0142em zawodnik\u00f3w WKK. Imprez\u0119 organizuj\u0105 Restauracja MCDonald&#8217;s oraz market Carrefour z Bardzkiej.<\/p>\n","protected":false},"author":1,"featured_media":4162,"comment_status":"open","ping_status":"open","sticky":false,"template":"","format":"standard","meta":{"footnotes":""},"categories":[14],"tags":[197,270,112,453,451,271,452],"class_list":["post-4161","post","type-post","status-publish","format-standard","has-post-thumbnail","hentry","category-aktualnosci","tag-bardzka","tag-festyn","tag-gaj","tag-hipermarket-carrefour","tag-koszykowka","tag-piknik","tag-restauracja-mcdonalds"],"_links":{"self":[{"href":"https:\/\/online.tvk-gaj.pl\/index.php?rest_route=\/wp\/v2\/posts\/4161","targetHints":{"allow":["GET"]}}],"collection":[{"href":"https:\/\/online.tvk-gaj.pl\/index.php?rest_route=\/wp\/v2\/posts"}],"about":[{"href":"https:\/\/online.tvk-gaj.pl\/index.php?rest_route=\/wp\/v2\/types\/post"}],"author":[{"embeddable":true,"href":"https:\/\/online.tvk-gaj.pl\/index.php?rest_route=\/wp\/v2\/users\/1"}],"replies":[{"embeddable":true,"href":"https:\/\/online.tvk-gaj.pl\/index.php?rest_route=%2Fwp%2Fv2%2Fcomments&post=4161"}],"version-history":[{"count":5,"href":"https:\/\/online.tvk-gaj.pl\/index.php?rest_route=\/wp\/v2\/posts\/4161\/revisions"}],"predecessor-version":[{"id":4167,"href":"https:\/\/online.tvk-gaj.pl\/index.php?rest_route=\/wp\/v2\/posts\/4161\/revisions\/4167"}],"wp:featuredmedia":[{"embeddable":true,"href":"https:\/\/online.tvk-gaj.pl\/index.php?rest_route=\/wp\/v2\/media\/4162"}],"wp:attachment":[{"href":"https:\/\/online.tvk-gaj.pl\/index.php?rest_route=%2Fwp%2Fv2%2Fmedia&parent=4161"}],"wp:term":[{"taxonomy":"category","embeddable":true,"href":"https:\/\/online.tvk-gaj.pl\/index.php?rest_route=%2Fwp%2Fv2%2Fcategories&post=4161"},{"taxonomy":"post_tag","embeddable":true,"href":"https:\/\/online.tvk-gaj.pl\/index.php?rest_route=%2Fwp%2Fv2%2Ftags&post=4161"}],"curies":[{"name":"wp","href":"https:\/\/api.w.org\/{rel}","templated":true}]}}