{"id":4183,"date":"2015-06-08T20:54:34","date_gmt":"2015-06-08T18:54:34","guid":{"rendered":"http:\/\/www.tvk-gaj.pl\/~gajonline\/?p=4183"},"modified":"2015-06-08T20:54:34","modified_gmt":"2015-06-08T18:54:34","slug":"fotorelacja-z-festynu-wkk-i-mcdonalds-na-gaju","status":"publish","type":"post","link":"https:\/\/online.tvk-gaj.pl\/?p=4183","title":{"rendered":"Fotorelacja z Festynu WKK i MCDonalds na Gaju"},"content":{"rendered":"<p>W minion\u0105 niedziel\u0119, \u00a07 czerwca, na placu pomi\u0119dzy Restauracj\u0105 MCDonald&#8217;s oraz Marketem Carrefour\u00a0odby\u0142 si\u0119 piknik koszykarski.\u00a0Impreza, zorganizowana zosta\u0142a przez MCDonald&#8217;s Bardzka oraz Carrefour Bardzka. Zapraszamy do fotorelacji z imprezy!<!--more--><\/p>\n<p>&nbsp;<br \/>\nW niedziel\u0119, 7 czerwca, na placu przed Restauracj\u0105 MCDonald\u2019s i marketem Carrefour\u00a0odby\u0142 si\u0119 festyn z udzia\u0142em zawodnik\u00f3w WKK. Impreza zorganizowana w niedzielne popo\u0142udnie przyci\u0105gn\u0119\u0142a wielu mieszka\u0144c\u00f3w osiedla. W ramach zabawy odby\u0142o si\u0119 wiele konkurs\u00f3w, promocji zapewnionych przez organizator\u00f3w oraz prezentacja dru\u017cyny koszykarskiej WKK, a tak\u017ce mecz koszyk\u00f3wki pomi\u0119dzy zawodnikami WKK, a mieszka\u0144cami Gaju.<\/p>\n<p>&nbsp;<\/p>\n<p><a href=\"http:\/\/www.tvk-gaj.pl\/~gajonline\/wp-content\/uploads\/2015\/06\/plakat.jpg\"><img loading=\"lazy\" decoding=\"async\" class=\"aligncenter size-large wp-image-4162\" src=\"http:\/\/www.tvk-gaj.pl\/~gajonline\/wp-content\/uploads\/2015\/06\/plakat-804x1024.jpg\" alt=\"plakat\" width=\"804\" height=\"1024\" srcset=\"https:\/\/online.tvk-gaj.pl\/wp-content\/uploads\/2015\/06\/plakat-804x1024.jpg 804w, https:\/\/online.tvk-gaj.pl\/wp-content\/uploads\/2015\/06\/plakat-236x300.jpg 236w, https:\/\/online.tvk-gaj.pl\/wp-content\/uploads\/2015\/06\/plakat.jpg 806w\" sizes=\"auto, (max-width: 804px) 100vw, 804px\" \/><\/a><\/p>\n<p>&nbsp;<\/p>\n<p>&nbsp;<\/p>\n<p>Zapraszamy na fotorelacj\u0119 z tej imprezy!<\/p>\n<p><img decoding=\"async\" class=\"ngg_displayed_gallery mceItem\" src=\"http:\/\/www.tvk-gaj.pl\/~gajonline\/index.php\/nextgen-attach_to_post\/preview\/id--4333\" alt=\"\" data-mce-placeholder=\"1\" \/><\/p>\n<p>&nbsp;<\/p>\n<p>&nbsp;<\/p>\n<p>&nbsp;<\/p>\n<p>&nbsp;<\/p>\n","protected":false},"excerpt":{"rendered":"<p>W minion\u0105 niedziel\u0119, \u00a07 czerwca, na placu pomi\u0119dzy Restauracj\u0105 MCDonald&#8217;s oraz Marketem Carrefour\u00a0odby\u0142 si\u0119 piknik koszykarski.\u00a0Impreza, zorganizowana zosta\u0142a przez MCDonald&#8217;s Bardzka oraz Carrefour Bardzka. Zapraszamy do fotorelacji z imprezy!<\/p>\n","protected":false},"author":1,"featured_media":4276,"comment_status":"open","ping_status":"open","sticky":false,"template":"","format":"standard","meta":{"footnotes":""},"categories":[14,12],"tags":[460,270,464,112,463,461,459,166,271,462,465],"class_list":["post-4183","post","type-post","status-publish","format-standard","has-post-thumbnail","hentry","category-aktualnosci","category-artykuly","tag-carrefour","tag-festyn","tag-festyn-mcdonalds-na-gaju","tag-gaj","tag-koszykarze","tag-market","tag-mcdonalds","tag-osiedle-gaj","tag-piknik","tag-restauracja","tag-wkk-wroclaw"],"_links":{"self":[{"href":"https:\/\/online.tvk-gaj.pl\/index.php?rest_route=\/wp\/v2\/posts\/4183","targetHints":{"allow":["GET"]}}],"collection":[{"href":"https:\/\/online.tvk-gaj.pl\/index.php?rest_route=\/wp\/v2\/posts"}],"about":[{"href":"https:\/\/online.tvk-gaj.pl\/index.php?rest_route=\/wp\/v2\/types\/post"}],"author":[{"embeddable":true,"href":"https:\/\/online.tvk-gaj.pl\/index.php?rest_route=\/wp\/v2\/users\/1"}],"replies":[{"embeddable":true,"href":"https:\/\/online.tvk-gaj.pl\/index.php?rest_route=%2Fwp%2Fv2%2Fcomments&post=4183"}],"version-history":[{"count":2,"href":"https:\/\/online.tvk-gaj.pl\/index.php?rest_route=\/wp\/v2\/posts\/4183\/revisions"}],"predecessor-version":[{"id":4335,"href":"https:\/\/online.tvk-gaj.pl\/index.php?rest_route=\/wp\/v2\/posts\/4183\/revisions\/4335"}],"wp:featuredmedia":[{"embeddable":true,"href":"https:\/\/online.tvk-gaj.pl\/index.php?rest_route=\/wp\/v2\/media\/4276"}],"wp:attachment":[{"href":"https:\/\/online.tvk-gaj.pl\/index.php?rest_route=%2Fwp%2Fv2%2Fmedia&parent=4183"}],"wp:term":[{"taxonomy":"category","embeddable":true,"href":"https:\/\/online.tvk-gaj.pl\/index.php?rest_route=%2Fwp%2Fv2%2Fcategories&post=4183"},{"taxonomy":"post_tag","embeddable":true,"href":"https:\/\/online.tvk-gaj.pl\/index.php?rest_route=%2Fwp%2Fv2%2Ftags&post=4183"}],"curies":[{"name":"wp","href":"https:\/\/api.w.org\/{rel}","templated":true}]}}