{"id":4337,"date":"2015-06-18T11:38:07","date_gmt":"2015-06-18T09:38:07","guid":{"rendered":"http:\/\/www.tvk-gaj.pl\/~gajonline\/?p=4337"},"modified":"2015-06-18T12:20:57","modified_gmt":"2015-06-18T10:20:57","slug":"budowa-lacznika-miedzy-gajem-a-wojszycami-ciag-dalszy","status":"publish","type":"post","link":"https:\/\/online.tvk-gaj.pl\/?p=4337","title":{"rendered":"Budowa \u0142\u0105cznika mi\u0119dzy Gajem, a Wojszycami &#8211; ci\u0105g dalszy"},"content":{"rendered":"<p>Kilka miesi\u0119cy temu pisali\u015bmy o oddanej do u\u017cytku, d\u0142ugo oczekiwanej, \u015bcie\u017cce \u0142\u0105cz\u0105cej Gaj z Wojszycami. Niestety oddana w lutym inwestycja nie do ko\u0144ca spe\u0142nia\u0142a oczekiwania mieszka\u0144c\u00f3w obu osiedli. Brak o\u015bwietlenia oraz utwardzonego chodnika pod wiaduktem kolejowym by\u0142y rzeczami, kt\u00f3re czytelnicy komentowali na \u0142amach portalu. Rada Osiedla Gaj postanowi\u0142a przyjrze\u0107 si\u0119 sprawie.<!--more--><\/p>\n<p>&nbsp;<\/p>\n<p>Budowa \u0142\u0105cznika mi\u0119dzy Gajem, Wojszycami poruszy\u0142a czytelnik\u00f3w, czego dowodem by\u0142y liczne komentarze i maile do RO Gaj w sprawie nieuko\u0144czonej inwestycji. Inwestycji, kt\u00f3ra i tak pojawi\u0142a si\u0119 z wielomiesi\u0119cznym op\u00f3\u017anieniem. Pisali\u015bmy o tym <a href=\"http:\/\/www.tvk-gaj.pl\/~gajonline\/?p=3937\" target=\"_blank\">w artykule w \u00a0lutym<\/a>.<\/p>\n<p>Przyjrzeli\u015bmy si\u0119 sprawie bli\u017cej i postanowili\u015bmy dowiedzie\u0107 si\u0119 magistracie co dalej ze \u015bcie\u017ck\u0105 \u0142\u0105cz\u0105ca dwa osiedla.<\/p>\n<p>Publikujemy odpowied\u017a jak\u0105 uzyskali\u015bmy oficjalnie od Zarz\u0105du Dr\u00f3g i Utrzymania Miasta.<\/p>\n<p>&nbsp;<\/p>\n<p><a href=\"http:\/\/www.tvk-gaj.pl\/~gajonline\/wp-content\/uploads\/2015\/06\/ZDIUM_KUKUCZKI055-724x10241.jpg\"><img loading=\"lazy\" decoding=\"async\" class=\"aligncenter size-large wp-image-4346\" src=\"http:\/\/www.tvk-gaj.pl\/~gajonline\/wp-content\/uploads\/2015\/06\/ZDIUM_KUKUCZKI055-724x10241-724x1024.jpg\" alt=\"ZDIUM_KUKUCZKI055-724x1024\" width=\"724\" height=\"1024\" srcset=\"https:\/\/online.tvk-gaj.pl\/wp-content\/uploads\/2015\/06\/ZDIUM_KUKUCZKI055-724x10241.jpg 724w, https:\/\/online.tvk-gaj.pl\/wp-content\/uploads\/2015\/06\/ZDIUM_KUKUCZKI055-724x10241-212x300.jpg 212w\" sizes=\"auto, (max-width: 724px) 100vw, 724px\" \/><\/a><\/p>\n<p>&nbsp;<\/p>\n<p>Wed\u0142ug zapowiedzi miejskiej sp\u00f3\u0142ki inwestycja podzielona zosta\u0142a na dwa etapy. Pierwszy, kt\u00f3ry uko\u0144czony zosta\u0142 w lutym b.r., obejmowa\u0142 budow\u0119 \u015bcie\u017cki dla pieszych i rowerzyst\u00f3w zlokalizowanych na dzia\u0142ce nale\u017c\u0105cej do miasta. Drugi etap to kontynuacja budowy \u015bcie\u017cki oraz pod\u0142\u0105czenie o\u015bwietlenia na dzia\u0142ce nale\u017c\u0105cej do PKP.<\/p>\n<p>Planowany termin zako\u0144czenia rob\u00f3t dla II etapu to koniec sierpnia 2015r.<\/p>\n<p>&nbsp;<\/p>\n<p><strong>Zdj\u0119cia z I etapu inwestycji<\/strong><\/p>\n\n\t\t<style type=\"text\/css\">\n\t\t\t#gallery-1 {\n\t\t\t\tmargin: auto;\n\t\t\t}\n\t\t\t#gallery-1 .gallery-item {\n\t\t\t\tfloat: left;\n\t\t\t\tmargin-top: 10px;\n\t\t\t\ttext-align: center;\n\t\t\t\twidth: 25%;\n\t\t\t}\n\t\t\t#gallery-1 img {\n\t\t\t\tborder: 2px solid #cfcfcf;\n\t\t\t}\n\t\t\t#gallery-1 .gallery-caption {\n\t\t\t\tmargin-left: 0;\n\t\t\t}\n\t\t\t\/* see gallery_shortcode() in wp-includes\/media.php *\/\n\t\t<\/style>\n\t\t<div id='gallery-1' class='gallery galleryid-4337 gallery-columns-4 gallery-size-thumbnail'><dl class='gallery-item'>\n\t\t\t<dt class='gallery-icon landscape'>\n\t\t\t\t<a href='https:\/\/online.tvk-gaj.pl\/wp-content\/uploads\/2015\/06\/2015-02-15-14.41.34.jpg'><img loading=\"lazy\" decoding=\"async\" width=\"150\" height=\"150\" src=\"https:\/\/online.tvk-gaj.pl\/wp-content\/uploads\/2015\/06\/2015-02-15-14.41.34-150x150.jpg\" class=\"attachment-thumbnail size-thumbnail\" alt=\"\" srcset=\"https:\/\/online.tvk-gaj.pl\/wp-content\/uploads\/2015\/06\/2015-02-15-14.41.34-150x150.jpg 150w, https:\/\/online.tvk-gaj.pl\/wp-content\/uploads\/2015\/06\/2015-02-15-14.41.34-160x160.jpg 160w, https:\/\/online.tvk-gaj.pl\/wp-content\/uploads\/2015\/06\/2015-02-15-14.41.34-240x240.jpg 240w, https:\/\/online.tvk-gaj.pl\/wp-content\/uploads\/2015\/06\/2015-02-15-14.41.34-60x60.jpg 60w, https:\/\/online.tvk-gaj.pl\/wp-content\/uploads\/2015\/06\/2015-02-15-14.41.34-184x184.jpg 184w\" sizes=\"auto, (max-width: 150px) 100vw, 150px\" \/><\/a>\n\t\t\t<\/dt><\/dl><dl class='gallery-item'>\n\t\t\t<dt class='gallery-icon landscape'>\n\t\t\t\t<a href='https:\/\/online.tvk-gaj.pl\/wp-content\/uploads\/2015\/06\/2015-02-15-14.43.17.jpg'><img loading=\"lazy\" decoding=\"async\" width=\"150\" height=\"150\" src=\"https:\/\/online.tvk-gaj.pl\/wp-content\/uploads\/2015\/06\/2015-02-15-14.43.17-150x150.jpg\" class=\"attachment-thumbnail size-thumbnail\" alt=\"\" srcset=\"https:\/\/online.tvk-gaj.pl\/wp-content\/uploads\/2015\/06\/2015-02-15-14.43.17-150x150.jpg 150w, https:\/\/online.tvk-gaj.pl\/wp-content\/uploads\/2015\/06\/2015-02-15-14.43.17-160x160.jpg 160w, https:\/\/online.tvk-gaj.pl\/wp-content\/uploads\/2015\/06\/2015-02-15-14.43.17-240x240.jpg 240w, https:\/\/online.tvk-gaj.pl\/wp-content\/uploads\/2015\/06\/2015-02-15-14.43.17-60x60.jpg 60w, https:\/\/online.tvk-gaj.pl\/wp-content\/uploads\/2015\/06\/2015-02-15-14.43.17-184x184.jpg 184w\" sizes=\"auto, (max-width: 150px) 100vw, 150px\" \/><\/a>\n\t\t\t<\/dt><\/dl><dl class='gallery-item'>\n\t\t\t<dt class='gallery-icon landscape'>\n\t\t\t\t<a href='https:\/\/online.tvk-gaj.pl\/wp-content\/uploads\/2015\/06\/2015-02-15-14.45.21.jpg'><img loading=\"lazy\" decoding=\"async\" width=\"150\" height=\"150\" src=\"https:\/\/online.tvk-gaj.pl\/wp-content\/uploads\/2015\/06\/2015-02-15-14.45.21-150x150.jpg\" class=\"attachment-thumbnail size-thumbnail\" alt=\"\" srcset=\"https:\/\/online.tvk-gaj.pl\/wp-content\/uploads\/2015\/06\/2015-02-15-14.45.21-150x150.jpg 150w, https:\/\/online.tvk-gaj.pl\/wp-content\/uploads\/2015\/06\/2015-02-15-14.45.21-160x160.jpg 160w, https:\/\/online.tvk-gaj.pl\/wp-content\/uploads\/2015\/06\/2015-02-15-14.45.21-240x240.jpg 240w, https:\/\/online.tvk-gaj.pl\/wp-content\/uploads\/2015\/06\/2015-02-15-14.45.21-60x60.jpg 60w, https:\/\/online.tvk-gaj.pl\/wp-content\/uploads\/2015\/06\/2015-02-15-14.45.21-184x184.jpg 184w\" sizes=\"auto, (max-width: 150px) 100vw, 150px\" \/><\/a>\n\t\t\t<\/dt><\/dl><dl class='gallery-item'>\n\t\t\t<dt class='gallery-icon landscape'>\n\t\t\t\t<a href='https:\/\/online.tvk-gaj.pl\/wp-content\/uploads\/2015\/06\/2015-02-15-14.45.25.jpg'><img loading=\"lazy\" decoding=\"async\" width=\"150\" height=\"150\" src=\"https:\/\/online.tvk-gaj.pl\/wp-content\/uploads\/2015\/06\/2015-02-15-14.45.25-150x150.jpg\" class=\"attachment-thumbnail size-thumbnail\" alt=\"\" srcset=\"https:\/\/online.tvk-gaj.pl\/wp-content\/uploads\/2015\/06\/2015-02-15-14.45.25-150x150.jpg 150w, https:\/\/online.tvk-gaj.pl\/wp-content\/uploads\/2015\/06\/2015-02-15-14.45.25-160x160.jpg 160w, https:\/\/online.tvk-gaj.pl\/wp-content\/uploads\/2015\/06\/2015-02-15-14.45.25-240x240.jpg 240w, https:\/\/online.tvk-gaj.pl\/wp-content\/uploads\/2015\/06\/2015-02-15-14.45.25-60x60.jpg 60w, https:\/\/online.tvk-gaj.pl\/wp-content\/uploads\/2015\/06\/2015-02-15-14.45.25-184x184.jpg 184w\" sizes=\"auto, (max-width: 150px) 100vw, 150px\" \/><\/a>\n\t\t\t<\/dt><\/dl><br style=\"clear: both\" \/>\n\t\t<\/div>\n\n<p>&nbsp;<\/p>\n<p>&nbsp;<\/p>\n<p>&nbsp;<\/p>\n","protected":false},"excerpt":{"rendered":"<p>Kilka miesi\u0119cy temu pisali\u015bmy o oddanej do u\u017cytku, d\u0142ugo oczekiwanej, \u015bcie\u017cce \u0142\u0105cz\u0105cej Gaj z Wojszycami. Niestety oddana w lutym inwestycja nie do ko\u0144ca spe\u0142nia\u0142a oczekiwania mieszka\u0144c\u00f3w obu osiedli. Brak o\u015bwietlenia oraz utwardzonego chodnika pod wiaduktem kolejowym by\u0142y rzeczami, kt\u00f3re czytelnicy komentowali na \u0142amach portalu. Rada Osiedla Gaj postanowi\u0142a przyjrze\u0107 si\u0119 sprawie.<\/p>\n","protected":false},"author":1,"featured_media":3939,"comment_status":"open","ping_status":"open","sticky":false,"template":"","format":"standard","meta":{"footnotes":""},"categories":[14,12],"tags":[158,467,112,242,135,466,310,203,405],"class_list":["post-4337","post","type-post","status-publish","format-standard","has-post-thumbnail","hentry","category-aktualnosci","category-artykuly","tag-budowa","tag-budowa-lacznika-miedzy-gajem-a-wojszycami","tag-gaj","tag-kukuczki","tag-rada-osiedla-gaj","tag-tunel","tag-wojszyce","tag-zdium","tag-lacznik"],"_links":{"self":[{"href":"https:\/\/online.tvk-gaj.pl\/index.php?rest_route=\/wp\/v2\/posts\/4337","targetHints":{"allow":["GET"]}}],"collection":[{"href":"https:\/\/online.tvk-gaj.pl\/index.php?rest_route=\/wp\/v2\/posts"}],"about":[{"href":"https:\/\/online.tvk-gaj.pl\/index.php?rest_route=\/wp\/v2\/types\/post"}],"author":[{"embeddable":true,"href":"https:\/\/online.tvk-gaj.pl\/index.php?rest_route=\/wp\/v2\/users\/1"}],"replies":[{"embeddable":true,"href":"https:\/\/online.tvk-gaj.pl\/index.php?rest_route=%2Fwp%2Fv2%2Fcomments&post=4337"}],"version-history":[{"count":4,"href":"https:\/\/online.tvk-gaj.pl\/index.php?rest_route=\/wp\/v2\/posts\/4337\/revisions"}],"predecessor-version":[{"id":4347,"href":"https:\/\/online.tvk-gaj.pl\/index.php?rest_route=\/wp\/v2\/posts\/4337\/revisions\/4347"}],"wp:featuredmedia":[{"embeddable":true,"href":"https:\/\/online.tvk-gaj.pl\/index.php?rest_route=\/wp\/v2\/media\/3939"}],"wp:attachment":[{"href":"https:\/\/online.tvk-gaj.pl\/index.php?rest_route=%2Fwp%2Fv2%2Fmedia&parent=4337"}],"wp:term":[{"taxonomy":"category","embeddable":true,"href":"https:\/\/online.tvk-gaj.pl\/index.php?rest_route=%2Fwp%2Fv2%2Fcategories&post=4337"},{"taxonomy":"post_tag","embeddable":true,"href":"https:\/\/online.tvk-gaj.pl\/index.php?rest_route=%2Fwp%2Fv2%2Ftags&post=4337"}],"curies":[{"name":"wp","href":"https:\/\/api.w.org\/{rel}","templated":true}]}}