{"id":4366,"date":"2015-06-30T21:51:13","date_gmt":"2015-06-30T19:51:13","guid":{"rendered":"http:\/\/www.tvk-gaj.pl\/~gajonline\/?p=4366"},"modified":"2015-06-30T21:51:13","modified_gmt":"2015-06-30T19:51:13","slug":"festyn-osiedlowy-nasza-relacja","status":"publish","type":"post","link":"https:\/\/online.tvk-gaj.pl\/?p=4366","title":{"rendered":"Festyn osiedlowy &#8211; nasza relacja"},"content":{"rendered":"<p>Za nami tegoroczny festyn Osiedla Gaj. W niedziel\u0119, 28 czerwca, Gaj bawi\u0142 si\u0119 na festynie \u201eWitamy lato na Gaju\u201d, zorganizowanym przez Rad\u0119 Osiedla Gaj. Zapraszamy do obszernej galerii zdj\u0119\u0107 oraz kr\u00f3tkiego podsumowania imprezy.<!--more--><span id=\"more-2917\"><\/span><\/p>\n<p>&nbsp;<\/p>\n<p>W niedziel\u0119, 28 czerwca, na terenie Parku S\u0142onecznego odby\u0142 si\u0119 tradycyjny festyn osiedlowy, kt\u00f3ry rozpocz\u0105\u0142, w formie wsp\u00f3lnej zabawy, tegoroczne lato. Impreza, trwaj\u0105ca od godziny 14 do 22 obfitowa\u0142a w atrakcje, gry, zabawy i niezwyk\u0142\u0105 atmosfer\u0119 wsp\u00f3lnej zabawy w Parku S\u0142onecznym.<\/p>\n<p>&nbsp;<\/p>\n<p><a href=\"http:\/\/www.tvk-gaj.pl\/~gajonline\/wp-content\/uploads\/2015\/06\/plakat1.jpg\"><img loading=\"lazy\" decoding=\"async\" class=\"aligncenter size-medium wp-image-4349\" src=\"http:\/\/www.tvk-gaj.pl\/~gajonline\/wp-content\/uploads\/2015\/06\/plakat1-208x300.jpg\" alt=\"plakat\" width=\"208\" height=\"300\" srcset=\"https:\/\/online.tvk-gaj.pl\/wp-content\/uploads\/2015\/06\/plakat1-208x300.jpg 208w, https:\/\/online.tvk-gaj.pl\/wp-content\/uploads\/2015\/06\/plakat1.jpg 646w\" sizes=\"auto, (max-width: 208px) 100vw, 208px\" \/><\/a><\/p>\n<p>&nbsp;<\/p>\n<p><strong>W\u015br\u00f3d licznych punkt\u00f3w programu festynu pojawi\u0142y si\u0119:<\/strong><\/p>\n<p>&nbsp;<\/p>\n<p>\u2013 wielka scena, a na niej \u2013 muzyka na \u017cywo. Na scenie pojawi\u0142y si\u0119 zespo\u0142y \u201eTequila\u201d oraz \u201eFellowship\u201d<\/p>\n<p>\u2013 oprawa muzyczna DJ Andrzeja Nawrota<\/p>\n<p>\u2013 profesjonalnie prowadzone zabawy dla dzieci, kt\u00f3re zapewnili animatorzy czasu wolnego dla dzieci<\/p>\n<p>\u2013 gry i zabawy dla najm\u0142odszych, w tym: stoiska do malowania twarzy, konkursy \u015bpiewu i ta\u0144ca<\/p>\n<p>\u2013 nagrody dla dzieci za udzia\u0142 w konkursach ufundowane przez Rad\u0119 Osiedla Gaj oraz sponsor\u00f3w<\/p>\n<p>\u2013 warsztaty artystyczne dla dzieci<\/p>\n<p>\u2013 grill bar, stoisko z wat\u0105 cukrow\u0105, goframi, popcornem i innymi smako\u0142ykami<\/p>\n<p>&nbsp;<\/p>\n<p>Festyn zako\u0144czy\u0142 si\u0119 o godzinie 22. Podczas imprezy pojawi\u0142o si\u0119 bardzo wielu mieszka\u0144c\u00f3w osiedla, w szczeg\u00f3lno\u015bci dzieci i m\u0142odzie\u017cy, razem tworz\u0105c niezapomniany klimat i dobr\u0105 zabaw\u0119!<\/p>\n<p>&nbsp;<\/p>\n<p>Serdecznie dzi\u0119kujemy wszystkim za wsp\u00f3ln\u0105 zabaw\u0119!<\/p>\n<p>&nbsp;<\/p>\n<p>&nbsp;<\/p>\n<p>Szczeg\u00f3lne podzi\u0119kowania sk\u0142adamy sponsorom:\u00a0\u00a0<em>Firma handlowo \u2013 us\u0142ugowa Aga, Centrum Handlowe Gaj, Centrum Handlowe Ferio Gaj, Restauracja McDonald\u2019s, Sklep \u017babka,\u00a0Sklep Rabat.<\/em><\/p>\n<p>&nbsp;<\/p>\n<p><strong>GALERIA ZDJ\u0118\u0106<\/strong><\/p>\n<p>&nbsp;<\/p>\n<p><img decoding=\"async\" class=\"ngg_displayed_gallery mceItem\" src=\"http:\/\/www.tvk-gaj.pl\/~gajonline\/index.php\/nextgen-attach_to_post\/preview\/id--4509\" alt=\"\" data-mce-placeholder=\"1\" \/><\/p>\n<p>&nbsp;<\/p>\n<p>&nbsp;<\/p>\n","protected":false},"excerpt":{"rendered":"<p>Za nami tegoroczny festyn Osiedla Gaj. W niedziel\u0119, 28 czerwca, Gaj bawi\u0142 si\u0119 na festynie \u201eWitamy lato na Gaju\u201d, zorganizowanym przez Rad\u0119 Osiedla Gaj. Zapraszamy do obszernej galerii zdj\u0119\u0107 oraz kr\u00f3tkiego podsumowania imprezy.<\/p>\n","protected":false},"author":1,"featured_media":4430,"comment_status":"open","ping_status":"open","sticky":false,"template":"","format":"standard","meta":{"footnotes":""},"categories":[14,12],"tags":[270,282,279,283,469,293,112,166,128,135,294],"class_list":["post-4366","post","type-post","status-publish","format-standard","has-post-thumbnail","hentry","category-aktualnosci","category-artykuly","tag-festyn","tag-festyn-na-gaju","tag-festyn-osiedla-gaj","tag-festyn-osiedlowy","tag-festynu","tag-fotorelacja","tag-gaj","tag-osiedle-gaj","tag-park-sloneczny","tag-rada-osiedla-gaj","tag-relacja"],"_links":{"self":[{"href":"https:\/\/online.tvk-gaj.pl\/index.php?rest_route=\/wp\/v2\/posts\/4366","targetHints":{"allow":["GET"]}}],"collection":[{"href":"https:\/\/online.tvk-gaj.pl\/index.php?rest_route=\/wp\/v2\/posts"}],"about":[{"href":"https:\/\/online.tvk-gaj.pl\/index.php?rest_route=\/wp\/v2\/types\/post"}],"author":[{"embeddable":true,"href":"https:\/\/online.tvk-gaj.pl\/index.php?rest_route=\/wp\/v2\/users\/1"}],"replies":[{"embeddable":true,"href":"https:\/\/online.tvk-gaj.pl\/index.php?rest_route=%2Fwp%2Fv2%2Fcomments&post=4366"}],"version-history":[{"count":2,"href":"https:\/\/online.tvk-gaj.pl\/index.php?rest_route=\/wp\/v2\/posts\/4366\/revisions"}],"predecessor-version":[{"id":4515,"href":"https:\/\/online.tvk-gaj.pl\/index.php?rest_route=\/wp\/v2\/posts\/4366\/revisions\/4515"}],"wp:featuredmedia":[{"embeddable":true,"href":"https:\/\/online.tvk-gaj.pl\/index.php?rest_route=\/wp\/v2\/media\/4430"}],"wp:attachment":[{"href":"https:\/\/online.tvk-gaj.pl\/index.php?rest_route=%2Fwp%2Fv2%2Fmedia&parent=4366"}],"wp:term":[{"taxonomy":"category","embeddable":true,"href":"https:\/\/online.tvk-gaj.pl\/index.php?rest_route=%2Fwp%2Fv2%2Fcategories&post=4366"},{"taxonomy":"post_tag","embeddable":true,"href":"https:\/\/online.tvk-gaj.pl\/index.php?rest_route=%2Fwp%2Fv2%2Ftags&post=4366"}],"curies":[{"name":"wp","href":"https:\/\/api.w.org\/{rel}","templated":true}]}}