{"id":4542,"date":"2015-07-01T17:04:03","date_gmt":"2015-07-01T15:04:03","guid":{"rendered":"http:\/\/www.tvk-gaj.pl\/~gajonline\/?p=4542"},"modified":"2015-07-01T17:05:41","modified_gmt":"2015-07-01T15:05:41","slug":"prezydent-wroclawia-w-radzie-osiedla-gaj","status":"publish","type":"post","link":"https:\/\/online.tvk-gaj.pl\/?p=4542","title":{"rendered":"Prezydent Wroc\u0142awia w Radzie Osiedla Gaj!"},"content":{"rendered":"<p>Rada Osiedla Gaj d\u0142ugo czeka\u0142a na ten moment. Prezydent Wroc\u0142awia Rafa\u0142 Dutkiewicz znalaz\u0142 czas dla Gaju i we wtorek, 30 czerwca pojawi\u0142 si\u0119 na osiedlu, \u017ceby spotka\u0144 si\u0119 z osiedlowymi radnymi i porozmawia\u0107 o problemach tej cz\u0119\u015bci miasta. Spotkanie z Prezydentem obfitowa\u0142o w wiele wa\u017cnych dla Gaju deklaracji. Zapraszamy do relacji ze spotkania.\u00a0<!--more--><\/p>\n<p>Prezydent Rafa\u0142 Dutkiewicz pojawi\u0142 si\u0119 w siedzibie Rady Osiedla Gaj przy ul. Krynickiej o godz. 17, 30 czerwca. Wraz z Prezydentem zjawili si\u0119 tak\u017ce\u00a0Jacek Sutryk &#8211; Dyrektor Departamentu Spraw Spo\u0142ecznych UMW oraz\u00a0Krzysztof Dzia\u0142a &#8211; Dyrektor Zarz\u0105du Zieleni Miejskiej.<\/p>\n<p>Opr\u00f3cz przedstawicieli miejskich w\u0142adz na spotkaniu pojawili si\u0119 przedstawiciele UOKP Silesia Wroc\u0142aw Gaj, w tym prezes Renato D\u017cugaj oraz Radni Rady Osiedla.<\/p>\n<p>Ponad godzinne spotkanie przebiega\u0142o w partnerskiej i owocnej atmosferze dyskusji nad problemami i potrzebami osiedla.<\/p>\n<div id=\"attachment_4555\" style=\"width: 848px\" class=\"wp-caption aligncenter\"><a href=\"http:\/\/www.tvk-gaj.pl\/~gajonline\/wp-content\/uploads\/2015\/07\/P6300018.jpg\"><img loading=\"lazy\" decoding=\"async\" aria-describedby=\"caption-attachment-4555\" class=\"size-large wp-image-4555\" src=\"http:\/\/www.tvk-gaj.pl\/~gajonline\/wp-content\/uploads\/2015\/07\/P6300018-1024x768.jpg\" alt=\"OLYMPUS DIGITAL CAMERA\" width=\"838\" height=\"629\" srcset=\"https:\/\/online.tvk-gaj.pl\/wp-content\/uploads\/2015\/07\/P6300018-1024x768.jpg 1024w, https:\/\/online.tvk-gaj.pl\/wp-content\/uploads\/2015\/07\/P6300018-300x225.jpg 300w, https:\/\/online.tvk-gaj.pl\/wp-content\/uploads\/2015\/07\/P6300018.jpg 1984w\" sizes=\"auto, (max-width: 838px) 100vw, 838px\" \/><\/a><p id=\"caption-attachment-4555\" class=\"wp-caption-text\">Od lewej: Krzysztof Dzia\u0142a, Jacek Sutryk, Prezydent Rafa\u0142 Dutkiewicz, Adam Wojtaszewski<\/p><\/div>\n<p>&nbsp;<\/p>\n<p>Dzi\u0119ki dzia\u0142aniom Rady Osiedla Gaj, w tym tworzeniu projekt\u00f3w, wysy\u0142aniu pism oraz dzia\u0142alno\u015bci na rzec promocji osiedla w magistracie, uda\u0142o si\u0119 uzyska\u0107 od Pana Prezydenta zapewnienia o realizacji 3 wa\u017cnych dla osiedla inwestycji.<\/p>\n<p>Pierwsza to gruntowna przebudowa boiska pi\u0142karskiego przy ul. Orzechowej. Do wiosny przysz\u0142ego roku w miejscu obecnego boiska pojawi\u0107 si\u0119 ma nowoczesny obiekt sportowy, obejmuj\u0105cy sztuczn\u0105 muraw\u0119 do gry w pi\u0142k\u0119 no\u017cn\u0105, ogrodzenie, o\u015bwietlenie oraz pe\u0142ne zaplecze sportowe. Obiekt ma s\u0142u\u017cy\u0107 m.in. potrzebom szkoleniowym Uczniowskiego Osiedlowego Klubu Pi\u0142karskiego Silesia Wroc\u0142aw-Gaj.<\/p>\n<p>&nbsp;<\/p>\n<p><a href=\"http:\/\/www.tvk-gaj.pl\/~gajonline\/wp-content\/uploads\/2013\/07\/1010440_586423548055177_1198104772_n.jpg\"><img loading=\"lazy\" decoding=\"async\" class=\"aligncenter size-full wp-image-1459\" src=\"http:\/\/www.tvk-gaj.pl\/~gajonline\/wp-content\/uploads\/2013\/07\/1010440_586423548055177_1198104772_n.jpg\" alt=\"1010440_586423548055177_1198104772_n\" width=\"960\" height=\"720\" srcset=\"https:\/\/online.tvk-gaj.pl\/wp-content\/uploads\/2013\/07\/1010440_586423548055177_1198104772_n.jpg 960w, https:\/\/online.tvk-gaj.pl\/wp-content\/uploads\/2013\/07\/1010440_586423548055177_1198104772_n-300x225.jpg 300w\" sizes=\"auto, (max-width: 960px) 100vw, 960px\" \/><\/a><br \/>\nDrug\u0105, obiecan\u0105 przez Prezydenta Dutkiewicza inwestycj\u0105 jest budowa parkingu przed Gimnazjum Nr 25 na ul. Orzechowej. W miejscu obecnego ziemnego, prowizorycznego parkingu pojawi\u0107 si\u0119 ma pe\u0142noprawny parking wraz z zatoczk\u0105 dla autobus\u00f3w, kt\u00f3re pojawiaj\u0105 si\u0119 pod szko\u0142\u0105 na potrzeby transportu m\u0142odzie\u017cy.<\/p>\n<p>&nbsp;<\/p>\n<p><a href=\"http:\/\/www.tvk-gaj.pl\/~gajonline\/wp-content\/uploads\/2013\/07\/dziury0720132.jpg\"><img loading=\"lazy\" decoding=\"async\" class=\"aligncenter size-large wp-image-1402\" src=\"http:\/\/www.tvk-gaj.pl\/~gajonline\/wp-content\/uploads\/2013\/07\/dziury0720132-1024x768.jpg\" alt=\"dziury0720132\" width=\"838\" height=\"629\" srcset=\"https:\/\/online.tvk-gaj.pl\/wp-content\/uploads\/2013\/07\/dziury0720132-1024x768.jpg 1024w, https:\/\/online.tvk-gaj.pl\/wp-content\/uploads\/2013\/07\/dziury0720132-300x225.jpg 300w, https:\/\/online.tvk-gaj.pl\/wp-content\/uploads\/2013\/07\/dziury0720132.jpg 1632w\" sizes=\"auto, (max-width: 838px) 100vw, 838px\" \/><\/a><br \/>\nTrzecia kwesti\u0105 poruszon\u0105 na spotkaniu jest tzw. Wzg\u00f3rze Gajowe. Tutaj miejskie w\u0142adze obieca\u0142y gruntowne posprz\u0105tanie terenu, monta\u017c koszy na \u015bmieci oraz \u0142awek od strony ul. Bardzkiej, co ma stworzy\u0107 zielone miejsce do rekreacji na osiedlu.<\/p>\n<p>&nbsp;<\/p>\n<p><a href=\"http:\/\/www.tvk-gaj.pl\/~gajonline\/wp-content\/uploads\/2013\/04\/DSC004531.jpg\"><img loading=\"lazy\" decoding=\"async\" class=\"aligncenter wp-image-1555 size-full\" src=\"http:\/\/www.tvk-gaj.pl\/~gajonline\/wp-content\/uploads\/2013\/04\/DSC004531.jpg\" alt=\"DSC00453\" width=\"1024\" height=\"768\" srcset=\"https:\/\/online.tvk-gaj.pl\/wp-content\/uploads\/2013\/04\/DSC004531.jpg 1024w, https:\/\/online.tvk-gaj.pl\/wp-content\/uploads\/2013\/04\/DSC004531-300x225.jpg 300w\" sizes=\"auto, (max-width: 1024px) 100vw, 1024px\" \/><\/a><\/p>\n<p>&nbsp;<\/p>\n<p>&nbsp;<\/p>\n<p>Trzeba przyzna\u0107, \u017ce wszystkie zapewnione przez Prezydenta inwestycje s\u0105 zwie\u0144czeniem wieloletniej pracy na rzecz modernizacji osiedla. Dzieci i m\u0142odzie\u017c doczekaj\u0105 si\u0119 pe\u0142noprawnego boiska do trening\u00f3w, Szko\u0142a poprawi bezpiecze\u0144stwo w ruchu pieszych przed plac\u00f3wk\u0105, natomiast wszyscy mieszka\u0144cy zyskaj\u0105 nowy i bezpieczny teren do rekreacji.<\/p>\n<p>Spotkanie z Prezydentem Miasta Wroc\u0142awia by\u0142o pierwszym takim spotkanie w siedzibie Rady Osiedla Gaj. Drugim za\u015b spotkaniem z mieszka\u0144cami Gaju. Pierwszy raz Prezydent Dutkiewicz pojawi\u0142 si\u0119 na Gaju w 2004r. na Festynie Osiedlowym.<\/p>\n<p>Spotkanie zako\u0144czy\u0142o si\u0119 ok. godz. 18:30.<\/p>\n<p>&nbsp;<\/p>\n<p>&nbsp;<\/p>\n<p><strong>GALERIA ZDJ\u0118\u0106<\/strong><\/p>\n<p><img decoding=\"async\" class=\"ngg_displayed_gallery mceItem\" src=\"http:\/\/www.tvk-gaj.pl\/~gajonline\/index.php\/nextgen-attach_to_post\/preview\/id--4565\" alt=\"\" data-mce-placeholder=\"1\" \/><\/p>\n<p>&nbsp;<\/p>\n<p>&nbsp;<\/p>\n<p>&nbsp;<\/p>\n","protected":false},"excerpt":{"rendered":"<p>Rada Osiedla Gaj d\u0142ugo czeka\u0142a na ten moment. Prezydent Wroc\u0142awia Rafa\u0142 Dutkiewicz znalaz\u0142 czas dla Gaju i we wtorek, 30 czerwca pojawi\u0142 si\u0119 na osiedlu, \u017ceby spotka\u0144 si\u0119 z osiedlowymi radnymi i porozmawia\u0107 o problemach tej cz\u0119\u015bci miasta. Spotkanie z Prezydentem obfitowa\u0142o w wiele wa\u017cnych dla Gaju deklaracji. Zapraszamy do relacji ze spotkania.\u00a0<\/p>\n","protected":false},"author":1,"featured_media":4543,"comment_status":"open","ping_status":"open","sticky":false,"template":"","format":"standard","meta":{"footnotes":""},"categories":[14,12],"tags":[470,376,472,135,471,165],"class_list":["post-4542","post","type-post","status-publish","format-standard","has-post-thumbnail","hentry","category-aktualnosci","category-artykuly","tag-prezydent","tag-prezydent-wroclawia","tag-prezydent-wroclawia-na-gaju","tag-rada-osiedla-gaj","tag-rafal-dutkiewicz","tag-wroclaw"],"_links":{"self":[{"href":"https:\/\/online.tvk-gaj.pl\/index.php?rest_route=\/wp\/v2\/posts\/4542","targetHints":{"allow":["GET"]}}],"collection":[{"href":"https:\/\/online.tvk-gaj.pl\/index.php?rest_route=\/wp\/v2\/posts"}],"about":[{"href":"https:\/\/online.tvk-gaj.pl\/index.php?rest_route=\/wp\/v2\/types\/post"}],"author":[{"embeddable":true,"href":"https:\/\/online.tvk-gaj.pl\/index.php?rest_route=\/wp\/v2\/users\/1"}],"replies":[{"embeddable":true,"href":"https:\/\/online.tvk-gaj.pl\/index.php?rest_route=%2Fwp%2Fv2%2Fcomments&post=4542"}],"version-history":[{"count":5,"href":"https:\/\/online.tvk-gaj.pl\/index.php?rest_route=\/wp\/v2\/posts\/4542\/revisions"}],"predecessor-version":[{"id":4587,"href":"https:\/\/online.tvk-gaj.pl\/index.php?rest_route=\/wp\/v2\/posts\/4542\/revisions\/4587"}],"wp:featuredmedia":[{"embeddable":true,"href":"https:\/\/online.tvk-gaj.pl\/index.php?rest_route=\/wp\/v2\/media\/4543"}],"wp:attachment":[{"href":"https:\/\/online.tvk-gaj.pl\/index.php?rest_route=%2Fwp%2Fv2%2Fmedia&parent=4542"}],"wp:term":[{"taxonomy":"category","embeddable":true,"href":"https:\/\/online.tvk-gaj.pl\/index.php?rest_route=%2Fwp%2Fv2%2Fcategories&post=4542"},{"taxonomy":"post_tag","embeddable":true,"href":"https:\/\/online.tvk-gaj.pl\/index.php?rest_route=%2Fwp%2Fv2%2Ftags&post=4542"}],"curies":[{"name":"wp","href":"https:\/\/api.w.org\/{rel}","templated":true}]}}