{"id":4589,"date":"2015-07-13T22:19:51","date_gmt":"2015-07-13T20:19:51","guid":{"rendered":"http:\/\/www.tvk-gaj.pl\/~gajonline\/?p=4589"},"modified":"2015-07-13T22:23:18","modified_gmt":"2015-07-13T20:23:18","slug":"wakacyjne-zmiany-godzin","status":"publish","type":"post","link":"https:\/\/online.tvk-gaj.pl\/?p=4589","title":{"rendered":"Wakacyjne zmiany godzin dy\u017cur\u00f3w Rady Osiedla"},"content":{"rendered":"<p>Informujemy o zmianach w dy\u017curach Rady Osiedla Gaj w miesi\u0105cach lipiec-sierpie\u0144.<!--more--><\/p>\n<p>&nbsp;<\/p>\n<p>W zwi\u0105zku z sezonem wakacyjnym zmianie ulegaj\u0105 godziny przyj\u0119\u0107 interesant\u00f3w w Radzie Osiedla Gaj.<br \/>\nW miesi\u0105cach lipiec-sierpie\u0144 dy\u017cury w RO odbywaj\u0105 si\u0119 raz w tygodniu, w ka\u017cdy czwartek w godzinach 18-20.<\/p>\n<p>&nbsp;<\/p>\n<p><a href=\"http:\/\/www.tvk-gaj.pl\/~gajonline\/wp-content\/uploads\/2013\/04\/PB200019.jpg\"><img loading=\"lazy\" decoding=\"async\" class=\"aligncenter wp-image-1799 size-large\" src=\"http:\/\/www.tvk-gaj.pl\/~gajonline\/wp-content\/uploads\/2013\/04\/PB200019-768x1024.jpg\" alt=\"OLYMPUS DIGITAL CAMERA\" width=\"768\" height=\"1024\" srcset=\"https:\/\/online.tvk-gaj.pl\/wp-content\/uploads\/2013\/04\/PB200019-768x1024.jpg 768w, https:\/\/online.tvk-gaj.pl\/wp-content\/uploads\/2013\/04\/PB200019-225x300.jpg 225w, https:\/\/online.tvk-gaj.pl\/wp-content\/uploads\/2013\/04\/PB200019.jpg 1488w\" sizes=\"auto, (max-width: 768px) 100vw, 768px\" \/><\/a><\/p>\n<p>&nbsp;<\/p>\n<p>Serdecznie zapraszamy do naszej siedziby przy ul. Krynickiej 80!<\/p>\n<p>&nbsp;<\/p>\n<p>&nbsp;<\/p>\n","protected":false},"excerpt":{"rendered":"<p>Informujemy o zmianach w dy\u017curach Rady Osiedla Gaj w miesi\u0105cach lipiec-sierpie\u0144.<\/p>\n","protected":false},"author":1,"featured_media":2477,"comment_status":"open","ping_status":"open","sticky":false,"template":"","format":"standard","meta":{"footnotes":""},"categories":[14],"tags":[473,474,135],"class_list":["post-4589","post","type-post","status-publish","format-standard","has-post-thumbnail","hentry","category-aktualnosci","tag-dyzury","tag-godziny-otwarcia","tag-rada-osiedla-gaj"],"_links":{"self":[{"href":"https:\/\/online.tvk-gaj.pl\/index.php?rest_route=\/wp\/v2\/posts\/4589","targetHints":{"allow":["GET"]}}],"collection":[{"href":"https:\/\/online.tvk-gaj.pl\/index.php?rest_route=\/wp\/v2\/posts"}],"about":[{"href":"https:\/\/online.tvk-gaj.pl\/index.php?rest_route=\/wp\/v2\/types\/post"}],"author":[{"embeddable":true,"href":"https:\/\/online.tvk-gaj.pl\/index.php?rest_route=\/wp\/v2\/users\/1"}],"replies":[{"embeddable":true,"href":"https:\/\/online.tvk-gaj.pl\/index.php?rest_route=%2Fwp%2Fv2%2Fcomments&post=4589"}],"version-history":[{"count":4,"href":"https:\/\/online.tvk-gaj.pl\/index.php?rest_route=\/wp\/v2\/posts\/4589\/revisions"}],"predecessor-version":[{"id":4593,"href":"https:\/\/online.tvk-gaj.pl\/index.php?rest_route=\/wp\/v2\/posts\/4589\/revisions\/4593"}],"wp:featuredmedia":[{"embeddable":true,"href":"https:\/\/online.tvk-gaj.pl\/index.php?rest_route=\/wp\/v2\/media\/2477"}],"wp:attachment":[{"href":"https:\/\/online.tvk-gaj.pl\/index.php?rest_route=%2Fwp%2Fv2%2Fmedia&parent=4589"}],"wp:term":[{"taxonomy":"category","embeddable":true,"href":"https:\/\/online.tvk-gaj.pl\/index.php?rest_route=%2Fwp%2Fv2%2Fcategories&post=4589"},{"taxonomy":"post_tag","embeddable":true,"href":"https:\/\/online.tvk-gaj.pl\/index.php?rest_route=%2Fwp%2Fv2%2Ftags&post=4589"}],"curies":[{"name":"wp","href":"https:\/\/api.w.org\/{rel}","templated":true}]}}