{"id":4594,"date":"2015-07-16T15:52:12","date_gmt":"2015-07-16T13:52:12","guid":{"rendered":"http:\/\/www.tvk-gaj.pl\/~gajonline\/?p=4594"},"modified":"2015-07-18T09:59:03","modified_gmt":"2015-07-18T07:59:03","slug":"plan-klubu-seniora-na-lipiec","status":"publish","type":"post","link":"https:\/\/online.tvk-gaj.pl\/?p=4594","title":{"rendered":"Plan Klubu Seniora na lipiec"},"content":{"rendered":"<p>Serdecznie zapraszamy wszystkich senior\u00f3w osiedla do Klubu Seniora dzia\u0142aj\u0105cego przy Radzie Osiedla Gaj! Prezentujemy plan spotka\u0144 na lipiec.<!--more--><\/p>\n<p>Wraz z nadej\u015bciem lata Klub Seniora na Gaju przedstawia bogat\u0105 ofert\u0119 zaj\u0119\u0107 dla senior\u00f3w mieszkaj\u0105cych na osiedlu. W programie m.in. nauka gry w bingo, wyj\u015bcie do Afrykanarium w ZOO, spacer z kijkami nordic walking i wiele innych.<\/p>\n<p>&nbsp;<\/p>\n<p><strong>[AKTUALIZACJA z dn. 18.07.2015r.]<\/strong> Ze wzgl\u0119du na remont holu g\u0142\u00f3wnego w SP Nr 90 nale\u017cy korzysta\u0107 z wej\u015bcia g\u0142\u00f3wnego do Gimnazjum Nr 25 , aby dosta\u0107 si\u0119 na zaj\u0119cia<br \/>\n<strong>[AKTUALIZACJA z dn. 17.07.2015r.]<\/strong> W\u00a0dniu 23 lipca zaj\u0119cia w Klubie wyj\u0105tkowo odb\u0119d\u0105 si\u0119 w godz. 18.00-20.00.<\/p>\n<p><a href=\"http:\/\/www.tvk-gaj.pl\/~gajonline\/wp-content\/uploads\/2015\/07\/klubsenioralipiec.jpg\"><img loading=\"lazy\" decoding=\"async\" class=\"aligncenter size-full wp-image-4595\" src=\"http:\/\/www.tvk-gaj.pl\/~gajonline\/wp-content\/uploads\/2015\/07\/klubsenioralipiec.jpg\" alt=\"klubsenioralipiec\" width=\"492\" height=\"745\" srcset=\"https:\/\/online.tvk-gaj.pl\/wp-content\/uploads\/2015\/07\/klubsenioralipiec.jpg 492w, https:\/\/online.tvk-gaj.pl\/wp-content\/uploads\/2015\/07\/klubsenioralipiec-198x300.jpg 198w\" sizes=\"auto, (max-width: 492px) 100vw, 492px\" \/><\/a><\/p>\n<p>&nbsp;<\/p>\n<p><strong>Spotkania odbywaj\u0105 si\u0119 w Szkole Podstawowej Nr 90 przy ul. Orzechowej 62 w sali nr 5 w ka\u017cdy czwartek od godziny 17:00 do godziny 19:00!\u00a0<\/strong><\/p>\n<p>&nbsp;<\/p>\n<p>&nbsp;<\/p>\n","protected":false},"excerpt":{"rendered":"<p>Serdecznie zapraszamy wszystkich senior\u00f3w osiedla do Klubu Seniora dzia\u0142aj\u0105cego przy Radzie Osiedla Gaj! Prezentujemy plan spotka\u0144 na lipiec.<\/p>\n","protected":false},"author":1,"featured_media":3981,"comment_status":"open","ping_status":"open","sticky":false,"template":"","format":"standard","meta":{"footnotes":""},"categories":[14,441],"tags":[112,431,421,475,476,135],"class_list":["post-4594","post","type-post","status-publish","format-standard","has-post-thumbnail","hentry","category-aktualnosci","category-klub","tag-gaj","tag-klub-seniora","tag-klub-seniora-na-gaju","tag-plan","tag-plan-na-lipiec","tag-rada-osiedla-gaj"],"_links":{"self":[{"href":"https:\/\/online.tvk-gaj.pl\/index.php?rest_route=\/wp\/v2\/posts\/4594","targetHints":{"allow":["GET"]}}],"collection":[{"href":"https:\/\/online.tvk-gaj.pl\/index.php?rest_route=\/wp\/v2\/posts"}],"about":[{"href":"https:\/\/online.tvk-gaj.pl\/index.php?rest_route=\/wp\/v2\/types\/post"}],"author":[{"embeddable":true,"href":"https:\/\/online.tvk-gaj.pl\/index.php?rest_route=\/wp\/v2\/users\/1"}],"replies":[{"embeddable":true,"href":"https:\/\/online.tvk-gaj.pl\/index.php?rest_route=%2Fwp%2Fv2%2Fcomments&post=4594"}],"version-history":[{"count":3,"href":"https:\/\/online.tvk-gaj.pl\/index.php?rest_route=\/wp\/v2\/posts\/4594\/revisions"}],"predecessor-version":[{"id":4598,"href":"https:\/\/online.tvk-gaj.pl\/index.php?rest_route=\/wp\/v2\/posts\/4594\/revisions\/4598"}],"wp:featuredmedia":[{"embeddable":true,"href":"https:\/\/online.tvk-gaj.pl\/index.php?rest_route=\/wp\/v2\/media\/3981"}],"wp:attachment":[{"href":"https:\/\/online.tvk-gaj.pl\/index.php?rest_route=%2Fwp%2Fv2%2Fmedia&parent=4594"}],"wp:term":[{"taxonomy":"category","embeddable":true,"href":"https:\/\/online.tvk-gaj.pl\/index.php?rest_route=%2Fwp%2Fv2%2Fcategories&post=4594"},{"taxonomy":"post_tag","embeddable":true,"href":"https:\/\/online.tvk-gaj.pl\/index.php?rest_route=%2Fwp%2Fv2%2Ftags&post=4594"}],"curies":[{"name":"wp","href":"https:\/\/api.w.org\/{rel}","templated":true}]}}