{"id":4621,"date":"2015-07-21T09:40:57","date_gmt":"2015-07-21T07:40:57","guid":{"rendered":"http:\/\/www.tvk-gaj.pl\/~gajonline\/?p=4621"},"modified":"2015-07-21T09:40:57","modified_gmt":"2015-07-21T07:40:57","slug":"zakonczono-budowe-lacznika-miedzy-gajem-a-wojszycami","status":"publish","type":"post","link":"https:\/\/online.tvk-gaj.pl\/?p=4621","title":{"rendered":"Zako\u0144czono budow\u0119 \u0142\u0105cznika mi\u0119dzy Gajem, a Wojszycami"},"content":{"rendered":"<p>W zesz\u0142ym tygodniu na swoim facebook&#8217;owym profilu Zarz\u0105d Dr\u00f3g i Utrzymania Miasta we Wroc\u0142awiu poinformowa\u0142, \u017ce zako\u0144czy\u0142a si\u0119 budowa \u0142\u0105cznika pomi\u0119dzy Gajem, a Wojszycami. Chodzi o chodnik i \u015bcie\u017ck\u0119 rowerow\u0105 wraz z o\u015bwietleniem, kt\u00f3ra prowadzi\u00a0do (i pod) wiaduktu na \u0142\u0105czniku ulic Pawiej i Kukuczki.<!--more--><\/p>\n<p>O samej inwestycji pisali\u015bmy ju\u017c ponad rok temu w artykule pt. &#8222;<span style=\"color: #000000;\"><a style=\"color: #000000;\" href=\"http:\/\/www.tvk-gaj.pl\/~gajonline\/?p=2986\" target=\"_blank\">Powstanie o\u015bwietlona droga, kt\u00f3ra wreszcie po\u0142\u0105czy Gaj z Wojszycami<\/a><\/span>&#8221;<\/p>\n<p>Budowa \u0142\u0105cznika mi\u0119dzy Gajem, Wojszycami poruszy\u0142a czytelnik\u00f3w, czego dowodem by\u0142y liczne komentarze i maile do Rady Osiedla Gaj w sprawie nieuko\u0144czonej inwestycji, kt\u00f3ra realizowana by\u0142a z wielomiesi\u0119cznym op\u00f3\u017anieniem. Pisali\u015bmy o tym tak\u017ce\u00a0<span style=\"color: #000000;\"><a style=\"color: #000000;\" href=\"http:\/\/www.tvk-gaj.pl\/~gajonline\/?p=3937\" target=\"_blank\">w artykule w \u00a0lutym<\/a><\/span>.<\/p>\n<p>Obecnie miasto rozpoczyna odbiory techniczne inwestycji.\u00a0Mieszka\u0144cy mog\u0105 ju\u017c swobodnie przechodzi\u0107 nowym traktem. Uniedogodnieniem, o kt\u00f3rym pisali\u015bcie w komentarzach pod poprzednimi tekstami, \u00a0jest brak o\u015bwietlenia. Wed\u0142ug ZDiUM jest ono gotowe do uruchomienia, jednak inwestor oczekuje za\u0142o\u017cenia\u00a0licznika przez firm\u0119 Tauron.<\/p>\n<p>Pozostaje wi\u0119c cieszy\u0107 si\u0119 tym, \u017ce mimo op\u00f3\u017anienia, mieszka\u0144cy po\u0142udnia Gaju wreszcie nie b\u0119d\u0105 musieli ton\u0105\u0107 w b\u0142ocie chc\u0105c dosta\u0107 si\u0119 w kierunku Wojszyc, a w szczeg\u00f3lno\u015bci do Szko\u0142y Podstawowej przy ul. Pawiej.<\/p>\n<p>&nbsp;<\/p>\n<p><strong>Galeria zdj\u0119\u0107<\/strong><\/p>\n<p><img decoding=\"async\" class=\"ngg_displayed_gallery mceItem\" src=\"http:\/\/www.tvk-gaj.pl\/~gajonline\/index.php\/nextgen-attach_to_post\/preview\/id--4623\" alt=\"\" data-mce-placeholder=\"1\" \/><\/p>\n<p>&nbsp;<\/p>\n","protected":false},"excerpt":{"rendered":"<p>W zesz\u0142ym tygodniu na swoim facebook&#8217;owym profilu Zarz\u0105d Dr\u00f3g i Utrzymania Miasta we Wroc\u0142awiu poinformowa\u0142, \u017ce zako\u0144czy\u0142a si\u0119 budowa \u0142\u0105cznika pomi\u0119dzy Gajem, a Wojszycami. Chodzi o chodnik i \u015bcie\u017ck\u0119 rowerow\u0105 wraz z o\u015bwietleniem, kt\u00f3ra prowadzi\u00a0do (i pod) wiaduktu na \u0142\u0105czniku ulic Pawiej i Kukuczki.<\/p>\n","protected":false},"author":1,"featured_media":4622,"comment_status":"open","ping_status":"open","sticky":false,"template":"","format":"standard","meta":{"footnotes":""},"categories":[14,12],"tags":[158,312,112,249,242,326,135,420,243,466,477,310,203,405],"class_list":["post-4621","post","type-post","status-publish","format-standard","has-post-thumbnail","hentry","category-aktualnosci","category-artykuly","tag-budowa","tag-droga","tag-gaj","tag-inwestycja","tag-kukuczki","tag-pawia","tag-rada-osiedla-gaj","tag-sciezka","tag-sciezka-rowerowa","tag-tunel","tag-wiadukt","tag-wojszyce","tag-zdium","tag-lacznik"],"_links":{"self":[{"href":"https:\/\/online.tvk-gaj.pl\/index.php?rest_route=\/wp\/v2\/posts\/4621","targetHints":{"allow":["GET"]}}],"collection":[{"href":"https:\/\/online.tvk-gaj.pl\/index.php?rest_route=\/wp\/v2\/posts"}],"about":[{"href":"https:\/\/online.tvk-gaj.pl\/index.php?rest_route=\/wp\/v2\/types\/post"}],"author":[{"embeddable":true,"href":"https:\/\/online.tvk-gaj.pl\/index.php?rest_route=\/wp\/v2\/users\/1"}],"replies":[{"embeddable":true,"href":"https:\/\/online.tvk-gaj.pl\/index.php?rest_route=%2Fwp%2Fv2%2Fcomments&post=4621"}],"version-history":[{"count":1,"href":"https:\/\/online.tvk-gaj.pl\/index.php?rest_route=\/wp\/v2\/posts\/4621\/revisions"}],"predecessor-version":[{"id":4624,"href":"https:\/\/online.tvk-gaj.pl\/index.php?rest_route=\/wp\/v2\/posts\/4621\/revisions\/4624"}],"wp:featuredmedia":[{"embeddable":true,"href":"https:\/\/online.tvk-gaj.pl\/index.php?rest_route=\/wp\/v2\/media\/4622"}],"wp:attachment":[{"href":"https:\/\/online.tvk-gaj.pl\/index.php?rest_route=%2Fwp%2Fv2%2Fmedia&parent=4621"}],"wp:term":[{"taxonomy":"category","embeddable":true,"href":"https:\/\/online.tvk-gaj.pl\/index.php?rest_route=%2Fwp%2Fv2%2Fcategories&post=4621"},{"taxonomy":"post_tag","embeddable":true,"href":"https:\/\/online.tvk-gaj.pl\/index.php?rest_route=%2Fwp%2Fv2%2Ftags&post=4621"}],"curies":[{"name":"wp","href":"https:\/\/api.w.org\/{rel}","templated":true}]}}