{"id":4627,"date":"2015-07-31T11:13:53","date_gmt":"2015-07-31T09:13:53","guid":{"rendered":"http:\/\/www.tvk-gaj.pl\/~gajonline\/?p=4627"},"modified":"2015-08-03T11:37:39","modified_gmt":"2015-08-03T09:37:39","slug":"obraz-osiedla-po-wichurze","status":"publish","type":"post","link":"https:\/\/online.tvk-gaj.pl\/?p=4627","title":{"rendered":"Obraz osiedla po wichurze"},"content":{"rendered":"<p>P\u00f3\u017anym wieczorem, w niedziel\u0119 19 lipca, nad Wroc\u0142awiem przesz\u0142a pot\u0119\u017cna burz\u0105 po\u0142\u0105czona z bardzo silnymi podmuchami wiatru oraz intensywnymi opadami. Kilkudziesi\u0119cio minutowa nawa\u0142nica spowodowa\u0142a ogromne starty w mie\u015bcie. Jednym z najbardziej dotkni\u0119tych obszar\u00f3w by\u0142 Gaj.<!--more--><\/p>\n<p>&nbsp;<br \/>\nNawa\u0142nica przesz\u0142a nad Wroc\u0142awiem w niedziel\u0119 wieczorem 19 lipca. Ulice i parki zosta\u0142y zawalone po\u0142amanymi ga\u0142\u0119ziami i zwalonymi drzewami. \u00a0Zerwanych zosta\u0142o ponad \u00a060 linii energetycznych, a wiele tuneli i wiadukt\u00f3w znalaz\u0142o si\u0119 pod wod\u0105.<br \/>\nDo najwi\u0119kszych uszkodze\u0144 dosz\u0142o na osiedlach: Borek, Broch\u00f3w, Bierdzany, <strong>Gaj<\/strong>, Muchob\u00f3r Wielki, Opor\u00f3w, Osobowice, Strachowice, Tarnogaj, \u017berniki oraz w gminie Siechnice.<\/p>\n<p>Na terenie osiedla najwi\u0119ksze straty powsta\u0142y w Parku Skowronim. Wed\u0142ug wst\u0119pnych ustale\u0144 uszkodzonych mog\u0142o zosta\u0107 nawet 60% drzewostanu.\u00a0Miejskie s\u0142u\u017cby od razu rozpocz\u0119\u0142y sprz\u0105tanie po wichurze. Mimo, \u017ce od wichury min\u0119\u0142o ju\u017c kilka dni prace nie wsz\u0119dzie si\u0119 jeszcze sko\u0144czy\u0142y. Ci\u0105gle trwa sprz\u0105tanie Parku Skowroniego.<\/p>\n<blockquote><p>Ma\u0142gorzata Szafran z Urz\u0119du Miasta tak komentuje sytuacj\u0119: Wszystkie ci\u0105gi piesze i wodne s\u0105 udro\u017cnione. Jednak w dalszym ci\u0105gu sprz\u0105tane s\u0105 parki, i to troch\u0119 potrwa. &#8211; Drewno jest zbierane i ci\u0119te. Trwaj\u0105 prace z klasyfikacj\u0105 drzew. Cz\u0119\u015b\u0107 z nich zostanie przeznaczona do piel\u0119gnacji, niekt\u00f3re trzeba b\u0119dzie wyci\u0105\u0107.<\/p><\/blockquote>\n<p>Wed\u0142ug magistratu najbardziej ucierpia\u0142y parki: Grabiszy\u0144ski, Skowroni i Po\u0142udniowy.<\/p>\n<p>Na Gaju r\u00f3wnie\u017c nie brakowa\u0142o zniszcze\u0144. Wiele drzew zosta\u0142o po\u0142amanych, ucierpia\u0142o r\u00f3wnie\u017c kilka pojazd\u00f3w na kt\u00f3re spad\u0142y zerwane przez wiatr ga\u0142\u0119zie.<\/p>\n<p>&nbsp;<\/p>\n<p>Publikujemy kilka fotografii nades\u0142anych przez naszych Czytelnik\u00f3w:<\/p>\n<p>&nbsp;<\/p>\n<p><a href=\"http:\/\/www.tvk-gaj.pl\/~gajonline\/wp-content\/uploads\/2015\/07\/10506951_10204045155559062_9070182978268858183_o.jpg\"><img loading=\"lazy\" decoding=\"async\" class=\"aligncenter size-large wp-image-4629\" src=\"http:\/\/www.tvk-gaj.pl\/~gajonline\/wp-content\/uploads\/2015\/07\/10506951_10204045155559062_9070182978268858183_o-1024x575.jpg\" alt=\"10506951_10204045155559062_9070182978268858183_o\" width=\"838\" height=\"471\" srcset=\"https:\/\/online.tvk-gaj.pl\/wp-content\/uploads\/2015\/07\/10506951_10204045155559062_9070182978268858183_o-1024x575.jpg 1024w, https:\/\/online.tvk-gaj.pl\/wp-content\/uploads\/2015\/07\/10506951_10204045155559062_9070182978268858183_o-300x168.jpg 300w, https:\/\/online.tvk-gaj.pl\/wp-content\/uploads\/2015\/07\/10506951_10204045155559062_9070182978268858183_o.jpg 1446w\" sizes=\"auto, (max-width: 838px) 100vw, 838px\" \/><\/a><\/p>\n<p>&nbsp;<\/p>\n<p><a href=\"http:\/\/www.tvk-gaj.pl\/~gajonline\/wp-content\/uploads\/2015\/07\/11702794_978320782198783_5307215294980181313_n.jpg\"><img loading=\"lazy\" decoding=\"async\" class=\"aligncenter size-full wp-image-4630\" src=\"http:\/\/www.tvk-gaj.pl\/~gajonline\/wp-content\/uploads\/2015\/07\/11702794_978320782198783_5307215294980181313_n.jpg\" alt=\"11702794_978320782198783_5307215294980181313_n\" width=\"540\" height=\"720\" srcset=\"https:\/\/online.tvk-gaj.pl\/wp-content\/uploads\/2015\/07\/11702794_978320782198783_5307215294980181313_n.jpg 540w, https:\/\/online.tvk-gaj.pl\/wp-content\/uploads\/2015\/07\/11702794_978320782198783_5307215294980181313_n-225x300.jpg 225w\" sizes=\"auto, (max-width: 540px) 100vw, 540px\" \/><\/a><\/p>\n<p>&nbsp;<\/p>\n<p><a href=\"http:\/\/www.tvk-gaj.pl\/~gajonline\/wp-content\/uploads\/2015\/07\/po-burzy-wroclaw-04.jpg\"><img loading=\"lazy\" decoding=\"async\" class=\"aligncenter size-full wp-image-4631\" src=\"http:\/\/www.tvk-gaj.pl\/~gajonline\/wp-content\/uploads\/2015\/07\/po-burzy-wroclaw-04.jpg\" alt=\"po-burzy-wroclaw-04\" width=\"480\" height=\"640\" srcset=\"https:\/\/online.tvk-gaj.pl\/wp-content\/uploads\/2015\/07\/po-burzy-wroclaw-04.jpg 480w, https:\/\/online.tvk-gaj.pl\/wp-content\/uploads\/2015\/07\/po-burzy-wroclaw-04-225x300.jpg 225w\" sizes=\"auto, (max-width: 480px) 100vw, 480px\" \/><\/a><\/p>\n<p>&nbsp;<\/p>\n<p><a href=\"http:\/\/www.tvk-gaj.pl\/~gajonline\/wp-content\/uploads\/2015\/07\/11745480_977049985659196_8658920698528805592_n.jpg\"><img loading=\"lazy\" decoding=\"async\" class=\"aligncenter size-full wp-image-4632\" src=\"http:\/\/www.tvk-gaj.pl\/~gajonline\/wp-content\/uploads\/2015\/07\/11745480_977049985659196_8658920698528805592_n.jpg\" alt=\"11745480_977049985659196_8658920698528805592_n\" width=\"576\" height=\"960\" srcset=\"https:\/\/online.tvk-gaj.pl\/wp-content\/uploads\/2015\/07\/11745480_977049985659196_8658920698528805592_n.jpg 576w, https:\/\/online.tvk-gaj.pl\/wp-content\/uploads\/2015\/07\/11745480_977049985659196_8658920698528805592_n-180x300.jpg 180w\" sizes=\"auto, (max-width: 576px) 100vw, 576px\" \/><\/a><\/p>\n<p>&nbsp;<\/p>\n<p><a href=\"http:\/\/www.tvk-gaj.pl\/~gajonline\/wp-content\/uploads\/2015\/07\/55ac9a25da8f6_p.jpg\"><img loading=\"lazy\" decoding=\"async\" class=\"aligncenter size-full wp-image-4633\" src=\"http:\/\/www.tvk-gaj.pl\/~gajonline\/wp-content\/uploads\/2015\/07\/55ac9a25da8f6_p.jpg\" alt=\"55ac9a25da8f6_p\" width=\"780\" height=\"439\" srcset=\"https:\/\/online.tvk-gaj.pl\/wp-content\/uploads\/2015\/07\/55ac9a25da8f6_p.jpg 780w, https:\/\/online.tvk-gaj.pl\/wp-content\/uploads\/2015\/07\/55ac9a25da8f6_p-300x169.jpg 300w\" sizes=\"auto, (max-width: 780px) 100vw, 780px\" \/><\/a><\/p>\n<p>&nbsp;<\/p>\n<p>&nbsp;<\/p>\n<p>&nbsp;<\/p>\n","protected":false},"excerpt":{"rendered":"<p>P\u00f3\u017anym wieczorem, w niedziel\u0119 19 lipca, nad Wroc\u0142awiem przesz\u0142a pot\u0119\u017cna burz\u0105 po\u0142\u0105czona z bardzo silnymi podmuchami wiatru oraz intensywnymi opadami. Kilkudziesi\u0119cio minutowa nawa\u0142nica spowodowa\u0142a ogromne starty w mie\u015bcie. Jednym z najbardziej dotkni\u0119tych obszar\u00f3w by\u0142 Gaj.<\/p>\n","protected":false},"author":1,"featured_media":4629,"comment_status":"open","ping_status":"open","sticky":false,"template":"","format":"standard","meta":{"footnotes":""},"categories":[14,12],"tags":[479,112,480,481,478,442],"class_list":["post-4627","post","type-post","status-publish","format-standard","has-post-thumbnail","hentry","category-aktualnosci","category-artykuly","tag-burza","tag-gaj","tag-nawalnica","tag-obraz-osiedla-po-burzy","tag-osiedle-po-wichurze","tag-park-skowroni"],"_links":{"self":[{"href":"https:\/\/online.tvk-gaj.pl\/index.php?rest_route=\/wp\/v2\/posts\/4627","targetHints":{"allow":["GET"]}}],"collection":[{"href":"https:\/\/online.tvk-gaj.pl\/index.php?rest_route=\/wp\/v2\/posts"}],"about":[{"href":"https:\/\/online.tvk-gaj.pl\/index.php?rest_route=\/wp\/v2\/types\/post"}],"author":[{"embeddable":true,"href":"https:\/\/online.tvk-gaj.pl\/index.php?rest_route=\/wp\/v2\/users\/1"}],"replies":[{"embeddable":true,"href":"https:\/\/online.tvk-gaj.pl\/index.php?rest_route=%2Fwp%2Fv2%2Fcomments&post=4627"}],"version-history":[{"count":3,"href":"https:\/\/online.tvk-gaj.pl\/index.php?rest_route=\/wp\/v2\/posts\/4627\/revisions"}],"predecessor-version":[{"id":4635,"href":"https:\/\/online.tvk-gaj.pl\/index.php?rest_route=\/wp\/v2\/posts\/4627\/revisions\/4635"}],"wp:featuredmedia":[{"embeddable":true,"href":"https:\/\/online.tvk-gaj.pl\/index.php?rest_route=\/wp\/v2\/media\/4629"}],"wp:attachment":[{"href":"https:\/\/online.tvk-gaj.pl\/index.php?rest_route=%2Fwp%2Fv2%2Fmedia&parent=4627"}],"wp:term":[{"taxonomy":"category","embeddable":true,"href":"https:\/\/online.tvk-gaj.pl\/index.php?rest_route=%2Fwp%2Fv2%2Fcategories&post=4627"},{"taxonomy":"post_tag","embeddable":true,"href":"https:\/\/online.tvk-gaj.pl\/index.php?rest_route=%2Fwp%2Fv2%2Ftags&post=4627"}],"curies":[{"name":"wp","href":"https:\/\/api.w.org\/{rel}","templated":true}]}}