{"id":4651,"date":"2015-09-03T22:53:29","date_gmt":"2015-09-03T20:53:29","guid":{"rendered":"http:\/\/www.tvk-gaj.pl\/~gajonline\/?p=4651"},"modified":"2015-09-07T11:31:22","modified_gmt":"2015-09-07T09:31:22","slug":"festyn-z-koszykarzami-na-gaju","status":"publish","type":"post","link":"https:\/\/online.tvk-gaj.pl\/?p=4651","title":{"rendered":"Festyn koszykarski na Gaju &#8211; fotorelacja [aktualizacja]"},"content":{"rendered":"<p>Dobra informacja dla fan\u00f3w koszyk\u00f3wki! W\u00a0najbli\u017csz\u0105 niedziel\u0119, 6 czerwca, przy ul. Bardzkiej odb\u0119dzie si\u0119 festyn z udzia\u0142em zawodnik\u00f3w Wroc\u0142awskiego Klubu Koszyk\u00f3wki. Imprez\u0119 organizuj\u0105 Restauracja MCDonald&#8217;s oraz market Carrefour z Bardzkiej. Ca\u0142o\u015b\u0107 poprowadzi Pan Andrzej Nawrot, legendarny osiedlowy DJ:) [AKTUALIZACJA 07.09.2015] Zapraszamy do fotorelacji z imprezy!<!--more--><\/p>\n<p>W niedziel\u0119 6 czerwca o godz. 11:00 \u00a0na placu przed Restauracj\u0105 MCDonald&#8217;s i marketem Carrefour\u00a0odb\u0119dzie si\u0119 festyn z udzia\u0142em zawodnik\u00f3w WKK.<\/p>\n<p><a href=\"http:\/\/www.tvk-gaj.pl\/~gajonline\/wp-content\/uploads\/2015\/09\/plakatmcdonalds.png\"><img loading=\"lazy\" decoding=\"async\" class=\"aligncenter size-full wp-image-4652\" src=\"http:\/\/www.tvk-gaj.pl\/~gajonline\/wp-content\/uploads\/2015\/09\/plakatmcdonalds.png\" alt=\"plakatmcdonalds\" width=\"680\" height=\"949\" srcset=\"https:\/\/online.tvk-gaj.pl\/wp-content\/uploads\/2015\/09\/plakatmcdonalds.png 680w, https:\/\/online.tvk-gaj.pl\/wp-content\/uploads\/2015\/09\/plakatmcdonalds-215x300.png 215w\" sizes=\"auto, (max-width: 680px) 100vw, 680px\" \/><\/a><\/p>\n<p>&nbsp;<\/p>\n<p>Imprez\u0119 poprowadzi Andrzej Nawrot.<\/p>\n<p><strong>Zapraszamy do zapoznania si\u0119 z fotorelacj\u0105 z imprezy.<\/strong><\/p>\n<p><img decoding=\"async\" class=\"ngg_displayed_gallery mceItem\" src=\"http:\/\/www.tvk-gaj.pl\/~gajonline\/index.php\/nextgen-attach_to_post\/preview\/id--4791\" alt=\"\" data-mce-placeholder=\"1\" \/><\/p>\n<p>&nbsp;<\/p>\n<p>&nbsp;<\/p>\n","protected":false},"excerpt":{"rendered":"<p>Dobra informacja dla fan\u00f3w koszyk\u00f3wki! W\u00a0najbli\u017csz\u0105 niedziel\u0119, 6 czerwca, przy ul. Bardzkiej odb\u0119dzie si\u0119 festyn z udzia\u0142em zawodnik\u00f3w Wroc\u0142awskiego Klubu Koszyk\u00f3wki. Imprez\u0119 organizuj\u0105 Restauracja MCDonald&#8217;s oraz market Carrefour z Bardzkiej. Ca\u0142o\u015b\u0107 poprowadzi Pan Andrzej Nawrot, legendarny osiedlowy DJ:) [AKTUALIZACJA 07.09.2015] Zapraszamy do fotorelacji z imprezy!<\/p>\n","protected":false},"author":1,"featured_media":4652,"comment_status":"open","ping_status":"open","sticky":false,"template":"","format":"standard","meta":{"footnotes":""},"categories":[14],"tags":[197,270,112,451,486,459,271,487],"class_list":["post-4651","post","type-post","status-publish","format-standard","has-post-thumbnail","hentry","category-aktualnosci","tag-bardzka","tag-festyn","tag-gaj","tag-koszykowka","tag-mcdonald","tag-mcdonalds","tag-piknik","tag-wkk"],"_links":{"self":[{"href":"https:\/\/online.tvk-gaj.pl\/index.php?rest_route=\/wp\/v2\/posts\/4651","targetHints":{"allow":["GET"]}}],"collection":[{"href":"https:\/\/online.tvk-gaj.pl\/index.php?rest_route=\/wp\/v2\/posts"}],"about":[{"href":"https:\/\/online.tvk-gaj.pl\/index.php?rest_route=\/wp\/v2\/types\/post"}],"author":[{"embeddable":true,"href":"https:\/\/online.tvk-gaj.pl\/index.php?rest_route=\/wp\/v2\/users\/1"}],"replies":[{"embeddable":true,"href":"https:\/\/online.tvk-gaj.pl\/index.php?rest_route=%2Fwp%2Fv2%2Fcomments&post=4651"}],"version-history":[{"count":3,"href":"https:\/\/online.tvk-gaj.pl\/index.php?rest_route=\/wp\/v2\/posts\/4651\/revisions"}],"predecessor-version":[{"id":4654,"href":"https:\/\/online.tvk-gaj.pl\/index.php?rest_route=\/wp\/v2\/posts\/4651\/revisions\/4654"}],"wp:featuredmedia":[{"embeddable":true,"href":"https:\/\/online.tvk-gaj.pl\/index.php?rest_route=\/wp\/v2\/media\/4652"}],"wp:attachment":[{"href":"https:\/\/online.tvk-gaj.pl\/index.php?rest_route=%2Fwp%2Fv2%2Fmedia&parent=4651"}],"wp:term":[{"taxonomy":"category","embeddable":true,"href":"https:\/\/online.tvk-gaj.pl\/index.php?rest_route=%2Fwp%2Fv2%2Fcategories&post=4651"},{"taxonomy":"post_tag","embeddable":true,"href":"https:\/\/online.tvk-gaj.pl\/index.php?rest_route=%2Fwp%2Fv2%2Ftags&post=4651"}],"curies":[{"name":"wp","href":"https:\/\/api.w.org\/{rel}","templated":true}]}}