{"id":4795,"date":"2015-09-07T10:02:26","date_gmt":"2015-09-07T08:02:26","guid":{"rendered":"http:\/\/www.tvk-gaj.pl\/~gajonline\/?p=4795"},"modified":"2015-09-08T10:44:50","modified_gmt":"2015-09-08T08:44:50","slug":"ruszyl-przyladek-nadziei-nowy-szpital-onkologiczny-na-wroclawskim-gaju","status":"publish","type":"post","link":"https:\/\/online.tvk-gaj.pl\/?p=4795","title":{"rendered":"Ruszy\u0142 \u201ePrzyl\u0105dek nadziei\u201d \u2013 nowy szpital onkologiczny na wroc\u0142awskim Gaju"},"content":{"rendered":"<p>7 wrze\u015bnia 2015 oficjalnie rozpocz\u0105\u0142 swoj\u0105 dzia\u0142alno\u015b\u0107 &#8222;Przyl\u0105dek Nadziei&#8221; &#8211; najnowocze\u015bniejszy w Polsce szpital onkologiczny dla dzieci. Powsta\u0142 w kampusie Uniwersytetu Medycznego we Wroc\u0142awiu przy ul. Borowskiej.\u00a0<!--more--><\/p>\n<p>Nowy szpital powsta\u0142 dzi\u0119ki wsp\u00f3lnej inicjatywie Uniwersytetu Medycznego we Wroc\u0142awiu \u00a0oraz Fundacji \u201eNa ratunek dzieciom z chorob\u0105 nowotworow\u0105\u201d. \u00a0W budow\u0105 plac\u00f3wki bardzo zaanga\u017cowali si\u0119 m.in.\u00a0prof. Alicja Chybicka &#8211; szefowa Kliniki,\u00a0Agnieszka Aleksandrowicz &#8211; szefowa Fundacji Na Ratunek Dzieciom z Chorob\u0105 Nowotworow\u0105, a tak\u017ce znane osoby, m.in. dziennikarka i podr\u00f3\u017cniczka &#8211; Martyna Wojciechowska.<\/p>\n<p>&nbsp;<\/p>\n<p><a href=\"http:\/\/www.tvk-gaj.pl\/~gajonline\/wp-content\/uploads\/2015\/09\/1317b18aea26497a7c9bb7502610433f.jpg\"><img loading=\"lazy\" decoding=\"async\" class=\"aligncenter size-full wp-image-4796\" src=\"http:\/\/www.tvk-gaj.pl\/~gajonline\/wp-content\/uploads\/2015\/09\/1317b18aea26497a7c9bb7502610433f.jpg\" alt=\"1317b18aea26497a7c9bb7502610433f\" width=\"788\" height=\"444\" srcset=\"https:\/\/online.tvk-gaj.pl\/wp-content\/uploads\/2015\/09\/1317b18aea26497a7c9bb7502610433f.jpg 788w, https:\/\/online.tvk-gaj.pl\/wp-content\/uploads\/2015\/09\/1317b18aea26497a7c9bb7502610433f-300x169.jpg 300w\" sizes=\"auto, (max-width: 788px) 100vw, 788px\" \/><\/a><\/p>\n<p>&nbsp;<\/p>\n<p>Dotychczas dzieci z terenu ca\u0142ego wojew\u00f3dztwa (a tak\u017ce kraju) zmuszone by\u0142y do leczenia\u00a0w starym, poniemieckim budynku szpitala przy ul. Bujwida. \u00a0Jak m\u00f3wi prof. Alicja Chybicka\u00a0&#8222;P\u0119kaj\u0105ce rury, zacieki, brak klimatyzacji, zagrzybione mury od wielu lat stanowi\u0142y zagro\u017cenie dla procesu leczenia.\u00a0Poza tym, w niezwykle ciasnych i w\u0105skich salach brakowa\u0142o miejsca dla mam naszych ma\u0142ych pacjent\u00f3w.&#8221;<\/p>\n<p>&nbsp;<\/p>\n<p><a href=\"http:\/\/www.tvk-gaj.pl\/~gajonline\/wp-content\/uploads\/2015\/09\/10505592_10156077600435565_1381112632426153488_n.jpg\"><img loading=\"lazy\" decoding=\"async\" class=\"aligncenter size-full wp-image-4805\" src=\"http:\/\/www.tvk-gaj.pl\/~gajonline\/wp-content\/uploads\/2015\/09\/10505592_10156077600435565_1381112632426153488_n.jpg\" alt=\"10505592_10156077600435565_1381112632426153488_n\" width=\"960\" height=\"960\" srcset=\"https:\/\/online.tvk-gaj.pl\/wp-content\/uploads\/2015\/09\/10505592_10156077600435565_1381112632426153488_n.jpg 960w, https:\/\/online.tvk-gaj.pl\/wp-content\/uploads\/2015\/09\/10505592_10156077600435565_1381112632426153488_n-150x150.jpg 150w, https:\/\/online.tvk-gaj.pl\/wp-content\/uploads\/2015\/09\/10505592_10156077600435565_1381112632426153488_n-300x300.jpg 300w, https:\/\/online.tvk-gaj.pl\/wp-content\/uploads\/2015\/09\/10505592_10156077600435565_1381112632426153488_n-160x160.jpg 160w, https:\/\/online.tvk-gaj.pl\/wp-content\/uploads\/2015\/09\/10505592_10156077600435565_1381112632426153488_n-240x240.jpg 240w, https:\/\/online.tvk-gaj.pl\/wp-content\/uploads\/2015\/09\/10505592_10156077600435565_1381112632426153488_n-60x60.jpg 60w, https:\/\/online.tvk-gaj.pl\/wp-content\/uploads\/2015\/09\/10505592_10156077600435565_1381112632426153488_n-184x184.jpg 184w\" sizes=\"auto, (max-width: 960px) 100vw, 960px\" \/><\/a><\/p>\n<p>W ci\u0105gu najbli\u017cszych kilku tygodnia do nowego szpitala przy ul. Borowskiej zaczn\u0105 przenosi\u0107 si\u0119 mali pacjenci. Nowa inwestycja robi wra\u017cenie!<\/p>\n<p>&nbsp;<\/p>\n<p><a href=\"http:\/\/www.tvk-gaj.pl\/~gajonline\/wp-content\/uploads\/2015\/09\/Widok-og\u00f3lny-na-nowy-blok-Kliniki-wizualizacja-1.jpg\"><img loading=\"lazy\" decoding=\"async\" class=\"aligncenter size-full wp-image-4804\" src=\"http:\/\/www.tvk-gaj.pl\/~gajonline\/wp-content\/uploads\/2015\/09\/Widok-og\u00f3lny-na-nowy-blok-Kliniki-wizualizacja-1.jpg\" alt=\"Widok og\u00f3lny na nowy blok Kliniki -wizualizacja 1\" width=\"780\" height=\"385\" srcset=\"https:\/\/online.tvk-gaj.pl\/wp-content\/uploads\/2015\/09\/Widok-og\u00f3lny-na-nowy-blok-Kliniki-wizualizacja-1.jpg 780w, https:\/\/online.tvk-gaj.pl\/wp-content\/uploads\/2015\/09\/Widok-og\u00f3lny-na-nowy-blok-Kliniki-wizualizacja-1-300x148.jpg 300w\" sizes=\"auto, (max-width: 780px) 100vw, 780px\" \/><\/a><\/p>\n<p>&nbsp;<\/p>\n<p>Nowa klinika hematologii i onkologii dzieci\u0119cej jest kolorowa i nowoczesna. To wa\u017cne, poniewa\u017c leczy\u0107 si\u0119 w niej b\u0119d\u0105 dzieci. Szpital jest mocno przeszklony, a wn\u0119trza s\u0105 s\u0142oneczne. Sale s\u0105 pomalowane jasnymi farbami, a \u015bciany zdobi\u0105 grafiki przygotowane przez artyst\u00f3w z wroc\u0142awskiej Akademii Sztuk Pi\u0119knych.<\/p>\n<p>&nbsp;<\/p>\n<p><a href=\"http:\/\/www.tvk-gaj.pl\/~gajonline\/wp-content\/uploads\/2015\/09\/11894494_1000707373293457_7187914940055451515_o.jpg\"><img loading=\"lazy\" decoding=\"async\" class=\"aligncenter size-large wp-image-4798\" src=\"http:\/\/www.tvk-gaj.pl\/~gajonline\/wp-content\/uploads\/2015\/09\/11894494_1000707373293457_7187914940055451515_o-1024x327.jpg\" alt=\"11894494_1000707373293457_7187914940055451515_o\" width=\"838\" height=\"268\" srcset=\"https:\/\/online.tvk-gaj.pl\/wp-content\/uploads\/2015\/09\/11894494_1000707373293457_7187914940055451515_o-1024x327.jpg 1024w, https:\/\/online.tvk-gaj.pl\/wp-content\/uploads\/2015\/09\/11894494_1000707373293457_7187914940055451515_o-300x96.jpg 300w, https:\/\/online.tvk-gaj.pl\/wp-content\/uploads\/2015\/09\/11894494_1000707373293457_7187914940055451515_o.jpg 2048w\" sizes=\"auto, (max-width: 838px) 100vw, 838px\" \/><\/a><\/p>\n<p>&nbsp;<\/p>\n<p>Budynek b\u0119dzie mie\u015bci\u0107 75 pacjent\u00f3w stacjonarnych oraz 10 w trybie dziennym.\u00a0Sale na oddziale onkologicznym b\u0119d\u0105 jedno i dwuosobowe, ka\u017cda z nich z osobn\u0105 toalet\u0105 i dodatkowym, sk\u0142adanym \u0142\u00f3\u017ckiem dla rodzica. Ponadto w plac\u00f3wce znajduje si\u0119 hotel dla rodzic\u00f3w i dzieci, kt\u00f3re nie potrzebuj\u0105 ca\u0142odobowej opieki medycznej. W szpitalu znajdzie si\u0119 \u015bwietlica oraz miejsca do zabaw dla dzieci.\u00a0Dzieci b\u0119d\u0105 mog\u0142y r\u00f3wnie\u017c korzysta\u0107 ze \u015bwietlicy, biblioteki i dw\u00f3ch szkolnych sal, a tak\u017ce pokoi zabaw. Bezpo\u015brednio przy budynku jest plac zabaw i niewielki park.<\/p>\n<p>&nbsp;<\/p>\n<p><a href=\"http:\/\/www.tvk-gaj.pl\/~gajonline\/wp-content\/uploads\/2015\/09\/przyladek-nadziei-014.jpg\"><img loading=\"lazy\" decoding=\"async\" class=\"aligncenter size-large wp-image-4799\" src=\"http:\/\/www.tvk-gaj.pl\/~gajonline\/wp-content\/uploads\/2015\/09\/przyladek-nadziei-014.jpg\" alt=\"przyladek-nadziei-014\" width=\"630\" height=\"350\" srcset=\"https:\/\/online.tvk-gaj.pl\/wp-content\/uploads\/2015\/09\/przyladek-nadziei-014.jpg 630w, https:\/\/online.tvk-gaj.pl\/wp-content\/uploads\/2015\/09\/przyladek-nadziei-014-300x167.jpg 300w\" sizes=\"auto, (max-width: 630px) 100vw, 630px\" \/><\/a><\/p>\n<p><a href=\"http:\/\/www.tvk-gaj.pl\/~gajonline\/wp-content\/uploads\/2015\/09\/przyladek-nadziei-018.jpg\"><img loading=\"lazy\" decoding=\"async\" class=\"aligncenter size-large wp-image-4800\" src=\"http:\/\/www.tvk-gaj.pl\/~gajonline\/wp-content\/uploads\/2015\/09\/przyladek-nadziei-018.jpg\" alt=\"przyladek-nadziei-018\" width=\"630\" height=\"350\" srcset=\"https:\/\/online.tvk-gaj.pl\/wp-content\/uploads\/2015\/09\/przyladek-nadziei-018.jpg 630w, https:\/\/online.tvk-gaj.pl\/wp-content\/uploads\/2015\/09\/przyladek-nadziei-018-300x167.jpg 300w\" sizes=\"auto, (max-width: 630px) 100vw, 630px\" \/><\/a><\/p>\n<p><a href=\"http:\/\/www.tvk-gaj.pl\/~gajonline\/wp-content\/uploads\/2015\/09\/przyladek-nadziei-024.jpg\"><img loading=\"lazy\" decoding=\"async\" class=\"aligncenter size-large wp-image-4801\" src=\"http:\/\/www.tvk-gaj.pl\/~gajonline\/wp-content\/uploads\/2015\/09\/przyladek-nadziei-024.jpg\" alt=\"przyladek-nadziei-024\" width=\"630\" height=\"350\" srcset=\"https:\/\/online.tvk-gaj.pl\/wp-content\/uploads\/2015\/09\/przyladek-nadziei-024.jpg 630w, https:\/\/online.tvk-gaj.pl\/wp-content\/uploads\/2015\/09\/przyladek-nadziei-024-300x167.jpg 300w\" sizes=\"auto, (max-width: 630px) 100vw, 630px\" \/><\/a><\/p>\n<p>&nbsp;<\/p>\n<p>Przed &#8222;Przyl\u0105dkiem Nadziei&#8221; znajduje si\u0119 du\u017cy parking, sama za\u015b plac\u00f3wka po\u0142\u0105czona jest podziemnym tunelem z Uniwersyteckim Szpitalem Klinicznym, kt\u00f3ry znajduje si\u0119 w pobli\u017cu. Dzi\u0119ki temu tunelowi\u00a0\u00a0nowa klinika b\u0119dzie korzysta\u0107 mi\u0119dzy innymi ze szpitalnego oddzia\u0142u ratunkowego, pracowni obrazowania i laboratorium.<\/p>\n<p>&nbsp;<\/p>\n<p><a href=\"http:\/\/www.tvk-gaj.pl\/~gajonline\/wp-content\/uploads\/2015\/09\/2015-09-03-14.40.59.jpg\"><img loading=\"lazy\" decoding=\"async\" class=\"aligncenter size-large wp-image-4803\" src=\"http:\/\/www.tvk-gaj.pl\/~gajonline\/wp-content\/uploads\/2015\/09\/2015-09-03-14.40.59-1024x576.jpg\" alt=\"2015-09-03 14.40.59\" width=\"838\" height=\"471\" srcset=\"https:\/\/online.tvk-gaj.pl\/wp-content\/uploads\/2015\/09\/2015-09-03-14.40.59-1024x576.jpg 1024w, https:\/\/online.tvk-gaj.pl\/wp-content\/uploads\/2015\/09\/2015-09-03-14.40.59-300x169.jpg 300w\" sizes=\"auto, (max-width: 838px) 100vw, 838px\" \/><\/a><\/p>\n<p>&nbsp;<\/p>\n<p>&#8222;Przyl\u0105dek Nadziei&#8221;\u00a0posiada\u00a0status Ponadregionalnego Centrum Onkologii Dzieci\u0119cej we Wroc\u0142awiu, odpowiada wi\u0119c za leczenie dzieci choruj\u0105cych na nowotwory nie tylko na Dolnym \u015al\u0105sku, ale i w pozosta\u0142ych wojew\u00f3dztwach. Jest r\u00f3wnie\u017c cz\u0119\u015bci\u0105 Uniwersytyckiego Szpitala Klinicznego.\u00a0Wroc\u0142awska plac\u00f3wka jest najwi\u0119kszym dzieci\u0119cym o\u015brodkiem przeszczepowym w Polsce. Rocznie pod opiek\u0105 szpitala jest ponad dwa tysi\u0105ce ma\u0142ych pacjent\u00f3w. Przeprowadza si\u0119 tu ponad po\u0142ow\u0119 wszystkich operacji transplantacji szpiku dokonywanych w kraju.<\/p>\n<p>&nbsp;<\/p>\n<p><a href=\"http:\/\/www.tvk-gaj.pl\/~gajonline\/wp-content\/uploads\/2015\/09\/2015-09-03-14.42.02.jpg\"><img loading=\"lazy\" decoding=\"async\" class=\"aligncenter size-large wp-image-4802\" src=\"http:\/\/www.tvk-gaj.pl\/~gajonline\/wp-content\/uploads\/2015\/09\/2015-09-03-14.42.02-1024x576.jpg\" alt=\"2015-09-03 14.42.02\" width=\"838\" height=\"471\" srcset=\"https:\/\/online.tvk-gaj.pl\/wp-content\/uploads\/2015\/09\/2015-09-03-14.42.02-1024x576.jpg 1024w, https:\/\/online.tvk-gaj.pl\/wp-content\/uploads\/2015\/09\/2015-09-03-14.42.02-300x169.jpg 300w\" sizes=\"auto, (max-width: 838px) 100vw, 838px\" \/><\/a><\/p>\n<p>&nbsp;<\/p>\n<p>Do Przyl\u0105dka Nadziei b\u0119dzie mo\u017cna dojecha\u0107 od u. \u015al\u0119\u017cnej przez ul. Weigla (doj\u015b\u0107 na pieszo mo\u017cna od ul. Borowskiej).<\/p>\n<p>Budowa nowej kliniki kosztowa\u0142a ponad 100 milion\u00f3w z\u0142otych, z czego 85 mln to \u015brodki z Unii Europejskiej. 10 milion\u00f3w do\u0142o\u017cy\u0142a Fundacja &#8222;Na ratunek dzieciom z chorob\u0105 nowotworow\u0105&#8221;, a 15 milion\u00f3w \u2013 ministerstwo zdrowia.<\/p>\n<p>&nbsp;<\/p>\n","protected":false},"excerpt":{"rendered":"<p>7 wrze\u015bnia 2015 oficjalnie rozpocz\u0105\u0142 swoj\u0105 dzia\u0142alno\u015b\u0107 &#8222;Przyl\u0105dek Nadziei&#8221; &#8211; najnowocze\u015bniejszy w Polsce szpital onkologiczny dla dzieci. Powsta\u0142 w kampusie Uniwersytetu Medycznego we Wroc\u0142awiu przy ul. Borowskiej.\u00a0<\/p>\n","protected":false},"author":1,"featured_media":4796,"comment_status":"open","ping_status":"open","sticky":false,"template":"","format":"standard","meta":{"footnotes":""},"categories":[14,12],"tags":[113,400,112,489,491,492,494,488,490,493],"class_list":["post-4795","post","type-post","status-publish","format-standard","has-post-thumbnail","hentry","category-aktualnosci","category-artykuly","tag-borowska","tag-dzieci","tag-gaj","tag-klinika","tag-onkologia","tag-onkologiczny","tag-otwarcie","tag-przyladek-dobrej-nadzei","tag-szpital","tag-szpital-na-gaju-dla-dzieci"],"_links":{"self":[{"href":"https:\/\/online.tvk-gaj.pl\/index.php?rest_route=\/wp\/v2\/posts\/4795","targetHints":{"allow":["GET"]}}],"collection":[{"href":"https:\/\/online.tvk-gaj.pl\/index.php?rest_route=\/wp\/v2\/posts"}],"about":[{"href":"https:\/\/online.tvk-gaj.pl\/index.php?rest_route=\/wp\/v2\/types\/post"}],"author":[{"embeddable":true,"href":"https:\/\/online.tvk-gaj.pl\/index.php?rest_route=\/wp\/v2\/users\/1"}],"replies":[{"embeddable":true,"href":"https:\/\/online.tvk-gaj.pl\/index.php?rest_route=%2Fwp%2Fv2%2Fcomments&post=4795"}],"version-history":[{"count":5,"href":"https:\/\/online.tvk-gaj.pl\/index.php?rest_route=\/wp\/v2\/posts\/4795\/revisions"}],"predecessor-version":[{"id":4809,"href":"https:\/\/online.tvk-gaj.pl\/index.php?rest_route=\/wp\/v2\/posts\/4795\/revisions\/4809"}],"wp:featuredmedia":[{"embeddable":true,"href":"https:\/\/online.tvk-gaj.pl\/index.php?rest_route=\/wp\/v2\/media\/4796"}],"wp:attachment":[{"href":"https:\/\/online.tvk-gaj.pl\/index.php?rest_route=%2Fwp%2Fv2%2Fmedia&parent=4795"}],"wp:term":[{"taxonomy":"category","embeddable":true,"href":"https:\/\/online.tvk-gaj.pl\/index.php?rest_route=%2Fwp%2Fv2%2Fcategories&post=4795"},{"taxonomy":"post_tag","embeddable":true,"href":"https:\/\/online.tvk-gaj.pl\/index.php?rest_route=%2Fwp%2Fv2%2Ftags&post=4795"}],"curies":[{"name":"wp","href":"https:\/\/api.w.org\/{rel}","templated":true}]}}