{"id":4811,"date":"2015-09-23T22:58:31","date_gmt":"2015-09-23T20:58:31","guid":{"rendered":"http:\/\/www.tvk-gaj.pl\/~gajonline\/?p=4811"},"modified":"2015-09-24T10:08:38","modified_gmt":"2015-09-24T08:08:38","slug":"zapraszamy-na-piknik-osiedlowy-na-gaju","status":"publish","type":"post","link":"https:\/\/online.tvk-gaj.pl\/?p=4811","title":{"rendered":"Zapraszamy na Piknik osiedlowy na Gaju!"},"content":{"rendered":"<p>Zapraszamy na Piknik\u00a0osiedlowy\u00a0na Gaju! Wi\u0119cej informacji w dalszej cz\u0119\u015bci artyku\u0142u.<!--more--><\/p>\n<p>Rada Osiedla Gaj serdecznie zaprasza na Piknik osiedlowy\u00a0na Gaju.<\/p>\n<p>Impreza odb\u0119dzie si\u0119 26 wrze\u015bnia na ternie osiedlowego Parku S\u0142onecznego w godzinach 14-20. Has\u0142o tegorocznego pikniku to &#8222;Po\u017cegnanie lata na Gaju&#8221;!<\/p>\n<p>W programie przewidziano liczne atrakcje dla dzieci i m\u0142odzie\u017cy, w tym m.in.:<\/p>\n<ul>\n<li>gry i zabawy poprowadzone przez profesjonalnych animator\u00f3w zabaw (malowanie twarzy, puszczanie wielkich baniek mydlanych, konkursy, gry, zabawy)<\/li>\n<li>ko\u0142o fortuny z nagrodami dla dzieci<\/li>\n<li>zaj\u0119cia sportowe z trenerem osiedlowym dla dzieci<\/li>\n<li>stoiska komitet\u00f3w wyborczych przed pa\u017adziernikowymi wyborami<\/li>\n<li>punkt informacyjny Klubu Aktywnego Seniora na Gaju<\/li>\n<li>dmuchany zamek\u00a0do skakania, bungee<\/li>\n<li>grill, wata cukrowa, ogr\u00f3dek piwny<\/li>\n<li>muzyka puszczana przez DJNawrota;)<\/li>\n<\/ul>\n<p>Ponadto podczas pikniku b\u0119dzie mo\u017cliwo\u015b\u0107 zapoznania si\u0119 z projektami zg\u0142oszonymi do Wroc\u0142awskiego Bud\u017cetu Obywatelskiego 2015!<\/p>\n<p><a href=\"http:\/\/www.tvk-gaj.pl\/~gajonline\/wp-content\/uploads\/2015\/09\/plakatfestyn0915.jpg\"><img loading=\"lazy\" decoding=\"async\" class=\"aligncenter size-large wp-image-4812\" src=\"http:\/\/www.tvk-gaj.pl\/~gajonline\/wp-content\/uploads\/2015\/09\/plakatfestyn0915-723x1024.jpg\" alt=\"plakatfestyn0915\" width=\"723\" height=\"1024\" srcset=\"https:\/\/online.tvk-gaj.pl\/wp-content\/uploads\/2015\/09\/plakatfestyn0915-723x1024.jpg 723w, https:\/\/online.tvk-gaj.pl\/wp-content\/uploads\/2015\/09\/plakatfestyn0915-212x300.jpg 212w, https:\/\/online.tvk-gaj.pl\/wp-content\/uploads\/2015\/09\/plakatfestyn0915.jpg 760w\" sizes=\"auto, (max-width: 723px) 100vw, 723px\" \/><\/a><\/p>\n<p><b>Zapraszamy!<\/b><\/p>\n<p>&nbsp;<\/p>\n","protected":false},"excerpt":{"rendered":"<p>Zapraszamy na Piknik\u00a0osiedlowy\u00a0na Gaju! Wi\u0119cej informacji w dalszej cz\u0119\u015bci artyku\u0142u.<\/p>\n","protected":false},"author":1,"featured_media":4812,"comment_status":"open","ping_status":"open","sticky":false,"template":"","format":"standard","meta":{"footnotes":""},"categories":[14],"tags":[270,112,128,271,495,292],"class_list":["post-4811","post","type-post","status-publish","format-standard","has-post-thumbnail","hentry","category-aktualnosci","tag-festyn","tag-gaj","tag-park-sloneczny","tag-piknik","tag-piknik-na-gaju","tag-rada-osiedla-2"],"_links":{"self":[{"href":"https:\/\/online.tvk-gaj.pl\/index.php?rest_route=\/wp\/v2\/posts\/4811","targetHints":{"allow":["GET"]}}],"collection":[{"href":"https:\/\/online.tvk-gaj.pl\/index.php?rest_route=\/wp\/v2\/posts"}],"about":[{"href":"https:\/\/online.tvk-gaj.pl\/index.php?rest_route=\/wp\/v2\/types\/post"}],"author":[{"embeddable":true,"href":"https:\/\/online.tvk-gaj.pl\/index.php?rest_route=\/wp\/v2\/users\/1"}],"replies":[{"embeddable":true,"href":"https:\/\/online.tvk-gaj.pl\/index.php?rest_route=%2Fwp%2Fv2%2Fcomments&post=4811"}],"version-history":[{"count":3,"href":"https:\/\/online.tvk-gaj.pl\/index.php?rest_route=\/wp\/v2\/posts\/4811\/revisions"}],"predecessor-version":[{"id":4827,"href":"https:\/\/online.tvk-gaj.pl\/index.php?rest_route=\/wp\/v2\/posts\/4811\/revisions\/4827"}],"wp:featuredmedia":[{"embeddable":true,"href":"https:\/\/online.tvk-gaj.pl\/index.php?rest_route=\/wp\/v2\/media\/4812"}],"wp:attachment":[{"href":"https:\/\/online.tvk-gaj.pl\/index.php?rest_route=%2Fwp%2Fv2%2Fmedia&parent=4811"}],"wp:term":[{"taxonomy":"category","embeddable":true,"href":"https:\/\/online.tvk-gaj.pl\/index.php?rest_route=%2Fwp%2Fv2%2Fcategories&post=4811"},{"taxonomy":"post_tag","embeddable":true,"href":"https:\/\/online.tvk-gaj.pl\/index.php?rest_route=%2Fwp%2Fv2%2Ftags&post=4811"}],"curies":[{"name":"wp","href":"https:\/\/api.w.org\/{rel}","templated":true}]}}