{"id":4821,"date":"2015-09-25T18:37:14","date_gmt":"2015-09-25T16:37:14","guid":{"rendered":"http:\/\/www.tvk-gaj.pl\/~gajonline\/?p=4821"},"modified":"2015-09-26T10:51:25","modified_gmt":"2015-09-26T08:51:25","slug":"uokp-silesia-osiedlowy-klub-pilkarski-z-ktorego-mozemy-byc-dumni","status":"publish","type":"post","link":"https:\/\/online.tvk-gaj.pl\/?p=4821","title":{"rendered":"UOKP &#8222;Silesia&#8221; &#8211; osiedlowy Klub Pi\u0142karski, z kt\u00f3rego mo\u017cemy by\u0107 dumni!"},"content":{"rendered":"<p>Uczniowski Osiedlowy Klub Pi\u0142karski &#8222;Silesia&#8221; rozpocz\u0105\u0142 nowy sezon &#8211; 2015\/2016. W zwi\u0105zku z tym publikujemy artyku\u0142 na temat Klubu &#8211; jego historii, dzia\u0142alno\u015bci, osi\u0105gni\u0119ciach oraz planach!<!--more--><\/p>\n<blockquote><p>Uczniowski Osiedlowy Klub Pi\u0142karski \u201eSilesia\u201d Wroc\u0142aw \u2013 Gaj (w skr\u00f3cie UOKP \u201eSilesia\u201d) dzia\u0142a na terenie Osiedla ju\u017c ponad 5 lat. W tym czasie wykaza\u0142 si\u0119 du\u017cymi osi\u0105gni\u0119ciami na polu organizacji czasu wolnego dla sporej grupy dzieci i m\u0142odzie\u017cy realizuj\u0105c zasad\u0119 \u201eWychowanie poprzez Sport\u201d. Dzia\u0142alno\u015b\u0107 Klubu stopniowo si\u0119 rozrasta, notuje coraz wy\u017cszy poziom sukces\u00f3w szkoleniowych i zwi\u0105zanych z tym awans na szczeblach wsp\u00f3\u0142zawodnictwa dzieci i m\u0142odzie\u017cy. W minionym sezonie dwa zespo\u0142y Klubu (Trampkarze i M\u0142odzicy) rywalizowa\u0142y na poziomie rozgrywek dolno\u015bl\u0105skich, potykaj\u0105c si\u0119 mi\u0119dzy innymi z renomowanymi firmami naszego Regionu (\u015al\u0105sk, Zag\u0142\u0119bie Lubin, Mied\u017a Legnica). W tej konfrontacji zw\u0142aszcza zesp\u00f3\u0142 M\u0142odzik\u00f3w wychodzi\u0142 obronn\u0105 r\u0119k\u0105 nie ust\u0119puj\u0105c wiele swoim r\u00f3wie\u015bnikom z Akademii Pi\u0142karskich klub\u00f3w ligowych.<\/p><\/blockquote>\n<p><a href=\"http:\/\/www.tvk-gaj.pl\/~gajonline\/wp-content\/uploads\/2015\/09\/IMG_3582.jpg\"><img loading=\"lazy\" decoding=\"async\" class=\"aligncenter size-large wp-image-4822\" src=\"http:\/\/www.tvk-gaj.pl\/~gajonline\/wp-content\/uploads\/2015\/09\/IMG_3582-1024x768.jpg\" alt=\"IMG_3582\" width=\"838\" height=\"629\" srcset=\"https:\/\/online.tvk-gaj.pl\/wp-content\/uploads\/2015\/09\/IMG_3582-1024x768.jpg 1024w, https:\/\/online.tvk-gaj.pl\/wp-content\/uploads\/2015\/09\/IMG_3582-300x225.jpg 300w\" sizes=\"auto, (max-width: 838px) 100vw, 838px\" \/><\/a><\/p>\n<p>&nbsp;<\/p>\n<p>Aktualnie dru\u017cyny Silesii rozpocz\u0119\u0142y ju\u017c nowy sezon pi\u0142karski 2015\/2016. Dru\u017cyna M\u0142odzik\u00f3w (trener: Waldemar Prusik) kontynuuje gr\u0119 w Dolno\u015bl\u0105skiej Lidze M\u0142odzik\u00f3w z zamiarem uzyskania w rundzie jesiennej jak najlepszej lokaty i zakwalifikowania si\u0119 wiosn\u0105 do tzw. Fina\u0142u \u201eA\u201d tych rozgrywek. Do tej pory zesp\u00f3\u0142 rozegra\u0142 4 mecze wygrywaj\u0105c u siebie z \u201eOrlikiem\u201d K\u0142odzko 1:0 i FC \u201eAcademy\u201d Wroc\u0142aw 3:2 oraz remisuj\u0105c na wyje\u017adzie z \u201eG\u00f3rnikiem\u201d NM Wa\u0142brzych 1:1 i ulegaj\u0105c 0:1 \u201eChojnikowi\u201d Jelenia G\u00f3ra. Do rozegrania zosta\u0142o jeszcze 7 spotka\u0144, dlatego te\u017c cel jaki ch\u0142opcy sobie postawili jest jak najbardziej mo\u017cliwy do osi\u0105gni\u0119cia.<\/p>\n<p>&nbsp;<\/p>\n<p><a href=\"http:\/\/www.tvk-gaj.pl\/~gajonline\/wp-content\/uploads\/2013\/05\/A096575.jpg\"><img loading=\"lazy\" decoding=\"async\" class=\"aligncenter size-full wp-image-1236\" src=\"http:\/\/www.tvk-gaj.pl\/~gajonline\/wp-content\/uploads\/2013\/05\/A096575.jpg\" alt=\"OLYMPUS DIGITAL CAMERA\" width=\"912\" height=\"684\" srcset=\"https:\/\/online.tvk-gaj.pl\/wp-content\/uploads\/2013\/05\/A096575.jpg 912w, https:\/\/online.tvk-gaj.pl\/wp-content\/uploads\/2013\/05\/A096575-300x225.jpg 300w\" sizes=\"auto, (max-width: 912px) 100vw, 912px\" \/><\/a><\/p>\n<p>&nbsp;<\/p>\n<p>Je\u017celi chodzi o zesp\u00f3\u0142 Trampkarzy (trenerzy: Ryszard Brzoza i Bartosz Miku\u015b) to w tym sezonie wyst\u0119puje on w Lidze Terenowej Trampkarzy skupiaj\u0105cej dru\u017cyny wroc\u0142awskie. Po\u00a0 do\u015bwiadczeniach z ubieg\u0142ego sezonu na szczeblu dolno\u015bl\u0105skim, aktualnie odnosi same zwyci\u0119stwa, wygrywaj\u0105c do tej pory kolejno z Poloni\u0105 II Wroc\u0142aw 4:0, Parasolem II Wroc\u0142aw 5:2 oraz Z WKS \u015al\u0105sk II 6:0. Problemem tej dru\u017cyny b\u0119dzie jednak fakt odej\u015bcia z ko\u0144cem wrze\u015bnia br. do innych klub\u00f3w wroc\u0142awskich oko\u0142o 8 zawodnik\u00f3w, kt\u00f3rzy kontynuuj\u0105 lub rozpocz\u0119li nauk\u0119 w gimnazjalnych klasach sportowych. Uzupe\u0142nienie tych \u201estrat\u201d b\u0119dzie bardzo trudnym zadaniem. St\u0105d apel do gimnazjalist\u00f3w rocznik\u00f3w 2001-2002 lubi\u0105cych \u2018pokopa\u0107\u201d o akces do zespo\u0142u.<\/p>\n<p>&nbsp;<\/p>\n<p><a href=\"http:\/\/www.tvk-gaj.pl\/~gajonline\/wp-content\/uploads\/2012\/12\/A096612.jpg\"><img loading=\"lazy\" decoding=\"async\" class=\"aligncenter size-large wp-image-487\" src=\"http:\/\/www.tvk-gaj.pl\/~gajonline\/wp-content\/uploads\/2012\/12\/A096612-1024x768.jpg\" alt=\"OLYMPUS DIGITAL CAMERA\" width=\"838\" height=\"629\" srcset=\"https:\/\/online.tvk-gaj.pl\/wp-content\/uploads\/2012\/12\/A096612-1024x768.jpg 1024w, https:\/\/online.tvk-gaj.pl\/wp-content\/uploads\/2012\/12\/A096612-300x225.jpg 300w, https:\/\/online.tvk-gaj.pl\/wp-content\/uploads\/2012\/12\/A096612.jpg 1824w\" sizes=\"auto, (max-width: 838px) 100vw, 838px\" \/><\/a><\/p>\n<p>&nbsp;<\/p>\n<p>Opr\u00f3cz tych dw\u00f3ch kategorii wiekowych w Klubie szkol\u0105 si\u0119 i bawi\u0105 grupy Orlik\u00f3w (trener:W. Prusik) oraz \u017bak\u00f3w (trener: R. Brzoza). Na razie zaj\u0119cia odbywaj\u0105 si\u0119 na boiskach obiektu pi\u0142karskiego na Brochowie, lecz ju\u017c od pa\u017adziernika (\u017caki) i listopada br. (orliki) korzysta\u0107 b\u0119d\u0105 z sal sportowych Gimnazjum nr. 25 przy ul. Orzechowej 62.<\/p>\n<p>Maj\u0105c w nied\u0142ugiej\u00a0 perspektywie, obiecan\u0105 przez Prezydenta Dutkiewicza, budow\u0119\u00a0 pe\u0142nowymiarowego boiska na naszym Osiedlu, nale\u017cy oczekiwa\u0107 dalszej intensyfikacji dzia\u0142alno\u015bci Klubu.<\/p>\n<p>&nbsp;<\/p>\n<p><strong>Rada Osiedla Gaj we Wroc\u0142awiu wspiera i promuje dzia\u0142alno\u015b\u0107 UOKP &#8222;Silesia&#8221;, promuj\u0105c zar\u00f3wno sport, aktywno\u015b\u0107 fizyczn\u0105, jak i wspieraj\u0105c lokalne dzia\u0142ania maj\u0105ce na celu aktywizacj\u0119 dzieci i m\u0142odzie\u017cy!\u00a0<\/strong><\/p>\n<p>&nbsp;<\/p>\n<p><span style=\"text-decoration: underline;\">Zapisy na sezon 2015\/2016:<\/span><\/p>\n<p>&nbsp;<\/p>\n<p><a href=\"http:\/\/www.tvk-gaj.pl\/~gajonline\/wp-content\/uploads\/2015\/09\/Silesia_nabor.jpg\"><img loading=\"lazy\" decoding=\"async\" class=\"aligncenter size-full wp-image-4824\" src=\"http:\/\/www.tvk-gaj.pl\/~gajonline\/wp-content\/uploads\/2015\/09\/Silesia_nabor.jpg\" alt=\"Silesia_nabor\" width=\"778\" height=\"561\" srcset=\"https:\/\/online.tvk-gaj.pl\/wp-content\/uploads\/2015\/09\/Silesia_nabor.jpg 778w, https:\/\/online.tvk-gaj.pl\/wp-content\/uploads\/2015\/09\/Silesia_nabor-300x216.jpg 300w, https:\/\/online.tvk-gaj.pl\/wp-content\/uploads\/2015\/09\/Silesia_nabor-287x208.jpg 287w\" sizes=\"auto, (max-width: 778px) 100vw, 778px\" \/><\/a><\/p>\n<p>&nbsp;<\/p>\n<p>&nbsp;<\/p>\n<p><span style=\"text-decoration: underline;\">Kontakt z Klubem:<\/span><\/p>\n<p>Nazwa pe\u0142na: Uczniowski Osiedlowy Klub Pi\u0142karski \u201eSilesia\u201d Wroc\u0142aw \u2013 Gaj<br \/>\nNazwa skr\u00f3cona: UOKP \u201eSilesia\u201d Wroc\u0142aw<br \/>\nBarwy: Bia\u0142o-zielono-czarne<br \/>\nSiedziba: ul. Krynicka 80, 50-555 Wroc\u0142aw<br \/>\nTelefon kontaktowy: 502 300 925<br \/>\nAdres e-mail: <span style=\"color: #000000;\"><a style=\"color: #000000;\" href=\"mailto:uokp_silesia@onet.pl\">uokp_silesia@onet.pl<br \/>\n<\/a>Strona www:\u00a0<a style=\"color: #000000;\" href=\"http:\/\/www.klubsilesia.pl\" target=\"_blank\">www.klubsilesia.pl<\/a><\/span><\/p>\n<p>&nbsp;<\/p>\n<p>&nbsp;<\/p>\n","protected":false},"excerpt":{"rendered":"<p>Uczniowski Osiedlowy Klub Pi\u0142karski &#8222;Silesia&#8221; rozpocz\u0105\u0142 nowy sezon &#8211; 2015\/2016. W zwi\u0105zku z tym publikujemy artyku\u0142 na temat Klubu &#8211; jego historii, dzia\u0142alno\u015bci, osi\u0105gni\u0119ciach oraz planach!<\/p>\n","protected":false},"author":1,"featured_media":4822,"comment_status":"open","ping_status":"open","sticky":false,"template":"","format":"standard","meta":{"footnotes":""},"categories":[14,12],"tags":[501,112,500,504,499,135,498,502,503,497,496],"class_list":["post-4821","post","type-post","status-publish","format-standard","has-post-thumbnail","hentry","category-aktualnosci","category-artykuly","tag-brzoza","tag-gaj","tag-klub-pilkarski","tag-pilka-nozna","tag-pilkarze","tag-rada-osiedla-gaj","tag-silesia-wroclaw-gaj","tag-trener","tag-treningi","tag-uczniowski-osiedlowy-klub-pilkarski-silesia-gaj-wroclaw","tag-uokp-silesia-gaj"],"_links":{"self":[{"href":"https:\/\/online.tvk-gaj.pl\/index.php?rest_route=\/wp\/v2\/posts\/4821","targetHints":{"allow":["GET"]}}],"collection":[{"href":"https:\/\/online.tvk-gaj.pl\/index.php?rest_route=\/wp\/v2\/posts"}],"about":[{"href":"https:\/\/online.tvk-gaj.pl\/index.php?rest_route=\/wp\/v2\/types\/post"}],"author":[{"embeddable":true,"href":"https:\/\/online.tvk-gaj.pl\/index.php?rest_route=\/wp\/v2\/users\/1"}],"replies":[{"embeddable":true,"href":"https:\/\/online.tvk-gaj.pl\/index.php?rest_route=%2Fwp%2Fv2%2Fcomments&post=4821"}],"version-history":[{"count":3,"href":"https:\/\/online.tvk-gaj.pl\/index.php?rest_route=\/wp\/v2\/posts\/4821\/revisions"}],"predecessor-version":[{"id":4826,"href":"https:\/\/online.tvk-gaj.pl\/index.php?rest_route=\/wp\/v2\/posts\/4821\/revisions\/4826"}],"wp:featuredmedia":[{"embeddable":true,"href":"https:\/\/online.tvk-gaj.pl\/index.php?rest_route=\/wp\/v2\/media\/4822"}],"wp:attachment":[{"href":"https:\/\/online.tvk-gaj.pl\/index.php?rest_route=%2Fwp%2Fv2%2Fmedia&parent=4821"}],"wp:term":[{"taxonomy":"category","embeddable":true,"href":"https:\/\/online.tvk-gaj.pl\/index.php?rest_route=%2Fwp%2Fv2%2Fcategories&post=4821"},{"taxonomy":"post_tag","embeddable":true,"href":"https:\/\/online.tvk-gaj.pl\/index.php?rest_route=%2Fwp%2Fv2%2Ftags&post=4821"}],"curies":[{"name":"wp","href":"https:\/\/api.w.org\/{rel}","templated":true}]}}