{"id":490,"date":"2012-12-14T11:59:05","date_gmt":"2012-12-14T10:59:05","guid":{"rendered":"http:\/\/www.gaj-osiedle.wroclaw.pl\/?p=490"},"modified":"2012-12-14T11:59:57","modified_gmt":"2012-12-14T10:59:57","slug":"spotkanie-z-mops-w-radzie-osiedla","status":"publish","type":"post","link":"https:\/\/online.tvk-gaj.pl\/?p=490","title":{"rendered":"Spotkanie z MOPS w Radzie Osiedla"},"content":{"rendered":"<p>W \u015brod\u0119, 2 stycznia, odb\u0119dzie si\u0119 spotkanie z przedstawicielami Miejskiego O\u015brodka Pomocy Spo\u0142ecznej. Spotkanie, kt\u00f3re odb\u0119dzie si\u0119 w Radzie Osiedla Gaj, przy ul. Krynickiej 80 o godz. 16, dotyczy\u0107 ma &#8222;Zdrowego stylu \u017cycia&#8221;. \u00a0Zapraszamy na spotkanie.<\/p>\n","protected":false},"excerpt":{"rendered":"<p>W \u015brod\u0119, 2 stycznia, odb\u0119dzie si\u0119 spotkanie z przedstawicielami Miejskiego O\u015brodka Pomocy Spo\u0142ecznej. Spotkanie, kt\u00f3re odb\u0119dzie si\u0119 w Radzie Osiedla Gaj, przy ul. Krynickiej 80 o godz. 16, dotyczy\u0107 ma &#8222;Zdrowego stylu \u017cycia&#8221;. \u00a0Zapraszamy na spotkanie.<\/p>\n","protected":false},"author":1,"featured_media":491,"comment_status":"open","ping_status":"open","sticky":false,"template":"","format":"standard","meta":{"footnotes":""},"categories":[14],"tags":[31],"class_list":["post-490","post","type-post","status-publish","format-standard","has-post-thumbnail","hentry","category-aktualnosci","tag-mops-rada-osiedla-gaj"],"_links":{"self":[{"href":"https:\/\/online.tvk-gaj.pl\/index.php?rest_route=\/wp\/v2\/posts\/490","targetHints":{"allow":["GET"]}}],"collection":[{"href":"https:\/\/online.tvk-gaj.pl\/index.php?rest_route=\/wp\/v2\/posts"}],"about":[{"href":"https:\/\/online.tvk-gaj.pl\/index.php?rest_route=\/wp\/v2\/types\/post"}],"author":[{"embeddable":true,"href":"https:\/\/online.tvk-gaj.pl\/index.php?rest_route=\/wp\/v2\/users\/1"}],"replies":[{"embeddable":true,"href":"https:\/\/online.tvk-gaj.pl\/index.php?rest_route=%2Fwp%2Fv2%2Fcomments&post=490"}],"version-history":[{"count":2,"href":"https:\/\/online.tvk-gaj.pl\/index.php?rest_route=\/wp\/v2\/posts\/490\/revisions"}],"predecessor-version":[{"id":493,"href":"https:\/\/online.tvk-gaj.pl\/index.php?rest_route=\/wp\/v2\/posts\/490\/revisions\/493"}],"wp:featuredmedia":[{"embeddable":true,"href":"https:\/\/online.tvk-gaj.pl\/index.php?rest_route=\/wp\/v2\/media\/491"}],"wp:attachment":[{"href":"https:\/\/online.tvk-gaj.pl\/index.php?rest_route=%2Fwp%2Fv2%2Fmedia&parent=490"}],"wp:term":[{"taxonomy":"category","embeddable":true,"href":"https:\/\/online.tvk-gaj.pl\/index.php?rest_route=%2Fwp%2Fv2%2Fcategories&post=490"},{"taxonomy":"post_tag","embeddable":true,"href":"https:\/\/online.tvk-gaj.pl\/index.php?rest_route=%2Fwp%2Fv2%2Ftags&post=490"}],"curies":[{"name":"wp","href":"https:\/\/api.w.org\/{rel}","templated":true}]}}