{"id":501,"date":"2012-12-24T13:40:15","date_gmt":"2012-12-24T12:40:15","guid":{"rendered":"http:\/\/www.gaj-osiedle.wroclaw.pl\/?p=501"},"modified":"2012-12-24T13:47:36","modified_gmt":"2012-12-24T12:47:36","slug":"wigilia-rady-osiedla-gaj-2012","status":"publish","type":"post","link":"https:\/\/online.tvk-gaj.pl\/?p=501","title":{"rendered":"Wigilia Rady Osiedla Gaj 2012"},"content":{"rendered":"<p>W czwartek, 20 grudnia b.r. w siedzibie Rady Osiedla Gaj przy ulicy Krynickiej 80 odby\u0142a si\u0119 uroczysta wigilia radnych naszego Osiedla.<!--more--><\/p>\n<p>Na spotkaniu, przy tradycyjnym wigilijnym stole spotkali si\u0119 \u00a0Radni naszego Osiedla.<\/p>\n<p>\u015awi\u0105teczna atmosfera sprzyja\u0142a nie tylko podsumowaniu mijaj\u0105cego roku, ale i swobodnym rozmowom odno\u015bnie plan\u00f3w na przysz\u0142o\u015b\u0107, a tak\u017ce integracji Radnych.<\/p>\n<p>G\u0142os zabra\u0142 m.in. Przewodnicz\u0105cy Rady Osiedla Gaj &#8211; Adam Wojtaszewski.<\/p>\n<p>Spotkanie odby\u0142o si\u0119 z \u015brodk\u00f3w w\u0142asnych Radnych Osiedla GAJ i mia\u0142o charakter oficjalny.<\/p>\n<p>Zapraszamy do kr\u00f3tkiej fotorelacji.<\/p>\n<p>[nggallery id=5]<\/p>\n","protected":false},"excerpt":{"rendered":"<p>W czwartek, 20 grudnia b.r. w siedzibie Rady Osiedla Gaj przy ulicy Krynickiej 80 odby\u0142a si\u0119 uroczysta wigilia radnych naszego Osiedla.<\/p>\n","protected":false},"author":1,"featured_media":506,"comment_status":"open","ping_status":"open","sticky":false,"template":"","format":"standard","meta":{"footnotes":""},"categories":[14,12],"tags":[33],"class_list":["post-501","post","type-post","status-publish","format-standard","has-post-thumbnail","hentry","category-aktualnosci","category-artykuly","tag-wigilia-rada-osiedla-gaj"],"_links":{"self":[{"href":"https:\/\/online.tvk-gaj.pl\/index.php?rest_route=\/wp\/v2\/posts\/501","targetHints":{"allow":["GET"]}}],"collection":[{"href":"https:\/\/online.tvk-gaj.pl\/index.php?rest_route=\/wp\/v2\/posts"}],"about":[{"href":"https:\/\/online.tvk-gaj.pl\/index.php?rest_route=\/wp\/v2\/types\/post"}],"author":[{"embeddable":true,"href":"https:\/\/online.tvk-gaj.pl\/index.php?rest_route=\/wp\/v2\/users\/1"}],"replies":[{"embeddable":true,"href":"https:\/\/online.tvk-gaj.pl\/index.php?rest_route=%2Fwp%2Fv2%2Fcomments&post=501"}],"version-history":[{"count":3,"href":"https:\/\/online.tvk-gaj.pl\/index.php?rest_route=\/wp\/v2\/posts\/501\/revisions"}],"predecessor-version":[{"id":507,"href":"https:\/\/online.tvk-gaj.pl\/index.php?rest_route=\/wp\/v2\/posts\/501\/revisions\/507"}],"wp:featuredmedia":[{"embeddable":true,"href":"https:\/\/online.tvk-gaj.pl\/index.php?rest_route=\/wp\/v2\/media\/506"}],"wp:attachment":[{"href":"https:\/\/online.tvk-gaj.pl\/index.php?rest_route=%2Fwp%2Fv2%2Fmedia&parent=501"}],"wp:term":[{"taxonomy":"category","embeddable":true,"href":"https:\/\/online.tvk-gaj.pl\/index.php?rest_route=%2Fwp%2Fv2%2Fcategories&post=501"},{"taxonomy":"post_tag","embeddable":true,"href":"https:\/\/online.tvk-gaj.pl\/index.php?rest_route=%2Fwp%2Fv2%2Ftags&post=501"}],"curies":[{"name":"wp","href":"https:\/\/api.w.org\/{rel}","templated":true}]}}