{"id":5051,"date":"2015-09-28T14:24:18","date_gmt":"2015-09-28T12:24:18","guid":{"rendered":"http:\/\/www.tvk-gaj.pl\/~gajonline\/?p=5051"},"modified":"2015-09-28T14:27:04","modified_gmt":"2015-09-28T12:27:04","slug":"nasza-relacja-z-pikniku-osiedla-gaj","status":"publish","type":"post","link":"https:\/\/online.tvk-gaj.pl\/?p=5051","title":{"rendered":"Nasza relacja z Pikniku osiedla Gaj"},"content":{"rendered":"<p>Piknik osiedla Gaj za nami! W minion\u0105 sobot\u0119, 26 wrze\u015bnia, bawili\u015bmy si\u0119 wsp\u00f3lnie z Wami na pikniku Rady Osiedla Gaj w osiedlowym Parku S\u0142onecznym! Zapraszamy do kr\u00f3tkiej relacji z imprezy oraz obszernej galerii zdj\u0119\u0107!<!--more--><\/p>\n<p>&nbsp;<\/p>\n<p>Has\u0142em tegorocznego, wrze\u015bniowego Pikniku Osiedlowego by\u0142o &#8222;Po\u017cegnanie lata na Gaju&#8221;. Jak co roku bawili\u015bmy si\u0119 w otoczeniu zieleni Parku S\u0142onecznego, znajduj\u0105cego si\u0119 w samym sercu osiedla.<\/p>\n<p><a href=\"http:\/\/www.tvk-gaj.pl\/~gajonline\/wp-content\/uploads\/2015\/09\/plakatfestyn0915.jpg\"><img loading=\"lazy\" decoding=\"async\" class=\"aligncenter size-large wp-image-4812\" src=\"http:\/\/www.tvk-gaj.pl\/~gajonline\/wp-content\/uploads\/2015\/09\/plakatfestyn0915-723x1024.jpg\" alt=\"plakatfestyn0915\" width=\"723\" height=\"1024\" srcset=\"https:\/\/online.tvk-gaj.pl\/wp-content\/uploads\/2015\/09\/plakatfestyn0915-723x1024.jpg 723w, https:\/\/online.tvk-gaj.pl\/wp-content\/uploads\/2015\/09\/plakatfestyn0915-212x300.jpg 212w, https:\/\/online.tvk-gaj.pl\/wp-content\/uploads\/2015\/09\/plakatfestyn0915.jpg 760w\" sizes=\"auto, (max-width: 723px) 100vw, 723px\" \/><\/a><\/p>\n<p>G\u0142\u00f3wnym programem imprezy by\u0142y atrakcje dla dzieci i m\u0142odzie\u017cy, dla kt\u00f3rych koniec lata jest zawsze najbardziej bolesny;) Szcz\u0119\u015bliwie letnia by\u0142a pogoda, kt\u00f3ra dopisa\u0142a zabawie!<\/p>\n<p>&nbsp;<\/p>\n<p><a href=\"http:\/\/www.tvk-gaj.pl\/~gajonline\/wp-content\/uploads\/2015\/09\/DSCF3041.jpg\"><img loading=\"lazy\" decoding=\"async\" class=\"aligncenter size-medium wp-image-5082\" src=\"http:\/\/www.tvk-gaj.pl\/~gajonline\/wp-content\/uploads\/2015\/09\/DSCF3041-300x225.jpg\" alt=\"DSCF3041\" width=\"300\" height=\"225\" srcset=\"https:\/\/online.tvk-gaj.pl\/wp-content\/uploads\/2015\/09\/DSCF3041-300x225.jpg 300w, https:\/\/online.tvk-gaj.pl\/wp-content\/uploads\/2015\/09\/DSCF3041-1024x768.jpg 1024w, https:\/\/online.tvk-gaj.pl\/wp-content\/uploads\/2015\/09\/DSCF3041.jpg 2000w\" sizes=\"auto, (max-width: 300px) 100vw, 300px\" \/><\/a><\/p>\n<p>&nbsp;<\/p>\n<p>Zabawy prowadzili profesjonalni animatorzy gier i zabaw dla dzieci z firmy &#8222;Figlik&#8221;. \u00a0Strzelanie z \u0142uku, wsp\u00f3lne ta\u0144ce, konkursy plastyczne, budowanie wierz z klock\u00f3w czy puszczanie wielkich baniek mydlanych to tylko jedne z licznych atrakcji!<\/p>\n<p><a href=\"http:\/\/www.tvk-gaj.pl\/~gajonline\/wp-content\/uploads\/2015\/09\/DSCF3072.jpg\"><img loading=\"lazy\" decoding=\"async\" class=\"aligncenter wp-image-5052 size-medium\" src=\"http:\/\/www.tvk-gaj.pl\/~gajonline\/wp-content\/uploads\/2015\/09\/DSCF3072-300x225.jpg\" alt=\"DSCF3072\" width=\"300\" height=\"225\" srcset=\"https:\/\/online.tvk-gaj.pl\/wp-content\/uploads\/2015\/09\/DSCF3072-300x225.jpg 300w, https:\/\/online.tvk-gaj.pl\/wp-content\/uploads\/2015\/09\/DSCF3072-1024x768.jpg 1024w, https:\/\/online.tvk-gaj.pl\/wp-content\/uploads\/2015\/09\/DSCF3072.jpg 2000w\" sizes=\"auto, (max-width: 300px) 100vw, 300px\" \/><\/a><\/p>\n<p><a href=\"http:\/\/www.tvk-gaj.pl\/~gajonline\/wp-content\/uploads\/2015\/09\/DSCF3030.jpg\"><img loading=\"lazy\" decoding=\"async\" class=\"aligncenter size-medium wp-image-5054\" src=\"http:\/\/www.tvk-gaj.pl\/~gajonline\/wp-content\/uploads\/2015\/09\/DSCF3030-300x225.jpg\" alt=\"DSCF3030\" width=\"300\" height=\"225\" srcset=\"https:\/\/online.tvk-gaj.pl\/wp-content\/uploads\/2015\/09\/DSCF3030-300x225.jpg 300w, https:\/\/online.tvk-gaj.pl\/wp-content\/uploads\/2015\/09\/DSCF3030-1024x768.jpg 1024w, https:\/\/online.tvk-gaj.pl\/wp-content\/uploads\/2015\/09\/DSCF3030.jpg 2000w\" sizes=\"auto, (max-width: 300px) 100vw, 300px\" \/><\/a><\/p>\n<p><a href=\"http:\/\/www.tvk-gaj.pl\/~gajonline\/wp-content\/uploads\/2015\/09\/DSCF3058.jpg\"><img loading=\"lazy\" decoding=\"async\" class=\"aligncenter size-medium wp-image-5055\" src=\"http:\/\/www.tvk-gaj.pl\/~gajonline\/wp-content\/uploads\/2015\/09\/DSCF3058-300x225.jpg\" alt=\"DSCF3058\" width=\"300\" height=\"225\" srcset=\"https:\/\/online.tvk-gaj.pl\/wp-content\/uploads\/2015\/09\/DSCF3058-300x225.jpg 300w, https:\/\/online.tvk-gaj.pl\/wp-content\/uploads\/2015\/09\/DSCF3058-1024x768.jpg 1024w, https:\/\/online.tvk-gaj.pl\/wp-content\/uploads\/2015\/09\/DSCF3058.jpg 2000w\" sizes=\"auto, (max-width: 300px) 100vw, 300px\" \/><\/a><\/p>\n<p><a href=\"http:\/\/www.tvk-gaj.pl\/~gajonline\/wp-content\/uploads\/2015\/09\/DSCF2957.jpg\"><img loading=\"lazy\" decoding=\"async\" class=\"aligncenter size-medium wp-image-5056\" src=\"http:\/\/www.tvk-gaj.pl\/~gajonline\/wp-content\/uploads\/2015\/09\/DSCF2957-300x225.jpg\" alt=\"DSCF2957\" width=\"300\" height=\"225\" srcset=\"https:\/\/online.tvk-gaj.pl\/wp-content\/uploads\/2015\/09\/DSCF2957-300x225.jpg 300w, https:\/\/online.tvk-gaj.pl\/wp-content\/uploads\/2015\/09\/DSCF2957-1024x768.jpg 1024w, https:\/\/online.tvk-gaj.pl\/wp-content\/uploads\/2015\/09\/DSCF2957.jpg 2000w\" sizes=\"auto, (max-width: 300px) 100vw, 300px\" \/><\/a><\/p>\n<p><a href=\"http:\/\/www.tvk-gaj.pl\/~gajonline\/wp-content\/uploads\/2015\/09\/DSCN3005.jpg\"><img loading=\"lazy\" decoding=\"async\" class=\"aligncenter size-medium wp-image-5057\" src=\"http:\/\/www.tvk-gaj.pl\/~gajonline\/wp-content\/uploads\/2015\/09\/DSCN3005-300x225.jpg\" alt=\"DSCN3005\" width=\"300\" height=\"225\" srcset=\"https:\/\/online.tvk-gaj.pl\/wp-content\/uploads\/2015\/09\/DSCN3005-300x225.jpg 300w, https:\/\/online.tvk-gaj.pl\/wp-content\/uploads\/2015\/09\/DSCN3005-1024x768.jpg 1024w, https:\/\/online.tvk-gaj.pl\/wp-content\/uploads\/2015\/09\/DSCN3005.jpg 1200w\" sizes=\"auto, (max-width: 300px) 100vw, 300px\" \/><\/a><\/p>\n<p><a href=\"http:\/\/www.tvk-gaj.pl\/~gajonline\/wp-content\/uploads\/2015\/09\/DSCN2999.jpg\"><img loading=\"lazy\" decoding=\"async\" class=\"aligncenter size-medium wp-image-5058\" src=\"http:\/\/www.tvk-gaj.pl\/~gajonline\/wp-content\/uploads\/2015\/09\/DSCN2999-300x225.jpg\" alt=\"DSCN2999\" width=\"300\" height=\"225\" srcset=\"https:\/\/online.tvk-gaj.pl\/wp-content\/uploads\/2015\/09\/DSCN2999-300x225.jpg 300w, https:\/\/online.tvk-gaj.pl\/wp-content\/uploads\/2015\/09\/DSCN2999-1024x768.jpg 1024w, https:\/\/online.tvk-gaj.pl\/wp-content\/uploads\/2015\/09\/DSCN2999.jpg 1200w\" sizes=\"auto, (max-width: 300px) 100vw, 300px\" \/><\/a><\/p>\n<p>&nbsp;<\/p>\n<p>Na pikniku pojawi\u0142 si\u0119 punkt MOPS, kt\u00f3rego przedstawiciele prowadzili ciesz\u0105c\u0105 si\u0119 ogromn\u0105 popularno\u015bci\u0105 w\u015br\u00f3d uczestnik\u00f3w imprezy &#8211; gr\u0119 Ko\u0142o Fortuny.<\/p>\n<p><a href=\"http:\/\/www.tvk-gaj.pl\/~gajonline\/wp-content\/uploads\/2015\/09\/DSCF2941.jpg\"><img loading=\"lazy\" decoding=\"async\" class=\"aligncenter size-medium wp-image-5059\" src=\"http:\/\/www.tvk-gaj.pl\/~gajonline\/wp-content\/uploads\/2015\/09\/DSCF2941-300x225.jpg\" alt=\"DSCF2941\" width=\"300\" height=\"225\" srcset=\"https:\/\/online.tvk-gaj.pl\/wp-content\/uploads\/2015\/09\/DSCF2941-300x225.jpg 300w, https:\/\/online.tvk-gaj.pl\/wp-content\/uploads\/2015\/09\/DSCF2941-1024x768.jpg 1024w, https:\/\/online.tvk-gaj.pl\/wp-content\/uploads\/2015\/09\/DSCF2941.jpg 2000w\" sizes=\"auto, (max-width: 300px) 100vw, 300px\" \/><\/a><\/p>\n<p><a href=\"http:\/\/www.tvk-gaj.pl\/~gajonline\/wp-content\/uploads\/2015\/09\/DSCF2940.jpg\"><img loading=\"lazy\" decoding=\"async\" class=\"aligncenter size-medium wp-image-5060\" src=\"http:\/\/www.tvk-gaj.pl\/~gajonline\/wp-content\/uploads\/2015\/09\/DSCF2940-300x225.jpg\" alt=\"DSCF2940\" width=\"300\" height=\"225\" srcset=\"https:\/\/online.tvk-gaj.pl\/wp-content\/uploads\/2015\/09\/DSCF2940-300x225.jpg 300w, https:\/\/online.tvk-gaj.pl\/wp-content\/uploads\/2015\/09\/DSCF2940-1024x768.jpg 1024w, https:\/\/online.tvk-gaj.pl\/wp-content\/uploads\/2015\/09\/DSCF2940.jpg 2000w\" sizes=\"auto, (max-width: 300px) 100vw, 300px\" \/><\/a><\/p>\n<p>&nbsp;<\/p>\n<p>Nie zabrak\u0142o te\u017c stoisk naszych sponsor\u00f3w oraz partner\u00f3w. Restauracja MCDonald&#8217;s z ul. Bardzkiej przygotowa\u0142a punkt malowania twarzy dla dzieci, do kt\u00f3rego ustawia\u0142a si\u0119 d\u0142uga kolejka. \u00a0Sklep &#8222;Aga&#8221; z ul. Orzechowej prowadzi\u0142 loteri\u0119 oraz wystawia\u0142 sw\u00f3j asortyment.<\/p>\n<p><a href=\"http:\/\/www.tvk-gaj.pl\/~gajonline\/wp-content\/uploads\/2015\/09\/DSCF2951.jpg\"><img loading=\"lazy\" decoding=\"async\" class=\"aligncenter size-medium wp-image-5061\" src=\"http:\/\/www.tvk-gaj.pl\/~gajonline\/wp-content\/uploads\/2015\/09\/DSCF2951-300x225.jpg\" alt=\"DSCF2951\" width=\"300\" height=\"225\" srcset=\"https:\/\/online.tvk-gaj.pl\/wp-content\/uploads\/2015\/09\/DSCF2951-300x225.jpg 300w, https:\/\/online.tvk-gaj.pl\/wp-content\/uploads\/2015\/09\/DSCF2951-1024x768.jpg 1024w, https:\/\/online.tvk-gaj.pl\/wp-content\/uploads\/2015\/09\/DSCF2951.jpg 2000w\" sizes=\"auto, (max-width: 300px) 100vw, 300px\" \/><\/a><\/p>\n<p><a href=\"http:\/\/www.tvk-gaj.pl\/~gajonline\/wp-content\/uploads\/2015\/09\/DSCF2976.jpg\"><img loading=\"lazy\" decoding=\"async\" class=\"aligncenter size-medium wp-image-5062\" src=\"http:\/\/www.tvk-gaj.pl\/~gajonline\/wp-content\/uploads\/2015\/09\/DSCF2976-300x225.jpg\" alt=\"DSCF2976\" width=\"300\" height=\"225\" srcset=\"https:\/\/online.tvk-gaj.pl\/wp-content\/uploads\/2015\/09\/DSCF2976-300x225.jpg 300w, https:\/\/online.tvk-gaj.pl\/wp-content\/uploads\/2015\/09\/DSCF2976-1024x768.jpg 1024w, https:\/\/online.tvk-gaj.pl\/wp-content\/uploads\/2015\/09\/DSCF2976.jpg 2000w\" sizes=\"auto, (max-width: 300px) 100vw, 300px\" \/><\/a><\/p>\n<p><a href=\"http:\/\/www.tvk-gaj.pl\/~gajonline\/wp-content\/uploads\/2015\/09\/DSCN2912.jpg\"><img loading=\"lazy\" decoding=\"async\" class=\"aligncenter size-medium wp-image-5064\" src=\"http:\/\/www.tvk-gaj.pl\/~gajonline\/wp-content\/uploads\/2015\/09\/DSCN2912-300x225.jpg\" alt=\"DSCN2912\" width=\"300\" height=\"225\" srcset=\"https:\/\/online.tvk-gaj.pl\/wp-content\/uploads\/2015\/09\/DSCN2912-300x225.jpg 300w, https:\/\/online.tvk-gaj.pl\/wp-content\/uploads\/2015\/09\/DSCN2912-1024x768.jpg 1024w, https:\/\/online.tvk-gaj.pl\/wp-content\/uploads\/2015\/09\/DSCN2912.jpg 1200w\" sizes=\"auto, (max-width: 300px) 100vw, 300px\" \/><\/a><\/p>\n<p>&nbsp;<\/p>\n<p>Za cz\u0119\u015b\u0107 sportow\u0105 odpowiada\u0142 Trener Osiedlowy, kt\u00f3ry zaj\u0105\u0142 si\u0119 przeprowadzaniem konkurs\u00f3w przeci\u0105gania liny, \u017conglowania pi\u0142k\u0105 do rugby, a tak\u017ce uruchomi\u0142 boiska do gry w badmintona.<\/p>\n<p>&nbsp;<\/p>\n<p><a href=\"http:\/\/www.tvk-gaj.pl\/~gajonline\/wp-content\/uploads\/2015\/09\/DSCF3065.jpg\"><img loading=\"lazy\" decoding=\"async\" class=\"aligncenter size-medium wp-image-5063\" src=\"http:\/\/www.tvk-gaj.pl\/~gajonline\/wp-content\/uploads\/2015\/09\/DSCF3065-300x225.jpg\" alt=\"DSCF3065\" width=\"300\" height=\"225\" srcset=\"https:\/\/online.tvk-gaj.pl\/wp-content\/uploads\/2015\/09\/DSCF3065-300x225.jpg 300w, https:\/\/online.tvk-gaj.pl\/wp-content\/uploads\/2015\/09\/DSCF3065-1024x768.jpg 1024w, https:\/\/online.tvk-gaj.pl\/wp-content\/uploads\/2015\/09\/DSCF3065.jpg 2000w\" sizes=\"auto, (max-width: 300px) 100vw, 300px\" \/><\/a><\/p>\n<p><a href=\"http:\/\/www.tvk-gaj.pl\/~gajonline\/wp-content\/uploads\/2015\/09\/DSCF3084.jpg\"><img loading=\"lazy\" decoding=\"async\" class=\"aligncenter size-medium wp-image-5066\" src=\"http:\/\/www.tvk-gaj.pl\/~gajonline\/wp-content\/uploads\/2015\/09\/DSCF3084-300x225.jpg\" alt=\"DSCF3084\" width=\"300\" height=\"225\" srcset=\"https:\/\/online.tvk-gaj.pl\/wp-content\/uploads\/2015\/09\/DSCF3084-300x225.jpg 300w, https:\/\/online.tvk-gaj.pl\/wp-content\/uploads\/2015\/09\/DSCF3084-1024x768.jpg 1024w, https:\/\/online.tvk-gaj.pl\/wp-content\/uploads\/2015\/09\/DSCF3084.jpg 2000w\" sizes=\"auto, (max-width: 300px) 100vw, 300px\" \/><\/a><\/p>\n<p>&nbsp;<\/p>\n<p>Prawdziw\u0105 atrakcj\u0105 by\u0142y te\u017c konie, kt\u00f3re przyprowadzi\u0142a Stra\u017c Miejska Wroc\u0142aw. Ponadto na imprezie pojawi\u0142 si\u0119 stra\u017cnik osiedlowy, Pan Sebastian Go\u0142owacz. Stra\u017c Miejska we Wroc\u0142awiu ufundowa\u0142a te\u017c nagrody dla dzieci!<\/p>\n<p>&nbsp;<\/p>\n<p><a href=\"http:\/\/www.tvk-gaj.pl\/~gajonline\/wp-content\/uploads\/2015\/09\/DSCF2932.jpg\"><img loading=\"lazy\" decoding=\"async\" class=\"aligncenter size-medium wp-image-5067\" src=\"http:\/\/www.tvk-gaj.pl\/~gajonline\/wp-content\/uploads\/2015\/09\/DSCF2932-300x225.jpg\" alt=\"DSCF2932\" width=\"300\" height=\"225\" srcset=\"https:\/\/online.tvk-gaj.pl\/wp-content\/uploads\/2015\/09\/DSCF2932-300x225.jpg 300w, https:\/\/online.tvk-gaj.pl\/wp-content\/uploads\/2015\/09\/DSCF2932-1024x768.jpg 1024w, https:\/\/online.tvk-gaj.pl\/wp-content\/uploads\/2015\/09\/DSCF2932.jpg 2000w\" sizes=\"auto, (max-width: 300px) 100vw, 300px\" \/><\/a><\/p>\n<p><a href=\"http:\/\/www.tvk-gaj.pl\/~gajonline\/wp-content\/uploads\/2015\/09\/DSCF3067.jpg\"><img loading=\"lazy\" decoding=\"async\" class=\"aligncenter size-medium wp-image-5068\" src=\"http:\/\/www.tvk-gaj.pl\/~gajonline\/wp-content\/uploads\/2015\/09\/DSCF3067-300x225.jpg\" alt=\"DSCF3067\" width=\"300\" height=\"225\" srcset=\"https:\/\/online.tvk-gaj.pl\/wp-content\/uploads\/2015\/09\/DSCF3067-300x225.jpg 300w, https:\/\/online.tvk-gaj.pl\/wp-content\/uploads\/2015\/09\/DSCF3067-1024x768.jpg 1024w, https:\/\/online.tvk-gaj.pl\/wp-content\/uploads\/2015\/09\/DSCF3067.jpg 2000w\" sizes=\"auto, (max-width: 300px) 100vw, 300px\" \/><\/a><\/p>\n<p>&nbsp;<\/p>\n<p>Jak zawsze spor\u0105 atencj\u0105 cieszy\u0142y si\u0119 te\u017c dmuchane zamki i zje\u017cd\u017calnie!<\/p>\n<p>&nbsp;<\/p>\n<p><a href=\"http:\/\/www.tvk-gaj.pl\/~gajonline\/wp-content\/uploads\/2015\/09\/DSCF2990.jpg\"><img loading=\"lazy\" decoding=\"async\" class=\"aligncenter size-medium wp-image-5069\" src=\"http:\/\/www.tvk-gaj.pl\/~gajonline\/wp-content\/uploads\/2015\/09\/DSCF2990-300x225.jpg\" alt=\"DSCF2990\" width=\"300\" height=\"225\" srcset=\"https:\/\/online.tvk-gaj.pl\/wp-content\/uploads\/2015\/09\/DSCF2990-300x225.jpg 300w, https:\/\/online.tvk-gaj.pl\/wp-content\/uploads\/2015\/09\/DSCF2990-1024x768.jpg 1024w, https:\/\/online.tvk-gaj.pl\/wp-content\/uploads\/2015\/09\/DSCF2990.jpg 2000w\" sizes=\"auto, (max-width: 300px) 100vw, 300px\" \/><\/a><\/p>\n<p>&nbsp;<\/p>\n<p>Dla troch\u0119 starszych uczestnik\u00f3w zabawy przygotowane zosta\u0142y punkt informacyjny Wroc\u0142awskiego Bud\u017cetu Obywatelskiego oraz punkt Klubu Seniora! Rozdawano ulotki, t\u0142umaczono zasady g\u0142osowania, przeprowadzono setki rozm\u00f3w z mieszka\u0144cami. Na Pikniku mo\u017cna by\u0142o te\u017c porozmawia\u0107 z radnymi Rady Osiedla Gaj, kt\u00f3ry ze szczeg\u00f3ln\u0105 uwag\u0105 ws\u0142uchiwali si\u0119 w g\u0142osy mieszka\u0144c\u00f3w.<\/p>\n<p>&nbsp;<\/p>\n<p><a href=\"http:\/\/www.tvk-gaj.pl\/~gajonline\/wp-content\/uploads\/2015\/09\/DSCF2965.jpg\"><img loading=\"lazy\" decoding=\"async\" class=\"aligncenter size-medium wp-image-5070\" src=\"http:\/\/www.tvk-gaj.pl\/~gajonline\/wp-content\/uploads\/2015\/09\/DSCF2965-225x300.jpg\" alt=\"DSCF2965\" width=\"225\" height=\"300\" srcset=\"https:\/\/online.tvk-gaj.pl\/wp-content\/uploads\/2015\/09\/DSCF2965-225x300.jpg 225w, https:\/\/online.tvk-gaj.pl\/wp-content\/uploads\/2015\/09\/DSCF2965-768x1024.jpg 768w, https:\/\/online.tvk-gaj.pl\/wp-content\/uploads\/2015\/09\/DSCF2965.jpg 1500w\" sizes=\"auto, (max-width: 225px) 100vw, 225px\" \/><\/a><\/p>\n<p><a href=\"http:\/\/www.tvk-gaj.pl\/~gajonline\/wp-content\/uploads\/2015\/09\/DSCF2969.jpg\"><img loading=\"lazy\" decoding=\"async\" class=\"aligncenter size-medium wp-image-5071\" src=\"http:\/\/www.tvk-gaj.pl\/~gajonline\/wp-content\/uploads\/2015\/09\/DSCF2969-300x225.jpg\" alt=\"DSCF2969\" width=\"300\" height=\"225\" srcset=\"https:\/\/online.tvk-gaj.pl\/wp-content\/uploads\/2015\/09\/DSCF2969-300x225.jpg 300w, https:\/\/online.tvk-gaj.pl\/wp-content\/uploads\/2015\/09\/DSCF2969-1024x768.jpg 1024w, https:\/\/online.tvk-gaj.pl\/wp-content\/uploads\/2015\/09\/DSCF2969.jpg 2000w\" sizes=\"auto, (max-width: 300px) 100vw, 300px\" \/><\/a><\/p>\n<p><a href=\"http:\/\/www.tvk-gaj.pl\/~gajonline\/wp-content\/uploads\/2015\/09\/DSCF3100.jpg\"><img loading=\"lazy\" decoding=\"async\" class=\"aligncenter size-medium wp-image-5072\" src=\"http:\/\/www.tvk-gaj.pl\/~gajonline\/wp-content\/uploads\/2015\/09\/DSCF3100-225x300.jpg\" alt=\"DSCF3100\" width=\"225\" height=\"300\" srcset=\"https:\/\/online.tvk-gaj.pl\/wp-content\/uploads\/2015\/09\/DSCF3100-225x300.jpg 225w, https:\/\/online.tvk-gaj.pl\/wp-content\/uploads\/2015\/09\/DSCF3100-768x1024.jpg 768w, https:\/\/online.tvk-gaj.pl\/wp-content\/uploads\/2015\/09\/DSCF3100.jpg 1500w\" sizes=\"auto, (max-width: 225px) 100vw, 225px\" \/><\/a><\/p>\n<p><a href=\"http:\/\/www.tvk-gaj.pl\/~gajonline\/wp-content\/uploads\/2015\/09\/DSCF3061.jpg\"><img loading=\"lazy\" decoding=\"async\" class=\"aligncenter size-medium wp-image-5073\" src=\"http:\/\/www.tvk-gaj.pl\/~gajonline\/wp-content\/uploads\/2015\/09\/DSCF3061-300x225.jpg\" alt=\"DSCF3061\" width=\"300\" height=\"225\" srcset=\"https:\/\/online.tvk-gaj.pl\/wp-content\/uploads\/2015\/09\/DSCF3061-300x225.jpg 300w, https:\/\/online.tvk-gaj.pl\/wp-content\/uploads\/2015\/09\/DSCF3061-1024x768.jpg 1024w, https:\/\/online.tvk-gaj.pl\/wp-content\/uploads\/2015\/09\/DSCF3061.jpg 2000w\" sizes=\"auto, (max-width: 300px) 100vw, 300px\" \/><\/a><\/p>\n<p>&nbsp;<\/p>\n<p>Podczas Pikniku swoje programy prezentowa\u0142y partie polityczne, kt\u00f3re kandyduj\u0105 w zbli\u017caj\u0105cych si\u0119 wyborach do Sejmu i Senatu. Swoj\u0105 obecno\u015bci\u0105 zaszczycili nas m.in. europos\u0142owie, pos\u0142owie, radni miejscy &#8211; Bogdan Zdrojewski, Barbara Zdrojewska, Jacek Protasiewicz, Ewa Wolak, Agnieszka Rybczak. W\u015br\u00f3d obecnych go\u015bci pojawili si\u0119 tak\u017ce przedstawiciele Prawa i Sprawiedliwo\u015bci, Partii Razem, Zjednoczonej Lewicy, Korwin. Celem obecno\u015bci polityk\u00f3w i zwolennik\u00f3w ugrupowa\u0144 by\u0142a promocja demokracji, wolno\u015bci s\u0142owa, wyboru, a przede wszystkim umo\u017cliwienie mieszka\u0144com osiedla \u015bwiadomego wyboru w nadchodz\u0105cych wyborach. Rada Osiedla Gaj jako organizacja nie popiera \u017cadnego kandydata ani formacji politycznej, zaproszeni zostali przedstawiciele wszystkich oboz\u00f3w.<\/p>\n<p>&nbsp;<\/p>\n<p><a href=\"http:\/\/www.tvk-gaj.pl\/~gajonline\/wp-content\/uploads\/2015\/09\/DSCF3035.jpg\"><img loading=\"lazy\" decoding=\"async\" class=\"aligncenter size-medium wp-image-5074\" src=\"http:\/\/www.tvk-gaj.pl\/~gajonline\/wp-content\/uploads\/2015\/09\/DSCF3035-300x225.jpg\" alt=\"DSCF3035\" width=\"300\" height=\"225\" srcset=\"https:\/\/online.tvk-gaj.pl\/wp-content\/uploads\/2015\/09\/DSCF3035-300x225.jpg 300w, https:\/\/online.tvk-gaj.pl\/wp-content\/uploads\/2015\/09\/DSCF3035-1024x768.jpg 1024w, https:\/\/online.tvk-gaj.pl\/wp-content\/uploads\/2015\/09\/DSCF3035.jpg 2000w\" sizes=\"auto, (max-width: 300px) 100vw, 300px\" \/><\/a><\/p>\n<p><a href=\"http:\/\/www.tvk-gaj.pl\/~gajonline\/wp-content\/uploads\/2015\/09\/DSCF2946.jpg\"><img loading=\"lazy\" decoding=\"async\" class=\"aligncenter size-medium wp-image-5075\" src=\"http:\/\/www.tvk-gaj.pl\/~gajonline\/wp-content\/uploads\/2015\/09\/DSCF2946-300x225.jpg\" alt=\"DSCF2946\" width=\"300\" height=\"225\" srcset=\"https:\/\/online.tvk-gaj.pl\/wp-content\/uploads\/2015\/09\/DSCF2946-300x225.jpg 300w, https:\/\/online.tvk-gaj.pl\/wp-content\/uploads\/2015\/09\/DSCF2946-1024x768.jpg 1024w, https:\/\/online.tvk-gaj.pl\/wp-content\/uploads\/2015\/09\/DSCF2946.jpg 2000w\" sizes=\"auto, (max-width: 300px) 100vw, 300px\" \/><\/a><\/p>\n<p><a href=\"http:\/\/www.tvk-gaj.pl\/~gajonline\/wp-content\/uploads\/2015\/09\/DSCF2948.jpg\"><img loading=\"lazy\" decoding=\"async\" class=\"aligncenter size-medium wp-image-5076\" src=\"http:\/\/www.tvk-gaj.pl\/~gajonline\/wp-content\/uploads\/2015\/09\/DSCF2948-300x225.jpg\" alt=\"DSCF2948\" width=\"300\" height=\"225\" srcset=\"https:\/\/online.tvk-gaj.pl\/wp-content\/uploads\/2015\/09\/DSCF2948-300x225.jpg 300w, https:\/\/online.tvk-gaj.pl\/wp-content\/uploads\/2015\/09\/DSCF2948-1024x768.jpg 1024w, https:\/\/online.tvk-gaj.pl\/wp-content\/uploads\/2015\/09\/DSCF2948.jpg 2000w\" sizes=\"auto, (max-width: 300px) 100vw, 300px\" \/><\/a><\/p>\n<p>&nbsp;<\/p>\n<p>Ca\u0142o\u015b\u0107 dope\u0142nia\u0142a muzyka serwowana przez legend\u0119 &#8211; DJNawrota oraz grill, wata cukrowa, stoiska z napojami oraz strefa, gdzie mo\u017cna by\u0142o usi\u0105\u015b\u0107, przek\u0105si\u0107 smaczne dania z grilla oraz porozmawia\u0107 z s\u0105siadami:)<\/p>\n<p>&nbsp;<\/p>\n<p><a href=\"http:\/\/www.tvk-gaj.pl\/~gajonline\/wp-content\/uploads\/2015\/09\/DSCF3006.jpg\"><img loading=\"lazy\" decoding=\"async\" class=\"aligncenter size-medium wp-image-5077\" src=\"http:\/\/www.tvk-gaj.pl\/~gajonline\/wp-content\/uploads\/2015\/09\/DSCF3006-300x225.jpg\" alt=\"DSCF3006\" width=\"300\" height=\"225\" srcset=\"https:\/\/online.tvk-gaj.pl\/wp-content\/uploads\/2015\/09\/DSCF3006-300x225.jpg 300w, https:\/\/online.tvk-gaj.pl\/wp-content\/uploads\/2015\/09\/DSCF3006-1024x768.jpg 1024w, https:\/\/online.tvk-gaj.pl\/wp-content\/uploads\/2015\/09\/DSCF3006.jpg 2000w\" sizes=\"auto, (max-width: 300px) 100vw, 300px\" \/><\/a><\/p>\n<p><a href=\"http:\/\/www.tvk-gaj.pl\/~gajonline\/wp-content\/uploads\/2015\/09\/DSCF3018.jpg\"><img loading=\"lazy\" decoding=\"async\" class=\"aligncenter size-medium wp-image-5078\" src=\"http:\/\/www.tvk-gaj.pl\/~gajonline\/wp-content\/uploads\/2015\/09\/DSCF3018-225x300.jpg\" alt=\"DSCF3018\" width=\"225\" height=\"300\" srcset=\"https:\/\/online.tvk-gaj.pl\/wp-content\/uploads\/2015\/09\/DSCF3018-225x300.jpg 225w, https:\/\/online.tvk-gaj.pl\/wp-content\/uploads\/2015\/09\/DSCF3018-768x1024.jpg 768w, https:\/\/online.tvk-gaj.pl\/wp-content\/uploads\/2015\/09\/DSCF3018.jpg 1500w\" sizes=\"auto, (max-width: 225px) 100vw, 225px\" \/><\/a><\/p>\n<p><a href=\"http:\/\/www.tvk-gaj.pl\/~gajonline\/wp-content\/uploads\/2015\/09\/DSCF3063.jpg\"><img loading=\"lazy\" decoding=\"async\" class=\"aligncenter size-medium wp-image-5079\" src=\"http:\/\/www.tvk-gaj.pl\/~gajonline\/wp-content\/uploads\/2015\/09\/DSCF3063-300x225.jpg\" alt=\"DSCF3063\" width=\"300\" height=\"225\" srcset=\"https:\/\/online.tvk-gaj.pl\/wp-content\/uploads\/2015\/09\/DSCF3063-300x225.jpg 300w, https:\/\/online.tvk-gaj.pl\/wp-content\/uploads\/2015\/09\/DSCF3063-1024x768.jpg 1024w, https:\/\/online.tvk-gaj.pl\/wp-content\/uploads\/2015\/09\/DSCF3063.jpg 2000w\" sizes=\"auto, (max-width: 300px) 100vw, 300px\" \/><\/a><\/p>\n<p>&nbsp;<\/p>\n<p>&nbsp;<\/p>\n<p><strong>Serdecznie dzi\u0119kujemy wszystkim mieszka\u0144com za wsp\u00f3ln\u0105 zabaw\u0119 i liczn\u0105 frekwencj\u0119!<\/strong><\/p>\n<p><span style=\"text-decoration: underline;\">Specjalnie podzi\u0119kowania kierujemy ponadto:<\/span><\/p>\n<p>&#8211; Stra\u017cy Miejskiej we Wroc\u0142awiu, kt\u00f3ra zabezpiecza\u0142a imprez\u0119, prezentowa\u0142a konie oraz ufundowa\u0142a liczne nagrody!<\/p>\n<p>&#8211; Miejskiemu O\u015brodkowi Pomocy Spo\u0142ecznej we Wroc\u0142awiu, kt\u00f3ry prowadzi\u0142 &#8222;Ko\u0142o Fortuny&#8221;, a tak\u017ce ufundowa\u0142 nagrody w konkursie!<\/p>\n<p>&#8211; Restauracji MCDonald&#8217;s z ul. Bardzkiej, kt\u00f3ra prowadzi\u0142a punkt malowania twarzy<\/p>\n<p>&#8211; Sklepowi &#8222;Aga&#8221; z ul. Orzechowej, kt\u00f3ry prowadzi\u0142 loteri\u0119, ufundowa\u0142 nagrody w konkursach, a ponadto wspar\u0142 logistycznie organizacj\u0119 Pikniku<\/p>\n<p>&#8211; Sklepom &#8222;\u017babka&#8221; z ul. Krynickiej oraz &#8222;Rabat&#8221; z ul. Orzechowej 108 &#8211; fundatorom nagr\u00f3d rzeczowych<\/p>\n<p>&#8211; Pani Agnieszce Ga\u0142uszka, kt\u00f3ra promowa\u0142a Klub Seniora na Gaju<\/p>\n<p>&#8211; Trenerowi Osiedlowemu, kt\u00f3ry poprowadzi\u0142 cz\u0119\u015b\u0107 sportow\u0105 imprezy!<\/p>\n<p>&nbsp;<\/p>\n<p><strong>GALERIA ZDJ\u0118\u0106<\/strong><\/p>\n<p><img decoding=\"async\" class=\"ngg_displayed_gallery mceItem\" src=\"http:\/\/www.tvk-gaj.pl\/~gajonline\/index.php\/nextgen-attach_to_post\/preview\/id--5053\" alt=\"\" data-mce-placeholder=\"1\" \/><\/p>\n<p>&nbsp;<\/p>\n","protected":false},"excerpt":{"rendered":"<p>Piknik osiedla Gaj za nami! W minion\u0105 sobot\u0119, 26 wrze\u015bnia, bawili\u015bmy si\u0119 wsp\u00f3lnie z Wami na pikniku Rady Osiedla Gaj w osiedlowym Parku S\u0142onecznym! Zapraszamy do kr\u00f3tkiej relacji z imprezy oraz obszernej galerii zdj\u0119\u0107!<\/p>\n","protected":false},"author":1,"featured_media":5052,"comment_status":"open","ping_status":"open","sticky":false,"template":"","format":"standard","meta":{"footnotes":""},"categories":[14,12],"tags":[293,112,506,271,88,505,135,294,507],"class_list":["post-5051","post","type-post","status-publish","format-standard","has-post-thumbnail","hentry","category-aktualnosci","category-artykuly","tag-fotorelacja","tag-gaj","tag-mcdoland-bardzka","tag-piknik","tag-piknik-osiedlowy","tag-piknik-osiedlowy-na-gaju","tag-rada-osiedla-gaj","tag-relacja","tag-sklep-aga-orzechowa"],"_links":{"self":[{"href":"https:\/\/online.tvk-gaj.pl\/index.php?rest_route=\/wp\/v2\/posts\/5051","targetHints":{"allow":["GET"]}}],"collection":[{"href":"https:\/\/online.tvk-gaj.pl\/index.php?rest_route=\/wp\/v2\/posts"}],"about":[{"href":"https:\/\/online.tvk-gaj.pl\/index.php?rest_route=\/wp\/v2\/types\/post"}],"author":[{"embeddable":true,"href":"https:\/\/online.tvk-gaj.pl\/index.php?rest_route=\/wp\/v2\/users\/1"}],"replies":[{"embeddable":true,"href":"https:\/\/online.tvk-gaj.pl\/index.php?rest_route=%2Fwp%2Fv2%2Fcomments&post=5051"}],"version-history":[{"count":3,"href":"https:\/\/online.tvk-gaj.pl\/index.php?rest_route=\/wp\/v2\/posts\/5051\/revisions"}],"predecessor-version":[{"id":5083,"href":"https:\/\/online.tvk-gaj.pl\/index.php?rest_route=\/wp\/v2\/posts\/5051\/revisions\/5083"}],"wp:featuredmedia":[{"embeddable":true,"href":"https:\/\/online.tvk-gaj.pl\/index.php?rest_route=\/wp\/v2\/media\/5052"}],"wp:attachment":[{"href":"https:\/\/online.tvk-gaj.pl\/index.php?rest_route=%2Fwp%2Fv2%2Fmedia&parent=5051"}],"wp:term":[{"taxonomy":"category","embeddable":true,"href":"https:\/\/online.tvk-gaj.pl\/index.php?rest_route=%2Fwp%2Fv2%2Fcategories&post=5051"},{"taxonomy":"post_tag","embeddable":true,"href":"https:\/\/online.tvk-gaj.pl\/index.php?rest_route=%2Fwp%2Fv2%2Ftags&post=5051"}],"curies":[{"name":"wp","href":"https:\/\/api.w.org\/{rel}","templated":true}]}}