{"id":508,"date":"2012-12-24T14:00:00","date_gmt":"2012-12-24T13:00:00","guid":{"rendered":"http:\/\/www.gaj-osiedle.wroclaw.pl\/?p=508"},"modified":"2012-12-28T00:22:54","modified_gmt":"2012-12-27T23:22:54","slug":"wigilia-zwiazku-emerytow-w-radzie-osiedla","status":"publish","type":"post","link":"https:\/\/online.tvk-gaj.pl\/?p=508","title":{"rendered":"Wigilia Zwi\u0105zku Emeryt\u00f3w w Radzie Osiedla"},"content":{"rendered":"<p>We wtorek, 18 grudnia b.r., w siedzibie Rady Osiedla Gaj, przy ul. Krynickiej 80, odby\u0142a si\u0119 uroczysta wigilia Polskiego Zwi\u0105zku Emeryt\u00f3w, Rencist\u00f3w i Inwalid\u00f3w &#8211; Ko\u0142o nr 8 Gaj.\u00a0<!--more--><\/p>\n<p>Zapraszamy do kr\u00f3tkiej fotorelacji ze spotkania.<\/p>\n<p>[nggallery id=6]<\/p>\n","protected":false},"excerpt":{"rendered":"<p>We wtorek, 18 grudnia b.r., w siedzibie Rady Osiedla Gaj, przy ul. Krynickiej 80, odby\u0142a si\u0119 uroczysta wigilia Polskiego Zwi\u0105zku Emeryt\u00f3w, Rencist\u00f3w i Inwalid\u00f3w &#8211; Ko\u0142o nr 8 Gaj.\u00a0<\/p>\n","protected":false},"author":1,"featured_media":509,"comment_status":"open","ping_status":"open","sticky":false,"template":"","format":"standard","meta":{"footnotes":""},"categories":[14,12],"tags":[34],"class_list":["post-508","post","type-post","status-publish","format-standard","has-post-thumbnail","hentry","category-aktualnosci","category-artykuly","tag-wigilia-zwiazek-emerytow-rada-osiedla-gaj"],"_links":{"self":[{"href":"https:\/\/online.tvk-gaj.pl\/index.php?rest_route=\/wp\/v2\/posts\/508","targetHints":{"allow":["GET"]}}],"collection":[{"href":"https:\/\/online.tvk-gaj.pl\/index.php?rest_route=\/wp\/v2\/posts"}],"about":[{"href":"https:\/\/online.tvk-gaj.pl\/index.php?rest_route=\/wp\/v2\/types\/post"}],"author":[{"embeddable":true,"href":"https:\/\/online.tvk-gaj.pl\/index.php?rest_route=\/wp\/v2\/users\/1"}],"replies":[{"embeddable":true,"href":"https:\/\/online.tvk-gaj.pl\/index.php?rest_route=%2Fwp%2Fv2%2Fcomments&post=508"}],"version-history":[{"count":4,"href":"https:\/\/online.tvk-gaj.pl\/index.php?rest_route=\/wp\/v2\/posts\/508\/revisions"}],"predecessor-version":[{"id":535,"href":"https:\/\/online.tvk-gaj.pl\/index.php?rest_route=\/wp\/v2\/posts\/508\/revisions\/535"}],"wp:featuredmedia":[{"embeddable":true,"href":"https:\/\/online.tvk-gaj.pl\/index.php?rest_route=\/wp\/v2\/media\/509"}],"wp:attachment":[{"href":"https:\/\/online.tvk-gaj.pl\/index.php?rest_route=%2Fwp%2Fv2%2Fmedia&parent=508"}],"wp:term":[{"taxonomy":"category","embeddable":true,"href":"https:\/\/online.tvk-gaj.pl\/index.php?rest_route=%2Fwp%2Fv2%2Fcategories&post=508"},{"taxonomy":"post_tag","embeddable":true,"href":"https:\/\/online.tvk-gaj.pl\/index.php?rest_route=%2Fwp%2Fv2%2Ftags&post=508"}],"curies":[{"name":"wp","href":"https:\/\/api.w.org\/{rel}","templated":true}]}}