{"id":5098,"date":"2015-10-09T17:37:11","date_gmt":"2015-10-09T15:37:11","guid":{"rendered":"http:\/\/www.tvk-gaj.pl\/~gajonline\/?p=5098"},"modified":"2015-10-12T09:20:32","modified_gmt":"2015-10-12T07:20:32","slug":"radny-osiedla-opowiada-przed-kamera-o-glosowaniu-do-wbo","status":"publish","type":"post","link":"https:\/\/online.tvk-gaj.pl\/?p=5098","title":{"rendered":"Radny Osiedla opowiada przed kamer\u0105 o g\u0142osowaniu do WBO!"},"content":{"rendered":"<p>Pozosta\u0142y jeszcze niespe\u0142na trzy dni do zako\u0144czenia g\u0142osowania w tegorocznej edycji Wroc\u0142awskiego Bud\u017cetu Obywatelskiego! Radny Rady Osiedla Gaj, Grzegorz Pytlarz, opowiada jakie projekty wspieramy oraz jak mo\u017cemy g\u0142osowa\u0107!<!--more--><\/p>\n<p>&nbsp;<\/p>\n<p>Pozosta\u0142y jeszcze niespe\u0142na trzy dni do zako\u0144czenia g\u0142osowania w tegorocznej edycji Wroc\u0142awskiego Bud\u017cetu Obywatelskiego!<\/p>\n<p>Elektronicznie g\u0142osujemy do p\u00f3\u0142nocy, poniedzia\u0142ku, 12 pa\u017adziernika.<\/p>\n<p>Jak dot\u0105d uda\u0142o si\u0119 nam zebra\u0107 bardzo wiele g\u0142os\u00f3w! Radni Osiedla codziennie zbieraj\u0105 g\u0142osy w r\u00f3\u017cnych punktach na Gaju (m.in. w Centrum Handlowym Gaj, CH Ferio Gaj, Hali Kupc\u00f3w Per\u0142a, Parku S\u0142onecznym, Ko\u015bciele \u015aw. Franciszka z Asy\u017cu), mieszka\u0144cy mobilizuj\u0105 rodziny, s\u0105siad\u00f3w i znajomych!<\/p>\n<p>K<span class=\"text_exposed_show\">a\u017cdego dnia zbieramy kolejne, cenne g\u0142osy! Szkoda by\u0142oby zmarnowa\u0107 tak wielki spo\u0142eczny i s\u0105siedzki potencja\u0142, dlatego zach\u0119camy i zapraszamy do g\u0142osowania. Zach\u0119cajmy nasze rodziny i znajomych do oddawania g\u0142os\u00f3w. <\/span><\/p>\n<p><span class=\"text_exposed_show\">Przypominamy: g\u0142osujemy na projekty 572, 67, 786 na stronie miasta pod adresem: <a href=\"https:\/\/www.wroclaw.pl\/budzet-obywatelski-wroclaw\/glosowanie\" target=\"_blank\" rel=\"nofollow\">https:\/\/www.wroclaw.pl\/budzet-obywatelski-wroclaw\/glosowanie<\/a>\u00a0<\/span><\/p>\n<p><span class=\"text_exposed_show\">W zamieszczonym filmie Radny Osiedla Pan Grzegorzy Pytlarz wyja\u015bnia zasady g\u0142osowania oraz kr\u00f3tko opowiada o wspieranych projektach!<\/span><\/p>\n<p>&nbsp;<\/p>\n<p><a href=\"https:\/\/www.facebook.com\/video.php?v=528213323996436\">https:\/\/www.facebook.com\/video.php?v=528213323996436<\/a><\/p>\n<p>&nbsp;<\/p>\n<p>&nbsp;<\/p>\n<p>&nbsp;<\/p>\n<p><a href=\"http:\/\/www.tvk-gaj.pl\/~gajonline\/wp-content\/uploads\/2015\/09\/plakat-gaj.jpg\"><img loading=\"lazy\" decoding=\"async\" class=\"aligncenter size-large wp-image-5085\" src=\"http:\/\/www.tvk-gaj.pl\/~gajonline\/wp-content\/uploads\/2015\/09\/plakat-gaj-714x1024.jpg\" alt=\"plakat gaj\" width=\"714\" height=\"1024\" srcset=\"https:\/\/online.tvk-gaj.pl\/wp-content\/uploads\/2015\/09\/plakat-gaj-714x1024.jpg 714w, https:\/\/online.tvk-gaj.pl\/wp-content\/uploads\/2015\/09\/plakat-gaj-209x300.jpg 209w\" sizes=\"auto, (max-width: 714px) 100vw, 714px\" \/><\/a><\/p>\n<p>&nbsp;<\/p>\n","protected":false},"excerpt":{"rendered":"<p>Pozosta\u0142y jeszcze niespe\u0142na trzy dni do zako\u0144czenia g\u0142osowania w tegorocznej edycji Wroc\u0142awskiego Bud\u017cetu Obywatelskiego! Radny Rady Osiedla Gaj, Grzegorz Pytlarz, opowiada jakie projekty wspieramy oraz jak mo\u017cemy g\u0142osowa\u0107!<\/p>\n","protected":false},"author":1,"featured_media":5104,"comment_status":"open","ping_status":"open","sticky":false,"template":"","format":"standard","meta":{"footnotes":""},"categories":[14],"tags":[521,520,519,518,517,275,419,344],"class_list":["post-5098","post","type-post","status-publish","format-standard","has-post-thumbnail","hentry","category-aktualnosci","tag-projekt-572","tag-projekt-67","tag-projekt-786","tag-projekty-z-gaju","tag-rada-osiedla-gaj-osiedle-gaj","tag-wbo","tag-wbo-2015","tag-wroclawski-budzet-obywatelski"],"_links":{"self":[{"href":"https:\/\/online.tvk-gaj.pl\/index.php?rest_route=\/wp\/v2\/posts\/5098","targetHints":{"allow":["GET"]}}],"collection":[{"href":"https:\/\/online.tvk-gaj.pl\/index.php?rest_route=\/wp\/v2\/posts"}],"about":[{"href":"https:\/\/online.tvk-gaj.pl\/index.php?rest_route=\/wp\/v2\/types\/post"}],"author":[{"embeddable":true,"href":"https:\/\/online.tvk-gaj.pl\/index.php?rest_route=\/wp\/v2\/users\/1"}],"replies":[{"embeddable":true,"href":"https:\/\/online.tvk-gaj.pl\/index.php?rest_route=%2Fwp%2Fv2%2Fcomments&post=5098"}],"version-history":[{"count":5,"href":"https:\/\/online.tvk-gaj.pl\/index.php?rest_route=\/wp\/v2\/posts\/5098\/revisions"}],"predecessor-version":[{"id":5103,"href":"https:\/\/online.tvk-gaj.pl\/index.php?rest_route=\/wp\/v2\/posts\/5098\/revisions\/5103"}],"wp:featuredmedia":[{"embeddable":true,"href":"https:\/\/online.tvk-gaj.pl\/index.php?rest_route=\/wp\/v2\/media\/5104"}],"wp:attachment":[{"href":"https:\/\/online.tvk-gaj.pl\/index.php?rest_route=%2Fwp%2Fv2%2Fmedia&parent=5098"}],"wp:term":[{"taxonomy":"category","embeddable":true,"href":"https:\/\/online.tvk-gaj.pl\/index.php?rest_route=%2Fwp%2Fv2%2Fcategories&post=5098"},{"taxonomy":"post_tag","embeddable":true,"href":"https:\/\/online.tvk-gaj.pl\/index.php?rest_route=%2Fwp%2Fv2%2Ftags&post=5098"}],"curies":[{"name":"wp","href":"https:\/\/api.w.org\/{rel}","templated":true}]}}