{"id":5111,"date":"2015-10-13T20:21:59","date_gmt":"2015-10-13T18:21:59","guid":{"rendered":"http:\/\/www.tvk-gaj.pl\/~gajonline\/?p=5111"},"modified":"2015-10-14T11:28:37","modified_gmt":"2015-10-14T09:28:37","slug":"zmiana-planu-zagospodarowania-przestrzennego-borowskiej","status":"publish","type":"post","link":"https:\/\/online.tvk-gaj.pl\/?p=5111","title":{"rendered":"Zmiana planu zagospodarowania przestrzennego Borowskiej"},"content":{"rendered":"<p>Publikujemy obwieszczenie Prezydenta Wroc\u0142awia o wy\u0142o\u017ceniu do publicznego wgl\u0105du projektu miejscowego planu zagospodarowania przestrzennego w rejonie po\u0142udniowego odcinka ulicy Borowskiej we Wroc\u0142awiu (Gaj).<!--more--><\/p>\n<p><a href=\"http:\/\/www.tvk-gaj.pl\/~gajonline\/wp-content\/uploads\/2015\/10\/nik068.jpg\"><img loading=\"lazy\" decoding=\"async\" class=\"aligncenter size-large wp-image-5113\" src=\"http:\/\/www.tvk-gaj.pl\/~gajonline\/wp-content\/uploads\/2015\/10\/nik068-718x1024.jpg\" alt=\"nik068\" width=\"718\" height=\"1024\" srcset=\"https:\/\/online.tvk-gaj.pl\/wp-content\/uploads\/2015\/10\/nik068-718x1024.jpg 718w, https:\/\/online.tvk-gaj.pl\/wp-content\/uploads\/2015\/10\/nik068-210x300.jpg 210w, https:\/\/online.tvk-gaj.pl\/wp-content\/uploads\/2015\/10\/nik068.jpg 1205w\" sizes=\"auto, (max-width: 718px) 100vw, 718px\" \/><\/a><\/p>\n<p>&nbsp;<\/p>\n<p><a href=\"http:\/\/www.tvk-gaj.pl\/~gajonline\/wp-content\/uploads\/2015\/10\/nik069.jpg\"><img loading=\"lazy\" decoding=\"async\" class=\"aligncenter size-large wp-image-5114\" src=\"http:\/\/www.tvk-gaj.pl\/~gajonline\/wp-content\/uploads\/2015\/10\/nik069-718x1024.jpg\" alt=\"nik069\" width=\"718\" height=\"1024\" srcset=\"https:\/\/online.tvk-gaj.pl\/wp-content\/uploads\/2015\/10\/nik069-718x1024.jpg 718w, https:\/\/online.tvk-gaj.pl\/wp-content\/uploads\/2015\/10\/nik069-210x300.jpg 210w, https:\/\/online.tvk-gaj.pl\/wp-content\/uploads\/2015\/10\/nik069.jpg 1205w\" sizes=\"auto, (max-width: 718px) 100vw, 718px\" \/><\/a><\/p>\n<p>&nbsp;<\/p>\n<p><a href=\"http:\/\/www.tvk-gaj.pl\/~gajonline\/wp-content\/uploads\/2015\/10\/nik070.jpg\"><img loading=\"lazy\" decoding=\"async\" class=\"aligncenter size-large wp-image-5112\" src=\"http:\/\/www.tvk-gaj.pl\/~gajonline\/wp-content\/uploads\/2015\/10\/nik070-718x1024.jpg\" alt=\"nik070\" width=\"718\" height=\"1024\" srcset=\"https:\/\/online.tvk-gaj.pl\/wp-content\/uploads\/2015\/10\/nik070-718x1024.jpg 718w, https:\/\/online.tvk-gaj.pl\/wp-content\/uploads\/2015\/10\/nik070-210x300.jpg 210w, https:\/\/online.tvk-gaj.pl\/wp-content\/uploads\/2015\/10\/nik070.jpg 1205w\" sizes=\"auto, (max-width: 718px) 100vw, 718px\" \/><\/a><\/p>\n<p>&nbsp;<\/p>\n<p><strong>Dyskusja publiczna nad przyj\u0119tymi w projekcie planu miejscowego rozwi\u0105zaniami odb\u0119dzie si\u0119 w dniu 14 pa\u017adziernika 2015r. w siedzibie Urz\u0119du Miejskiego Wroc\u0142awia, pl. Nowy Targ 1-8, w sali nr 204 o godz. 15:30.<\/strong><\/p>\n<p>&nbsp;<\/p>\n<p>&nbsp;<\/p>\n<p>&nbsp;<\/p>\n<p>&nbsp;<\/p>\n","protected":false},"excerpt":{"rendered":"<p>Publikujemy obwieszczenie Prezydenta Wroc\u0142awia o wy\u0142o\u017ceniu do publicznego wgl\u0105du projektu miejscowego planu zagospodarowania przestrzennego w rejonie po\u0142udniowego odcinka ulicy Borowskiej we Wroc\u0142awiu (Gaj).<\/p>\n","protected":false},"author":1,"featured_media":5112,"comment_status":"open","ping_status":"open","sticky":false,"template":"","format":"standard","meta":{"footnotes":""},"categories":[14],"tags":[526,135,529,528,527],"class_list":["post-5111","post","type-post","status-publish","format-standard","has-post-thumbnail","hentry","category-aktualnosci","tag-plan-przestrzenny","tag-rada-osiedla-gaj","tag-ulica-borowska","tag-urzad-miasta-wroclawia","tag-zmiana-planu-zagospodarowania"],"_links":{"self":[{"href":"https:\/\/online.tvk-gaj.pl\/index.php?rest_route=\/wp\/v2\/posts\/5111","targetHints":{"allow":["GET"]}}],"collection":[{"href":"https:\/\/online.tvk-gaj.pl\/index.php?rest_route=\/wp\/v2\/posts"}],"about":[{"href":"https:\/\/online.tvk-gaj.pl\/index.php?rest_route=\/wp\/v2\/types\/post"}],"author":[{"embeddable":true,"href":"https:\/\/online.tvk-gaj.pl\/index.php?rest_route=\/wp\/v2\/users\/1"}],"replies":[{"embeddable":true,"href":"https:\/\/online.tvk-gaj.pl\/index.php?rest_route=%2Fwp%2Fv2%2Fcomments&post=5111"}],"version-history":[{"count":1,"href":"https:\/\/online.tvk-gaj.pl\/index.php?rest_route=\/wp\/v2\/posts\/5111\/revisions"}],"predecessor-version":[{"id":5115,"href":"https:\/\/online.tvk-gaj.pl\/index.php?rest_route=\/wp\/v2\/posts\/5111\/revisions\/5115"}],"wp:featuredmedia":[{"embeddable":true,"href":"https:\/\/online.tvk-gaj.pl\/index.php?rest_route=\/wp\/v2\/media\/5112"}],"wp:attachment":[{"href":"https:\/\/online.tvk-gaj.pl\/index.php?rest_route=%2Fwp%2Fv2%2Fmedia&parent=5111"}],"wp:term":[{"taxonomy":"category","embeddable":true,"href":"https:\/\/online.tvk-gaj.pl\/index.php?rest_route=%2Fwp%2Fv2%2Fcategories&post=5111"},{"taxonomy":"post_tag","embeddable":true,"href":"https:\/\/online.tvk-gaj.pl\/index.php?rest_route=%2Fwp%2Fv2%2Ftags&post=5111"}],"curies":[{"name":"wp","href":"https:\/\/api.w.org\/{rel}","templated":true}]}}