{"id":5138,"date":"2015-10-23T22:25:39","date_gmt":"2015-10-23T20:25:39","guid":{"rendered":"http:\/\/www.tvk-gaj.pl\/~gajonline\/?p=5138"},"modified":"2015-10-23T22:27:02","modified_gmt":"2015-10-23T20:27:02","slug":"wybory-parlamentarne-2015-gdzie-glosowac","status":"publish","type":"post","link":"https:\/\/online.tvk-gaj.pl\/?p=5138","title":{"rendered":"Wybory parlamentarne 2015 &#8211; gdzie g\u0142osowa\u0107 na Gaju"},"content":{"rendered":"<p>W najbli\u017csz\u0105 niedziel\u0119, 25 pa\u017adziernika 2015r., w godz. 7-21, b\u0119dziemy mogli \u00a0g\u0142osowa\u0107 na pos\u0142\u00f3w i senator\u00f3w w wyborach parlamentarnych 2015. Je\u017celi jeszcze nie wiecie gdzie mo\u017cecie g\u0142osowa\u0107 oraz pod jakim adresem znajduje si\u0119 Wasz lokal wyborczy to publikujemy list\u0119 lokali wyborczych znajduj\u0105cych si\u0119 w obr\u0119bie Gaju wraz z wyszukiwark\u0105.\u00a0<!--more--><\/p>\n<p>&nbsp;<\/p>\n<p>Wybory do Sejmu i do Senatu Rzeczypospolitej Polskiej odb\u0119d\u0105 si\u0119 25 pa\u017adziernika 2015 r. G\u0142osowa\u0107 b\u0119dzie mo\u017cna w lokalach wyborczych w godz. od 7 do 21.<\/p>\n<p>Do sejmu mieszka\u0144cy Wroc\u0142awia g\u0142osowa\u0107 b\u0119d\u0105 w okr\u0119gu wyborczym nr 3, w kt\u00f3rym o 14 mandat\u00f3w poselskich , powalczy 254 kandydat\u00f3w z 10 komitet\u00f3w wyborczych.\u00a0Do senatu mieszka\u0144cy Wroc\u0142awia g\u0142osowa\u0107 b\u0119d\u0105 w dw\u00f3ch okr\u0119gach wyborczych \u2013 nr 7 i nr 8. W okr\u0119gu nr 7, jest 4 kandydat\u00f3w, natomiast w okr\u0119gu nr 8, jest 2 kandydat\u00f3w. W ka\u017cdym z okr\u0119g\u00f3w wybiera\u0107 b\u0119dziemy 1 senatora.<\/p>\n<p>&nbsp;<\/p>\n<p><strong>Gdzie g\u0142osowa\u0107?<\/strong><\/p>\n<p>&nbsp;<\/p>\n<p><a href=\"http:\/\/www.wroclaw.pl\/komisje-wyborcze-lokale-wyborcze-wroclaw-wyszukiwarka\"><img loading=\"lazy\" decoding=\"async\" class=\"aligncenter wp-image-5140 size-full\" src=\"http:\/\/www.tvk-gaj.pl\/~gajonline\/wp-content\/uploads\/2015\/10\/wyszukiwarka-lokali-wyborczych.jpg\" alt=\"wyszukiwarka-lokali-wyborczych\" width=\"630\" height=\"350\" srcset=\"https:\/\/online.tvk-gaj.pl\/wp-content\/uploads\/2015\/10\/wyszukiwarka-lokali-wyborczych.jpg 630w, https:\/\/online.tvk-gaj.pl\/wp-content\/uploads\/2015\/10\/wyszukiwarka-lokali-wyborczych-300x167.jpg 300w\" sizes=\"auto, (max-width: 630px) 100vw, 630px\" \/><\/a><\/p>\n<p>&nbsp;<\/p>\n<p>Miasto udost\u0119pni\u0142o na swojej stronie www wyszukiwark\u0119 lokali wyborczych po adresie zamieszkania. Wyszukiwarka dost\u0119pna <a href=\"http:\/\/www.wroclaw.pl\/komisje-wyborcze-lokale-wyborcze-wroclaw-wyszukiwarka\" target=\"_blank\">pod tym adresem<\/a>.<\/p>\n<p>&nbsp;<\/p>\n<p><strong>Lokale wyborcze na Gaju<\/strong><\/p>\n<p>Na terenie Gaju g\u0142osowa\u0107 b\u0119dzie mo\u017cna w komisjach:<\/p>\n<p>&nbsp;<\/p>\n<p><span style=\"text-decoration: underline;\">Komisja nr\u00a0107<\/span><br \/>\nO\u015brodek Postaw Tw\u00f3rczych<br \/>\nDzia\u0142kowa 15<\/p>\n<p><span style=\"text-decoration: underline;\">Komisja nr\u00a0108<\/span><br \/>\nKomenda Wojew\u00f3dzka Pa\u0144stwowej Stra\u017cy Po\u017carnej<br \/>\nBorowska 138<\/p>\n<p><span style=\"text-decoration: underline;\">Komisja nr\u00a0112<\/span><br \/>\nSzko\u0142a Podstawowa nr 90<br \/>\nOrzechowa 62<\/p>\n<p><span style=\"text-decoration: underline;\">Komisja nr\u00a0113<\/span><br \/>\nO\u015brodek Szkolenia Zawodowego we Wroc\u0142awiu<br \/>\nOrzechowa 2<\/p>\n<p>&nbsp;<\/p>\n<p>&nbsp;<\/p>\n","protected":false},"excerpt":{"rendered":"<p>W najbli\u017csz\u0105 niedziel\u0119, 25 pa\u017adziernika 2015r., w godz. 7-21, b\u0119dziemy mogli \u00a0g\u0142osowa\u0107 na pos\u0142\u00f3w i senator\u00f3w w wyborach parlamentarnych 2015. Je\u017celi jeszcze nie wiecie gdzie mo\u017cecie g\u0142osowa\u0107 oraz pod jakim adresem znajduje si\u0119 Wasz lokal wyborczy to publikujemy list\u0119 lokali wyborczych znajduj\u0105cych si\u0119 w obr\u0119bie Gaju wraz z wyszukiwark\u0105.\u00a0<\/p>\n","protected":false},"author":1,"featured_media":5139,"comment_status":"open","ping_status":"open","sticky":false,"template":"","format":"standard","meta":{"footnotes":""},"categories":[14,12],"tags":[112,378,540,536,135,537,538,371,539,535],"class_list":["post-5138","post","type-post","status-publish","format-standard","has-post-thumbnail","hentry","category-aktualnosci","category-artykuly","tag-gaj","tag-gdzie-glosowac-na-gaju","tag-lokale-wyborcze","tag-parlament","tag-rada-osiedla-gaj","tag-sejm","tag-senat","tag-wybory","tag-wybory-do-sejmu-2015","tag-wybory-parlamentarne-2015"],"_links":{"self":[{"href":"https:\/\/online.tvk-gaj.pl\/index.php?rest_route=\/wp\/v2\/posts\/5138","targetHints":{"allow":["GET"]}}],"collection":[{"href":"https:\/\/online.tvk-gaj.pl\/index.php?rest_route=\/wp\/v2\/posts"}],"about":[{"href":"https:\/\/online.tvk-gaj.pl\/index.php?rest_route=\/wp\/v2\/types\/post"}],"author":[{"embeddable":true,"href":"https:\/\/online.tvk-gaj.pl\/index.php?rest_route=\/wp\/v2\/users\/1"}],"replies":[{"embeddable":true,"href":"https:\/\/online.tvk-gaj.pl\/index.php?rest_route=%2Fwp%2Fv2%2Fcomments&post=5138"}],"version-history":[{"count":3,"href":"https:\/\/online.tvk-gaj.pl\/index.php?rest_route=\/wp\/v2\/posts\/5138\/revisions"}],"predecessor-version":[{"id":5142,"href":"https:\/\/online.tvk-gaj.pl\/index.php?rest_route=\/wp\/v2\/posts\/5138\/revisions\/5142"}],"wp:featuredmedia":[{"embeddable":true,"href":"https:\/\/online.tvk-gaj.pl\/index.php?rest_route=\/wp\/v2\/media\/5139"}],"wp:attachment":[{"href":"https:\/\/online.tvk-gaj.pl\/index.php?rest_route=%2Fwp%2Fv2%2Fmedia&parent=5138"}],"wp:term":[{"taxonomy":"category","embeddable":true,"href":"https:\/\/online.tvk-gaj.pl\/index.php?rest_route=%2Fwp%2Fv2%2Fcategories&post=5138"},{"taxonomy":"post_tag","embeddable":true,"href":"https:\/\/online.tvk-gaj.pl\/index.php?rest_route=%2Fwp%2Fv2%2Ftags&post=5138"}],"curies":[{"name":"wp","href":"https:\/\/api.w.org\/{rel}","templated":true}]}}