{"id":5147,"date":"2015-10-29T15:50:12","date_gmt":"2015-10-29T14:50:12","guid":{"rendered":"http:\/\/www.tvk-gaj.pl\/~gajonline\/?p=5147"},"modified":"2015-10-29T15:53:43","modified_gmt":"2015-10-29T14:53:43","slug":"swieto-wszystkich-swietych-zmiany-w-komunikacji-na-gaju","status":"publish","type":"post","link":"https:\/\/online.tvk-gaj.pl\/?p=5147","title":{"rendered":"\u015awi\u0119to Wszystkich \u015awi\u0119tych \u2013 zmiany w komunikacji na Gaju"},"content":{"rendered":"<p>Przedstawiamy szczeg\u00f3\u0142y zmian w organizacji ruchu i komunikacji miejskiej na Wszystkich \u015awi\u0119tych we Wroc\u0142awiu, a w szczeg\u00f3lno\u015bci na Gaju.\u00a0<!--more--><\/p>\n<p>Na terenie osiedla znajduj\u0105 si\u0119 dwa cmentarze parafialne \u2013 \u015aw. Ducha na ul. Bardziej oraz \u015aw. Maurycego na ul. Dzia\u0142kowej (pod kt\u00f3ry podlega te\u017c Parafia \u015aw. Franciszka z Asy\u017cu z ul Borowskiej).<\/p>\n<p><strong>Cmentarz ul. Bardzka<\/strong><\/p>\n<p>&nbsp;<\/p>\n<p><a href=\"http:\/\/www.tvk-gaj.pl\/~gajonline\/wp-content\/uploads\/2015\/10\/cmentarz-przy-bardzkiej.jpg\"><img loading=\"lazy\" decoding=\"async\" class=\"aligncenter size-full wp-image-5148\" src=\"http:\/\/www.tvk-gaj.pl\/~gajonline\/wp-content\/uploads\/2015\/10\/cmentarz-przy-bardzkiej.jpg\" alt=\"cmentarz-przy-bardzkiej\" width=\"626\" height=\"417\" srcset=\"https:\/\/online.tvk-gaj.pl\/wp-content\/uploads\/2015\/10\/cmentarz-przy-bardzkiej.jpg 626w, https:\/\/online.tvk-gaj.pl\/wp-content\/uploads\/2015\/10\/cmentarz-przy-bardzkiej-300x200.jpg 300w, https:\/\/online.tvk-gaj.pl\/wp-content\/uploads\/2015\/10\/cmentarz-przy-bardzkiej-321x214.jpg 321w, https:\/\/online.tvk-gaj.pl\/wp-content\/uploads\/2015\/10\/cmentarz-przy-bardzkiej-140x94.jpg 140w\" sizes=\"auto, (max-width: 626px) 100vw, 626px\" \/><\/a><\/p>\n<p>&nbsp;<\/p>\n<p>PARKOWANIE<br \/>\nW rejonie cmentarza przy ul. Bardzkiej zorganizowany zostanie parking p\u0142atny na terenie nale\u017c\u0105cym do Przedsi\u0119biorstwa Handlu Chemikaliami Chemia \u2013 Wroc\u0142aw S.A. przy ulicy Buforowej 2. Ponadto\u00a0cz\u0119\u015b\u0107 jezdni ul. Morwowej przeznaczona zostanie do parkowania.<\/p>\n<p>RUCH DROGOWY<br \/>\nNa ul. Morwowej w dniach 31.10-1.11 zostanie wprowadzony jeden kierunek ruchu pojazd\u00f3w &#8211; od ul. Bardzkiej do ul. Tarnogajskiej.<\/p>\n<p>KOMUNIKACJA MIEJSKA<br \/>\nOd pi\u0105tku 30 pa\u017adziernika (w godzinach 9-18) wszystkie kursy autobus\u00f3w linii 146 od ul. \u015awieradowskiej pojad\u0105 przez ul. Bardzk\u0105 przy cmentarzu do p\u0119tli na rondzie w Iwinach. Od soboty (31.10) obejmie to tak\u017ce kursy autobus\u00f3w 145 &#8211; od skrzy\u017cowania al. Armii Krajowej i ul. Bardzkiej. Zmiany obowi\u0105zuje do niedzieli, 1 listopada.<br \/>\nMPK uruchomi ponadto w weekend (31.10-1.11) dwie specjalne linie: tramwajow\u0105 E8 (na trasie Gaj-Osobowice) oraz autobusow\u0105: 334 (na trasie Broch\u00f3w-Cmentarz Grabiszy\u0144ki).<\/p>\n<p>&nbsp;<\/p>\n<p>&nbsp;<\/p>\n<p><a href=\"http:\/\/www.tvk-gaj.pl\/~gajonline\/wp-content\/uploads\/2015\/10\/Cm.-Bradzka-31.10-i-01.jpg\"><img loading=\"lazy\" decoding=\"async\" class=\"aligncenter size-large wp-image-5151\" src=\"http:\/\/www.tvk-gaj.pl\/~gajonline\/wp-content\/uploads\/2015\/10\/Cm.-Bradzka-31.10-i-01-1024x721.jpg\" alt=\"M:DIGWIMDZRCmentarzecmentarze2015Cm. Bradzka 31.10 i 01.11\" width=\"838\" height=\"590\" srcset=\"https:\/\/online.tvk-gaj.pl\/wp-content\/uploads\/2015\/10\/Cm.-Bradzka-31.10-i-01-1024x721.jpg 1024w, https:\/\/online.tvk-gaj.pl\/wp-content\/uploads\/2015\/10\/Cm.-Bradzka-31.10-i-01-300x211.jpg 300w, https:\/\/online.tvk-gaj.pl\/wp-content\/uploads\/2015\/10\/Cm.-Bradzka-31.10-i-01.jpg 1200w\" sizes=\"auto, (max-width: 838px) 100vw, 838px\" \/><\/a><\/p>\n<p>&nbsp;<\/p>\n<p>&nbsp;<\/p>\n<p><strong>Cmentarz ul. Dzia\u0142kowa<\/strong><\/p>\n<p>&nbsp;<\/p>\n<p><a href=\"http:\/\/www.tvk-gaj.pl\/~gajonline\/wp-content\/uploads\/2015\/10\/14.jpg\"><img loading=\"lazy\" decoding=\"async\" class=\"size-large wp-image-5150 aligncenter\" src=\"http:\/\/www.tvk-gaj.pl\/~gajonline\/wp-content\/uploads\/2015\/10\/14-1024x768.jpg\" alt=\"OLYMPUS DIGITAL CAMERA\" width=\"838\" height=\"629\" srcset=\"https:\/\/online.tvk-gaj.pl\/wp-content\/uploads\/2015\/10\/14-1024x768.jpg 1024w, https:\/\/online.tvk-gaj.pl\/wp-content\/uploads\/2015\/10\/14-300x225.jpg 300w, https:\/\/online.tvk-gaj.pl\/wp-content\/uploads\/2015\/10\/14.jpg 2048w\" sizes=\"auto, (max-width: 838px) 100vw, 838px\" \/><\/a><\/p>\n<p><a href=\"http:\/\/www.tvk-gaj.pl\/~gajonline\/wp-content\/uploads\/2013\/10\/2013-10-31-13.25.46.jpg\"><img loading=\"lazy\" decoding=\"async\" class=\"aligncenter size-large wp-image-1724\" src=\"http:\/\/www.tvk-gaj.pl\/~gajonline\/wp-content\/uploads\/2013\/10\/2013-10-31-13.25.46-1024x576.jpg\" alt=\"2013-10-31 13.25.46\" width=\"838\" height=\"471\" srcset=\"https:\/\/online.tvk-gaj.pl\/wp-content\/uploads\/2013\/10\/2013-10-31-13.25.46-1024x576.jpg 1024w, https:\/\/online.tvk-gaj.pl\/wp-content\/uploads\/2013\/10\/2013-10-31-13.25.46-300x168.jpg 300w, https:\/\/online.tvk-gaj.pl\/wp-content\/uploads\/2013\/10\/2013-10-31-13.25.46.jpg 1536w\" sizes=\"auto, (max-width: 838px) 100vw, 838px\" \/><\/a><\/p>\n<p>&nbsp;<\/p>\n<p>PARKOWANIE<br \/>\nPrzy cmentarzu Policja wprowadzi zakaz zatrzymywania si\u0119 pojazd\u00f3w.<\/p>\n<p>RUCH DROGOWY<br \/>\nNie b\u0119dzie zamian w organizacji ruchu dla cmentarza \u201eSkowronia G\u00f3ra\u201d przy ul. Dzia\u0142kowej.<\/p>\n<p>KOMUNIKACJA MIEJSKA<br \/>\nDo cmentarza mo\u017cna dojecha\u0107 autobusami linii 136, 146, K, 112, 113, 612 oraz tramwajami linii 31, 32.<\/p>\n<p>&nbsp;<\/p>\n<p>&nbsp;<\/p>\n<p>Wi\u0119cej informacji na temat komunikacji miejskiej we Wszystkich \u015awi\u0119tych <a href=\"http:\/\/www.wroclaw.pl\/wszystkich-swietych-2014-komunikacja-miejska\" target=\"_blank\">znajduje si\u0119 na stronie miasta<\/a>.<\/p>\n<p>&nbsp;<\/p>\n","protected":false},"excerpt":{"rendered":"<p>Przedstawiamy szczeg\u00f3\u0142y zmian w organizacji ruchu i komunikacji miejskiej na Wszystkich \u015awi\u0119tych we Wroc\u0142awiu, a w szczeg\u00f3lno\u015bci na Gaju.\u00a0<\/p>\n","protected":false},"author":1,"featured_media":1721,"comment_status":"open","ping_status":"open","sticky":false,"template":"","format":"standard","meta":{"footnotes":""},"categories":[14,12],"tags":[364,197,439,545,546,251,112,122,548,166,544,194,547,135,543,121,366],"class_list":["post-5147","post","type-post","status-publish","format-standard","has-post-thumbnail","hentry","category-aktualnosci","category-artykuly","tag-1-listopada","tag-bardzka","tag-cmentarz","tag-cmentarz-na-bardzkiej","tag-cmentarz-skowronia-gora","tag-dzialkowa","tag-gaj","tag-komunikacja","tag-objazdy","tag-osiedle-gaj","tag-parafia-sw-ducha","tag-parafia-sw-franciszka-z-asyzu","tag-parafia-sw-maurycego","tag-rada-osiedla-gaj","tag-utrudnienia","tag-wszystkich-swietych","tag-zmiany-w-komunikacji"],"_links":{"self":[{"href":"https:\/\/online.tvk-gaj.pl\/index.php?rest_route=\/wp\/v2\/posts\/5147","targetHints":{"allow":["GET"]}}],"collection":[{"href":"https:\/\/online.tvk-gaj.pl\/index.php?rest_route=\/wp\/v2\/posts"}],"about":[{"href":"https:\/\/online.tvk-gaj.pl\/index.php?rest_route=\/wp\/v2\/types\/post"}],"author":[{"embeddable":true,"href":"https:\/\/online.tvk-gaj.pl\/index.php?rest_route=\/wp\/v2\/users\/1"}],"replies":[{"embeddable":true,"href":"https:\/\/online.tvk-gaj.pl\/index.php?rest_route=%2Fwp%2Fv2%2Fcomments&post=5147"}],"version-history":[{"count":4,"href":"https:\/\/online.tvk-gaj.pl\/index.php?rest_route=\/wp\/v2\/posts\/5147\/revisions"}],"predecessor-version":[{"id":5155,"href":"https:\/\/online.tvk-gaj.pl\/index.php?rest_route=\/wp\/v2\/posts\/5147\/revisions\/5155"}],"wp:featuredmedia":[{"embeddable":true,"href":"https:\/\/online.tvk-gaj.pl\/index.php?rest_route=\/wp\/v2\/media\/1721"}],"wp:attachment":[{"href":"https:\/\/online.tvk-gaj.pl\/index.php?rest_route=%2Fwp%2Fv2%2Fmedia&parent=5147"}],"wp:term":[{"taxonomy":"category","embeddable":true,"href":"https:\/\/online.tvk-gaj.pl\/index.php?rest_route=%2Fwp%2Fv2%2Fcategories&post=5147"},{"taxonomy":"post_tag","embeddable":true,"href":"https:\/\/online.tvk-gaj.pl\/index.php?rest_route=%2Fwp%2Fv2%2Ftags&post=5147"}],"curies":[{"name":"wp","href":"https:\/\/api.w.org\/{rel}","templated":true}]}}