{"id":5159,"date":"2015-11-16T11:36:51","date_gmt":"2015-11-16T10:36:51","guid":{"rendered":"http:\/\/www.tvk-gaj.pl\/~gajonline\/?p=5159"},"modified":"2015-11-16T11:37:42","modified_gmt":"2015-11-16T10:37:42","slug":"apel-o-humanitarna-postawe-w-stosunku-do-wolno-zyjacych-kotowa","status":"publish","type":"post","link":"https:\/\/online.tvk-gaj.pl\/?p=5159","title":{"rendered":"Apel o humanitarn\u0105 postaw\u0119 w stosunku do wolno \u017cyj\u0105cych kot\u00f3w"},"content":{"rendered":"<p>W\u0142adze Miasta zwracaj\u0105 si\u0119 z apelem o humanitarn\u0105 postaw\u0119 wzgl\u0119dem wolno \u017cyj\u0105cych zwierz\u0105t, szczeg\u00f3lnie w kontek\u015bcie nadchodz\u0105cej zimy! <!--more--><\/p>\n<p><strong>Koty wolno \u017cyj\u0105ce s\u0105 zwierz\u0119tami nieudomowionymi, \u017cyj\u0105cymi w miejskiej przestrzeni obok nas, lecz niezale\u017cnie od cz\u0142owieka.<\/strong><\/p>\n<p>&nbsp;<\/p>\n<p><a href=\"http:\/\/www.tvk-gaj.pl\/~gajonline\/wp-content\/uploads\/2015\/11\/czarny-kot-3.jpg\"><img loading=\"lazy\" decoding=\"async\" class=\"aligncenter size-full wp-image-5160\" src=\"http:\/\/www.tvk-gaj.pl\/~gajonline\/wp-content\/uploads\/2015\/11\/czarny-kot-3.jpg\" alt=\"czarny-kot-3\" width=\"630\" height=\"350\" srcset=\"https:\/\/online.tvk-gaj.pl\/wp-content\/uploads\/2015\/11\/czarny-kot-3.jpg 630w, https:\/\/online.tvk-gaj.pl\/wp-content\/uploads\/2015\/11\/czarny-kot-3-300x167.jpg 300w\" sizes=\"auto, (max-width: 630px) 100vw, 630px\" \/><\/a><\/p>\n<p>&nbsp;<\/p>\n<blockquote><p>Ustawa o ochronie zwierz\u0105t stanowi, \u017ce zwierz\u0119ta wolno \u017cyj\u0105ce stanowi\u0105 dobro og\u00f3lnonarodowei powinny mie\u0107 zapewnione warunki rozwoju i swobodnego bytowania. Pami\u0119ta\u0107 nale\u017cy, \u017ce koty wolno \u017cyj\u0105ce s\u0105 naszymi sprzymierze\u0144cami, gdy\u017c ich obecno\u015b\u0107 w miejskim ekosystemie zapobiega rozprzestrzenianiu si\u0119 gryzoni.<\/p>\n<p>Zatem zwracamy si\u0119 z apelem do mieszka\u0144c\u00f3w Wroc\u0142awia, zarz\u0105dc\u00f3w i administrator\u00f3w nieruchomo\u015bci o humanitarn\u0105 postaw\u0119 w stosunku do wolno \u017cyj\u0105cych kot\u00f3w, w tym o aktywny i przyjazny udzia\u0142 w zapewnieniu im ochrony i opieki. Prosimy o udost\u0119pnianie im ciep\u0142ych i suchych miejsc schronienie w budynkach, np. poprzez uchylenie, w okresie wyst\u0119powania niskich temperatur, okienek w piwnicach lub innych odpowiednich do tego pomieszczeniach. Takie post\u0119powanie przyczyni si\u0119 do ratowania tych zwierz\u0105t i pomo\u017ce im prze\u017cy\u0107 zim\u0119.<\/p>\n<p>Nale\u017cny podkre\u015bli\u0107, \u017ce &#8222;nasz&#8221; wolno \u017cyj\u0105ce koty znajduj\u0105 sie pod sta\u0142\u0105 opiek\u0105 wroc\u0142awian-wolontariuszy, kt\u00f3rzy w humanitarny spos\u00f3b pomagaj\u0105 chorym zwierzakom oraz kontroluj\u0105 wielko\u015b\u0107 i stabilno\u015b\u0107 kociej populacji.<\/p>\n<p>Jednocze\u015bnie przypominamy, \u017ce agresywne dzia\u0142ania zmierzaj\u0105ce do zmiany miejsca bytowania kot\u00f3w wolno \u017cyj\u0105cych naruszaj\u0105 ich naturalne potrzeby \u017cyciowe, kt\u00f3re s\u0105 chronione prawem. Utrudnianie, zamykanie dost\u0119pu do dotychczasowych schronie\u0144 jest form\u0105 zn\u0119cania si\u0119 nad tymi zwierz\u0119tami.<\/p>\n<p>Wyra\u017camy nadziej\u0119, \u017ce realizacja niniejszego apelu spotka si\u0119 z Pa\u0144stwa zrozumieniem i akceptacj\u0105.<\/p>\n<p>Obowi\u0105zek pomocy wolno \u017cyj\u0105cym kotom wynika z ustawy z dnia 21 sierpnia 1997 r. o ochronie zwierz\u0105t. Ponadto dzia\u0142ania takie s\u0105 zgodne z intencj\u0105 <span style=\"color: #000000;\"><a style=\"color: #000000;\" href=\"http:\/\/uchwaly.um.wroc.pl\/uchwala.aspx?numer=VIII\/109\/15\" target=\"_blank\" rel=\"nofollow\">Uchwa\u0142y nr VIII\/109\/15 Rady Miejskiej Wroc\u0142awia z dnia 19 marca 2015 r.<\/a><\/span> w sprawie przyj\u0119cia opieki nad zwierz\u0119tami bezdomnymi oraz zapobiegania bezdomno\u015bci zwierz\u0105t na terenie Gminy Wroc\u0142aw w 2015 roku<\/p>\n<p>&nbsp;<\/p>\n<p>In\u017cynier Miasta<br \/>\nZ-ca Dyrektora Departamentu<br \/>\nWojciech Kaczkowski<\/p>\n<p>Dyrektor<br \/>\nSchroniska dla Bezdomnych Zwierz\u0105t TOZ we Wroc\u0142awiu<br \/>\nZofia Bia\u0142oszewska-Wo\u017aniak<\/p><\/blockquote>\n<p>&nbsp;<\/p>\n<p><strong>APEL<\/strong><\/p>\n<p>&nbsp;<\/p>\n<p><a href=\"http:\/\/www.tvk-gaj.pl\/~gajonline\/wp-content\/uploads\/2015\/11\/kotyapelwroclaw.jpg\"><img loading=\"lazy\" decoding=\"async\" class=\"aligncenter size-full wp-image-5161\" src=\"http:\/\/www.tvk-gaj.pl\/~gajonline\/wp-content\/uploads\/2015\/11\/kotyapelwroclaw.jpg\" alt=\"kotyapelwroclaw\" width=\"786\" height=\"1020\" srcset=\"https:\/\/online.tvk-gaj.pl\/wp-content\/uploads\/2015\/11\/kotyapelwroclaw.jpg 786w, https:\/\/online.tvk-gaj.pl\/wp-content\/uploads\/2015\/11\/kotyapelwroclaw-231x300.jpg 231w\" sizes=\"auto, (max-width: 786px) 100vw, 786px\" \/><\/a><\/p>\n<p>&nbsp;<\/p>\n<p>Rada Osiedla Gaj we Wroc\u0142awiu r\u00f3wnie\u017c przy\u0142\u0105cza si\u0119 do apelu oraz stanowiska Urz\u0119du Miejskiego we Wroc\u0142awiu! Zwracajmy uwag\u0119 na zwierz\u0119ta mieszkaj\u0105ce na naszym osiedlu!<\/p>\n<p>&nbsp;<\/p>\n<p>&nbsp;<\/p>\n","protected":false},"excerpt":{"rendered":"<p>W\u0142adze Miasta zwracaj\u0105 si\u0119 z apelem o humanitarn\u0105 postaw\u0119 wzgl\u0119dem wolno \u017cyj\u0105cych zwierz\u0105t, szczeg\u00f3lnie w kontek\u015bcie nadchodz\u0105cej zimy!<\/p>\n","protected":false},"author":1,"featured_media":5160,"comment_status":"open","ping_status":"open","sticky":false,"template":"","format":"standard","meta":{"footnotes":""},"categories":[14,12],"tags":[335,112,550,434,549,135,551,165,552],"class_list":["post-5159","post","type-post","status-publish","format-standard","has-post-thumbnail","hentry","category-aktualnosci","category-artykuly","tag-apel","tag-gaj","tag-koty","tag-miasto-wroclaw","tag-pismo","tag-rada-osiedla-gaj","tag-wolno-zyjace-zwierzeta","tag-wroclaw","tag-zima"],"_links":{"self":[{"href":"https:\/\/online.tvk-gaj.pl\/index.php?rest_route=\/wp\/v2\/posts\/5159","targetHints":{"allow":["GET"]}}],"collection":[{"href":"https:\/\/online.tvk-gaj.pl\/index.php?rest_route=\/wp\/v2\/posts"}],"about":[{"href":"https:\/\/online.tvk-gaj.pl\/index.php?rest_route=\/wp\/v2\/types\/post"}],"author":[{"embeddable":true,"href":"https:\/\/online.tvk-gaj.pl\/index.php?rest_route=\/wp\/v2\/users\/1"}],"replies":[{"embeddable":true,"href":"https:\/\/online.tvk-gaj.pl\/index.php?rest_route=%2Fwp%2Fv2%2Fcomments&post=5159"}],"version-history":[{"count":3,"href":"https:\/\/online.tvk-gaj.pl\/index.php?rest_route=\/wp\/v2\/posts\/5159\/revisions"}],"predecessor-version":[{"id":5164,"href":"https:\/\/online.tvk-gaj.pl\/index.php?rest_route=\/wp\/v2\/posts\/5159\/revisions\/5164"}],"wp:featuredmedia":[{"embeddable":true,"href":"https:\/\/online.tvk-gaj.pl\/index.php?rest_route=\/wp\/v2\/media\/5160"}],"wp:attachment":[{"href":"https:\/\/online.tvk-gaj.pl\/index.php?rest_route=%2Fwp%2Fv2%2Fmedia&parent=5159"}],"wp:term":[{"taxonomy":"category","embeddable":true,"href":"https:\/\/online.tvk-gaj.pl\/index.php?rest_route=%2Fwp%2Fv2%2Fcategories&post=5159"},{"taxonomy":"post_tag","embeddable":true,"href":"https:\/\/online.tvk-gaj.pl\/index.php?rest_route=%2Fwp%2Fv2%2Ftags&post=5159"}],"curies":[{"name":"wp","href":"https:\/\/api.w.org\/{rel}","templated":true}]}}