{"id":5187,"date":"2015-11-21T22:06:06","date_gmt":"2015-11-21T21:06:06","guid":{"rendered":"http:\/\/www.tvk-gaj.pl\/~gajonline\/?p=5187"},"modified":"2015-11-21T22:06:06","modified_gmt":"2015-11-21T21:06:06","slug":"dzien-seniora-na-gaju-fotorelacja","status":"publish","type":"post","link":"https:\/\/online.tvk-gaj.pl\/?p=5187","title":{"rendered":"Dzie\u0144 Seniora na Gaju &#8211; fotorelacja"},"content":{"rendered":"<p>Co roku na Gaju odbywa si\u0119 uroczysto\u015b\u0107 obchod\u00f3w Og\u00f3lnopolskiego Dnia Seniora. W ramach uczczenia tego dnia Rada Osiedla Gaj zorganizowa\u0142a w pi\u0105tek, 20 listopada, uroczyste spotkanie z seniorami z terenu osiedla. Na uroczysto\u015bci pojawili si\u0119 seniorzy\u00a0osiedla, w\u0142adze osiedla, a tak\u017ce zaproszeni go\u015bcie. \u00a0Zapraszamy do zobaczenia naszej fotorelacji z imprezy.\u00a0<!--more--><\/p>\n<p>&nbsp;<\/p>\n<p>Dzie\u0144 Seniora obchodzony jest w kilku wariantach na poziomie globalnym i lokalnym. 1 pa\u017adziernika by\u0142 Mi\u0119dzynarodowym Dniem Seniora, nieca\u0142e trzy tygodnie p\u00f3\u017aniej \u2013 20 pa\u017adziernika \u2013 obchodzili\u015bmy Europejski, a 14 listopada \u2013 Og\u00f3lnopolski Dzie\u0144 Seniora.\u00a0Wszystkie daty maj\u0105 jednak wsp\u00f3lny cel \u2013 kszta\u0142towa\u0107 spo\u0142eczne postrzeganie os\u00f3b starszych oraz podejmowa\u0107 wszelkie dzia\u0142ania maj\u0105ce na celu zapewnienie im godnego \u017cycia.<\/p>\n<p>Poniewa\u017c jednym z zada\u0144 Rady Osiedla jest integracja mieszka\u0144c\u00f3w oraz wyr\u00f3wnywanie barier spo\u0142ecznych, co roku radni osiedla organizuj\u0105 uroczyste spotkanie z seniorami zamieszkuj\u0105cymi na Gaju.<\/p>\n<p>Spotkanie mia\u0142o miejsce na terenie Szko\u0142y Podstawowej Nr 90 przy ulicy Orzechowej 62.<\/p>\n<p>Rozpocz\u0119\u0142o si\u0119 o godzinie 17:00 przygotowanym przez uczni\u00f3w blokiem artystycznym.<br \/>\nNast\u0119pnie pojawi\u0142y si\u0119 przem\u00f3wienia gospodarzy i zaproszonych go\u015bci.<\/p>\n<p>Po cz\u0119\u015bci oficjalnej rozpocz\u0119\u0142a si\u0119 nieformalna cz\u0119\u015b\u0107 uroczysto\u015bci, podczas kt\u00f3rej seniorzy, radni oraz zaproszeni go\u015bcie mogli swobodnie dyskutowa\u0107 na tematy zwi\u0105zane z \u017cyciem i aktywno\u015bci\u0105 senior\u00f3w w strefie publicznej i spo\u0142ecznej.<\/p>\n<p>G\u0142os zabrali m.in.:\u00a0Stefan Zydorowicz &#8211; Przewodnicz\u0105cy Zarz\u0105du Rady Osiedla Gaj oraz Stra\u017cnik Osiedlowy.<\/p>\n<p>Rozmowy dotyczy\u0142y nie tylko przesz\u0142o\u015bci, w tym przesz\u0142o\u015bci osiedla, ale tak\u017ce obecnej sytuacji senior\u00f3w w \u017cyciu spo\u0142ecznym i kulturalnym oraz wp\u0142ywu starszych os\u00f3b na rozw\u00f3j swojego miejsca zamieszkania.<\/p>\n<p>Rada Osiedla Gaj pragnie podzi\u0119kowa\u0107 wszystkim przyby\u0142ym go\u015bciom za wsp\u00f3lnie sp\u0119dzony czas!<\/p>\n<p>&nbsp;<\/p>\n<p><span style=\"text-decoration: underline;\">Poni\u017cej kr\u00f3tka fotorelacja z imprezy<\/span><\/p>\n<p><img decoding=\"async\" class=\"ngg_displayed_gallery mceItem\" src=\"http:\/\/www.tvk-gaj.pl\/~gajonline\/index.php\/nextgen-attach_to_post\/preview\/id--5260\" alt=\"\" data-mce-placeholder=\"1\" \/><\/p>\n<p>&nbsp;<\/p>\n<p>&nbsp;<\/p>\n<p>&nbsp;<\/p>\n","protected":false},"excerpt":{"rendered":"<p>Co roku na Gaju odbywa si\u0119 uroczysto\u015b\u0107 obchod\u00f3w Og\u00f3lnopolskiego Dnia Seniora. W ramach uczczenia tego dnia Rada Osiedla Gaj zorganizowa\u0142a w pi\u0105tek, 20 listopada, uroczyste spotkanie z seniorami z terenu osiedla. Na uroczysto\u015bci pojawili si\u0119 seniorzy\u00a0osiedla, w\u0142adze osiedla, a tak\u017ce zaproszeni go\u015bcie. \u00a0Zapraszamy do zobaczenia naszej fotorelacji z imprezy.\u00a0<\/p>\n","protected":false},"author":1,"featured_media":5221,"comment_status":"open","ping_status":"open","sticky":false,"template":"","format":"standard","meta":{"footnotes":""},"categories":[14,12],"tags":[150,379,112,135,152,145],"class_list":["post-5187","post","type-post","status-publish","format-standard","has-post-thumbnail","hentry","category-aktualnosci","category-artykuly","tag-dzien-seniora","tag-dzien-seniora-na-gaju","tag-gaj","tag-rada-osiedla-gaj","tag-seniorzy","tag-spotkanie"],"_links":{"self":[{"href":"https:\/\/online.tvk-gaj.pl\/index.php?rest_route=\/wp\/v2\/posts\/5187","targetHints":{"allow":["GET"]}}],"collection":[{"href":"https:\/\/online.tvk-gaj.pl\/index.php?rest_route=\/wp\/v2\/posts"}],"about":[{"href":"https:\/\/online.tvk-gaj.pl\/index.php?rest_route=\/wp\/v2\/types\/post"}],"author":[{"embeddable":true,"href":"https:\/\/online.tvk-gaj.pl\/index.php?rest_route=\/wp\/v2\/users\/1"}],"replies":[{"embeddable":true,"href":"https:\/\/online.tvk-gaj.pl\/index.php?rest_route=%2Fwp%2Fv2%2Fcomments&post=5187"}],"version-history":[{"count":2,"href":"https:\/\/online.tvk-gaj.pl\/index.php?rest_route=\/wp\/v2\/posts\/5187\/revisions"}],"predecessor-version":[{"id":5262,"href":"https:\/\/online.tvk-gaj.pl\/index.php?rest_route=\/wp\/v2\/posts\/5187\/revisions\/5262"}],"wp:featuredmedia":[{"embeddable":true,"href":"https:\/\/online.tvk-gaj.pl\/index.php?rest_route=\/wp\/v2\/media\/5221"}],"wp:attachment":[{"href":"https:\/\/online.tvk-gaj.pl\/index.php?rest_route=%2Fwp%2Fv2%2Fmedia&parent=5187"}],"wp:term":[{"taxonomy":"category","embeddable":true,"href":"https:\/\/online.tvk-gaj.pl\/index.php?rest_route=%2Fwp%2Fv2%2Fcategories&post=5187"},{"taxonomy":"post_tag","embeddable":true,"href":"https:\/\/online.tvk-gaj.pl\/index.php?rest_route=%2Fwp%2Fv2%2Ftags&post=5187"}],"curies":[{"name":"wp","href":"https:\/\/api.w.org\/{rel}","templated":true}]}}