{"id":5272,"date":"2015-11-26T15:55:37","date_gmt":"2015-11-26T14:55:37","guid":{"rendered":"http:\/\/www.tvk-gaj.pl\/~gajonline\/?p=5272"},"modified":"2015-11-26T15:56:09","modified_gmt":"2015-11-26T14:56:09","slug":"5272","status":"publish","type":"post","link":"https:\/\/online.tvk-gaj.pl\/?p=5272","title":{"rendered":"Spotkanie z pracownikami socjalnymi MOPS w Radzie Osiedla"},"content":{"rendered":"<p>Miejski O\u015brodek Pomocy Spo\u0142ecznej we Wroc\u0142awiu informuje, i\u017c w dniu 2 grudnia (\u015broda) o godzinie 16.30 odb\u0119dzie dy\u017cur pracownik\u00f3w socjalnych, podczas kt\u00f3rego obecny b\u0119dzie<br \/>\npracownik dzia\u0142u adaptacji os\u00f3b niepe\u0142nosprawnych.<!--more--><\/p>\n<p>Dy\u017cur w ramach wsp\u00f3\u0142pracy Rady Osiedla Gaj wraz z MOPS odb\u0119dzie si\u0119 w siedzibie RO przy ul. Krynickiej 80 (wej\u015bcie od podw\u00f3rza).<\/p>\n<p>Przypominamy, \u017ce na ternie Gaju dzia\u0142a Zesp\u00f3\u0142 Terenowej Pracy Socjalnej Nr 5 Miejskiego O\u015brodka Pomocy Spo\u0142ecznej.<\/p>\n<p><a href=\"http:\/\/www.tvk-gaj.pl\/~gajonline\/wp-content\/uploads\/2015\/10\/mops-1024x652.jpg\"><img loading=\"lazy\" decoding=\"async\" class=\"aligncenter size-large wp-image-5096\" src=\"http:\/\/www.tvk-gaj.pl\/~gajonline\/wp-content\/uploads\/2015\/10\/mops-1024x652-1024x652.jpg\" alt=\"mops-1024x652\" width=\"838\" height=\"534\" srcset=\"https:\/\/online.tvk-gaj.pl\/wp-content\/uploads\/2015\/10\/mops-1024x652.jpg 1024w, https:\/\/online.tvk-gaj.pl\/wp-content\/uploads\/2015\/10\/mops-1024x652-300x191.jpg 300w\" sizes=\"auto, (max-width: 838px) 100vw, 838px\" \/><\/a><\/p>\n<p>&nbsp;<\/p>\n<p>&nbsp;<\/p>\n","protected":false},"excerpt":{"rendered":"<p>Miejski O\u015brodek Pomocy Spo\u0142ecznej we Wroc\u0142awiu informuje, i\u017c w dniu 2 grudnia (\u015broda) o godzinie 16.30 odb\u0119dzie dy\u017cur pracownik\u00f3w socjalnych, podczas kt\u00f3rego obecny b\u0119dzie pracownik dzia\u0142u adaptacji os\u00f3b niepe\u0142nosprawnych.<\/p>\n","protected":false},"author":1,"featured_media":5096,"comment_status":"open","ping_status":"open","sticky":false,"template":"","format":"standard","meta":{"footnotes":""},"categories":[14],"tags":[318,317,166,564,135,563,145,565],"class_list":["post-5272","post","type-post","status-publish","format-standard","has-post-thumbnail","hentry","category-aktualnosci","tag-miejski-osrodek-pomocy-spolecznej","tag-mops","tag-osiedle-gaj","tag-punkt-informacyjno-konsultacyjny","tag-rada-osiedla-gaj","tag-ro-gaj","tag-spotkanie","tag-zespol-terenowej-pracy-socjalnej-nr-5"],"_links":{"self":[{"href":"https:\/\/online.tvk-gaj.pl\/index.php?rest_route=\/wp\/v2\/posts\/5272","targetHints":{"allow":["GET"]}}],"collection":[{"href":"https:\/\/online.tvk-gaj.pl\/index.php?rest_route=\/wp\/v2\/posts"}],"about":[{"href":"https:\/\/online.tvk-gaj.pl\/index.php?rest_route=\/wp\/v2\/types\/post"}],"author":[{"embeddable":true,"href":"https:\/\/online.tvk-gaj.pl\/index.php?rest_route=\/wp\/v2\/users\/1"}],"replies":[{"embeddable":true,"href":"https:\/\/online.tvk-gaj.pl\/index.php?rest_route=%2Fwp%2Fv2%2Fcomments&post=5272"}],"version-history":[{"count":2,"href":"https:\/\/online.tvk-gaj.pl\/index.php?rest_route=\/wp\/v2\/posts\/5272\/revisions"}],"predecessor-version":[{"id":5274,"href":"https:\/\/online.tvk-gaj.pl\/index.php?rest_route=\/wp\/v2\/posts\/5272\/revisions\/5274"}],"wp:featuredmedia":[{"embeddable":true,"href":"https:\/\/online.tvk-gaj.pl\/index.php?rest_route=\/wp\/v2\/media\/5096"}],"wp:attachment":[{"href":"https:\/\/online.tvk-gaj.pl\/index.php?rest_route=%2Fwp%2Fv2%2Fmedia&parent=5272"}],"wp:term":[{"taxonomy":"category","embeddable":true,"href":"https:\/\/online.tvk-gaj.pl\/index.php?rest_route=%2Fwp%2Fv2%2Fcategories&post=5272"},{"taxonomy":"post_tag","embeddable":true,"href":"https:\/\/online.tvk-gaj.pl\/index.php?rest_route=%2Fwp%2Fv2%2Ftags&post=5272"}],"curies":[{"name":"wp","href":"https:\/\/api.w.org\/{rel}","templated":true}]}}