{"id":5276,"date":"2015-12-07T22:00:59","date_gmt":"2015-12-07T21:00:59","guid":{"rendered":"http:\/\/www.tvk-gaj.pl\/~gajonline\/?p=5276"},"modified":"2015-12-08T09:42:25","modified_gmt":"2015-12-08T08:42:25","slug":"mikolajki-w-osiedlowych-przedszkolach","status":"publish","type":"post","link":"https:\/\/online.tvk-gaj.pl\/?p=5276","title":{"rendered":"Miko\u0142ajki w osiedlowych przedszkolach"},"content":{"rendered":"<p>W poniedzia\u0142ek, 7 grudnia, \u015awi\u0119ty Miko\u0142aj odwiedzi\u0142 dzieci w dw\u00f3ch znajduj\u0105cych si\u0119 na Gaju publicznych przedszkolach &#8211; Przedszkolu nr 49 im. Tysi\u0105clecia Miasta Wroc\u0142awia z ul. Borowskiej oraz\u00a0Przedszkolu nr 92 z Bardzkiej. Wraz z Miko\u0142ajem pojawili si\u0119 Radni Rady Osiedla Gaj, kt\u00f3ra wsp\u00f3\u0142finansowa\u0142a paczki dla najm\u0142odszych mieszka\u0144c\u00f3w osiedla.\u00a0<!--more--><\/p>\n<p>Jak co roku z okazji Miko\u0142ajek w obu mieszcz\u0105cych si\u0119 na Gaju publicznych przedszkolach pojawi\u0142 si\u0119 \u015aw. Miko\u0142aj wraz z prezentami.<\/p>\n<p>Na uroczysto\u015bciach miko\u0142ajkowych w Przedszkolu Nr 49 z Borowskiej pojawili si\u0119 Radni Rady Osiedla Gaj &#8211; Pan Kazimierz Zagrodnik oraz Adam Chodaczy\u0144ski.<\/p>\n<p>&nbsp;<\/p>\n<p><a href=\"http:\/\/www.tvk-gaj.pl\/~gajonline\/wp-content\/uploads\/2015\/12\/12357014_436452243210665_1168893393552889265_o.jpg\"><img loading=\"lazy\" decoding=\"async\" class=\"aligncenter size-large wp-image-5285\" src=\"http:\/\/www.tvk-gaj.pl\/~gajonline\/wp-content\/uploads\/2015\/12\/12357014_436452243210665_1168893393552889265_o-1024x768.jpg\" alt=\"12357014_436452243210665_1168893393552889265_o\" width=\"838\" height=\"629\" srcset=\"https:\/\/online.tvk-gaj.pl\/wp-content\/uploads\/2015\/12\/12357014_436452243210665_1168893393552889265_o-1024x768.jpg 1024w, https:\/\/online.tvk-gaj.pl\/wp-content\/uploads\/2015\/12\/12357014_436452243210665_1168893393552889265_o-300x225.jpg 300w, https:\/\/online.tvk-gaj.pl\/wp-content\/uploads\/2015\/12\/12357014_436452243210665_1168893393552889265_o.jpg 2048w\" sizes=\"auto, (max-width: 838px) 100vw, 838px\" \/><\/a><\/p>\n<p>&nbsp;<\/p>\n<p>Rada Osiedla Gaj przeznaczy\u0142a w tym roku 2400z\u0142 na dofinansowanie gier i zabawek dla przedszkoli. Zakupione pomoce dydaktyczne przekazane zosta\u0142y plac\u00f3wkom i wraz z zorganizowanymi przez przedszkola uroczysto\u015bciami miko\u0142ajkowymi uroczy\u015bcie wr\u0119czone przez \u015aw. Miko\u0142aja. Dofinansowanie obj\u0119\u0142o Przedszkola Nr 49 i 92.<\/p>\n<p>&nbsp;<\/p>\n<p><strong>Przedszkole Nr 49\u00a0im. Tysi\u0105clecia Miasta Wroc\u0142awia &#8211; ul. Borowska 181-187<\/strong><\/p>\n<p><a href=\"http:\/\/www.tvk-gaj.pl\/~gajonline\/wp-content\/uploads\/2015\/12\/PC060058.jpg\"><img loading=\"lazy\" decoding=\"async\" class=\"size-large wp-image-5279\" src=\"http:\/\/www.tvk-gaj.pl\/~gajonline\/wp-content\/uploads\/2015\/12\/PC060058-1024x768.jpg\" alt=\"OLYMPUS DIGITAL CAMERA\" width=\"838\" height=\"629\" srcset=\"https:\/\/online.tvk-gaj.pl\/wp-content\/uploads\/2015\/12\/PC060058-1024x768.jpg 1024w, https:\/\/online.tvk-gaj.pl\/wp-content\/uploads\/2015\/12\/PC060058-300x225.jpg 300w\" sizes=\"auto, (max-width: 838px) 100vw, 838px\" \/><\/a><\/p>\n<p>&nbsp;<\/p>\n<p><strong>Przedszkole Nr 92 &#8211; ul. Bardzka 5<\/strong><\/p>\n<p><a href=\"http:\/\/www.tvk-gaj.pl\/~gajonline\/wp-content\/uploads\/2015\/12\/PC0500021.jpg\"><img loading=\"lazy\" decoding=\"async\" class=\"size-large wp-image-5287\" src=\"http:\/\/www.tvk-gaj.pl\/~gajonline\/wp-content\/uploads\/2015\/12\/PC0500021-768x1024.jpg\" alt=\"OLYMPUS DIGITAL CAMERA\" width=\"768\" height=\"1024\" srcset=\"https:\/\/online.tvk-gaj.pl\/wp-content\/uploads\/2015\/12\/PC0500021-768x1024.jpg 768w, https:\/\/online.tvk-gaj.pl\/wp-content\/uploads\/2015\/12\/PC0500021-225x300.jpg 225w\" sizes=\"auto, (max-width: 768px) 100vw, 768px\" \/><\/a><\/p>\n<p>&nbsp;<\/p>\n<p>&nbsp;<\/p>\n\n\t\t\t<div class='et-tabs-container et_sliderfx_fade et_sliderauto_false et_sliderauto_speed_5000 et_slidertype_top_tabs'>\n\t\t\t\t<ul class='et-tabs-control'>\n\t\t\t<li><a href='#'>\n\t\t\tPrzedszkole Nr 49\n\t\t<\/a><\/li> \n\t\t<li><a href='#'>\n\t\t\tPrzedszkole Nr 92\n\t\t<\/a><\/li>\n\t\t<\/ul> <!-- .et-tabs-control --> \n\t\t<div class='et-tabs-content'>\n\t\t\t<div class='et-tabs-content-main-wrap'>\n\t\t\t\t<div class='et-tabs-content-wrapper'>\n\t\t\t\t\t<div class='et_slidecontent'>\n\t\t\tPrzedszkole nr 49 im. Tysi\u0105clecia Miasta Wroc\u0142awia Adres: Borowska 181-187, Wroc\u0142aw Telefon:71 367 19 62 www: http:\/\/www.przedszkole49.wroclaw.pl\n\t\t<\/div> \n\t\t<div class='et_slidecontent'>\n\t\t\tPrzedszkole nr 92 Adres: Bardzka 5, Wroc\u0142aw Telefon:71 333 14 12 www: http:\/\/www.przedszkole92.wroc.pl\n\t\t<\/div>\n\t\t\t\t<\/div>\n\t\t\t<\/div>\n\t\t<\/div>\n\t\t\t<\/div> <!-- .et-tabs-container -->\n<p>&nbsp;<\/p>\n","protected":false},"excerpt":{"rendered":"<p>W poniedzia\u0142ek, 7 grudnia, \u015awi\u0119ty Miko\u0142aj odwiedzi\u0142 dzieci w dw\u00f3ch znajduj\u0105cych si\u0119 na Gaju publicznych przedszkolach &#8211; Przedszkolu nr 49 im. Tysi\u0105clecia Miasta Wroc\u0142awia z ul. Borowskiej oraz\u00a0Przedszkolu nr 92 z Bardzkiej. Wraz z Miko\u0142ajem pojawili si\u0119 Radni Rady Osiedla Gaj, kt\u00f3ra wsp\u00f3\u0142finansowa\u0142a paczki dla najm\u0142odszych mieszka\u0144c\u00f3w osiedla.\u00a0<\/p>\n","protected":false},"author":1,"featured_media":5285,"comment_status":"open","ping_status":"open","sticky":false,"template":"","format":"standard","meta":{"footnotes":""},"categories":[14,12],"tags":[197,113,112,172,173,570,323,352,567,178,177,568,569,135,566],"class_list":["post-5276","post","type-post","status-publish","format-standard","has-post-thumbnail","hentry","category-aktualnosci","category-artykuly","tag-bardzka","tag-borowska","tag-gaj","tag-mikolaj","tag-mikolajki","tag-mikolajki-w-przedszkolu-na-gaju","tag-na-gaju","tag-osiedle-2","tag-osiedlowe","tag-paczki","tag-prezenty","tag-przedszkole-nr-49","tag-przedszkole-nr-92","tag-rada-osiedla-gaj","tag-sw-mikolaj"],"_links":{"self":[{"href":"https:\/\/online.tvk-gaj.pl\/index.php?rest_route=\/wp\/v2\/posts\/5276","targetHints":{"allow":["GET"]}}],"collection":[{"href":"https:\/\/online.tvk-gaj.pl\/index.php?rest_route=\/wp\/v2\/posts"}],"about":[{"href":"https:\/\/online.tvk-gaj.pl\/index.php?rest_route=\/wp\/v2\/types\/post"}],"author":[{"embeddable":true,"href":"https:\/\/online.tvk-gaj.pl\/index.php?rest_route=\/wp\/v2\/users\/1"}],"replies":[{"embeddable":true,"href":"https:\/\/online.tvk-gaj.pl\/index.php?rest_route=%2Fwp%2Fv2%2Fcomments&post=5276"}],"version-history":[{"count":5,"href":"https:\/\/online.tvk-gaj.pl\/index.php?rest_route=\/wp\/v2\/posts\/5276\/revisions"}],"predecessor-version":[{"id":5289,"href":"https:\/\/online.tvk-gaj.pl\/index.php?rest_route=\/wp\/v2\/posts\/5276\/revisions\/5289"}],"wp:featuredmedia":[{"embeddable":true,"href":"https:\/\/online.tvk-gaj.pl\/index.php?rest_route=\/wp\/v2\/media\/5285"}],"wp:attachment":[{"href":"https:\/\/online.tvk-gaj.pl\/index.php?rest_route=%2Fwp%2Fv2%2Fmedia&parent=5276"}],"wp:term":[{"taxonomy":"category","embeddable":true,"href":"https:\/\/online.tvk-gaj.pl\/index.php?rest_route=%2Fwp%2Fv2%2Fcategories&post=5276"},{"taxonomy":"post_tag","embeddable":true,"href":"https:\/\/online.tvk-gaj.pl\/index.php?rest_route=%2Fwp%2Fv2%2Ftags&post=5276"}],"curies":[{"name":"wp","href":"https:\/\/api.w.org\/{rel}","templated":true}]}}