{"id":5292,"date":"2015-12-14T19:44:46","date_gmt":"2015-12-14T18:44:46","guid":{"rendered":"http:\/\/www.tvk-gaj.pl\/~gajonline\/?p=5292"},"modified":"2015-12-14T19:48:35","modified_gmt":"2015-12-14T18:48:35","slug":"szeryf-z-ekipa-wygania-z-osiedlowego-parkingu-auta-z-obca-rejestracja","status":"publish","type":"post","link":"https:\/\/online.tvk-gaj.pl\/?p=5292","title":{"rendered":"\u201eSzeryf z ekip\u0105\u201d wygania z osiedlowego parkingu auta z obc\u0105 rejestracj\u0105"},"content":{"rendered":"<p>Radio Eska opublikowa\u0142o artyku\u0142 na temat tajemniczych ulotek, kt\u00f3re pojawi\u0142y si\u0119 za wycieraczkami samochod\u00f3w z poza wroc\u0142awsk\u0105 rejestracj\u0105 zaparkowanymi na ul. Krynickiej. O sprawie wypowiada si\u0119 Przewodnicz\u0105cy Zarz\u0105du Rady Osiedla Gaj, Stefan Zydorowicz.<!--more--><\/p>\n<div class=\"text lead\">\n<p><em>\u201eProsimy nigdy wi\u0119cej nie parkowa\u0107 w tym miejscu. To jest parking dla mieszka\u0144c\u00f3w tego osiedla i tego bloku\u201d &#8211; ulotki z takim tekstem znajduj\u0105 kierowcy samochod\u00f3w\u00a0z rejestracj\u0105\u00a0inn\u0105 ni\u017c wroc\u0142awska.<\/em><\/p>\n<p>&nbsp;<\/p>\n<p><a href=\"http:\/\/www.tvk-gaj.pl\/~gajonline\/wp-content\/uploads\/2015\/12\/ru-0-r-660660-n-ecff239948b75a7edda7ff1815a4db1bzenB6QHiimg.jpg\" rel=\"attachment wp-att-5293\"><img loading=\"lazy\" decoding=\"async\" class=\"aligncenter size-full wp-image-5293\" src=\"http:\/\/www.tvk-gaj.pl\/~gajonline\/wp-content\/uploads\/2015\/12\/ru-0-r-660660-n-ecff239948b75a7edda7ff1815a4db1bzenB6QHiimg.jpg\" alt=\"ru-0-r-660,660-n-ecff239948b75a7edda7ff1815a4db1bzenB6QHiimg\" width=\"660\" height=\"371\" srcset=\"https:\/\/online.tvk-gaj.pl\/wp-content\/uploads\/2015\/12\/ru-0-r-660660-n-ecff239948b75a7edda7ff1815a4db1bzenB6QHiimg.jpg 660w, https:\/\/online.tvk-gaj.pl\/wp-content\/uploads\/2015\/12\/ru-0-r-660660-n-ecff239948b75a7edda7ff1815a4db1bzenB6QHiimg-300x169.jpg 300w\" sizes=\"auto, (max-width: 660px) 100vw, 660px\" \/><\/a><\/p>\n<\/div>\n<p>&nbsp;<\/p>\n<p>Dalej mo\u017cna przeczyta\u0107: \u201ePrzypominamy, \u017ce nasze miasto to przepi\u0119kny Wroc\u0142aw, gdzie rejestracja zaczyna si\u0119 od liter DW XXXXX!!!\u00a0Je\u017celi kupili\u015bcie w naszym bloku mieszkanie i \u2026 op\u0142acacie podatek gruntowy, to nale\u017cy przerejestrowa\u0107 auto na DW!!! Zaj\u0119te przez Was bezczelnie !!! miejsca nale\u017c\u0105 si\u0119 wieloletnim mieszka\u0144com, osobom z problemami w poruszaniu si\u0119, osobom starszym, inwalidom i innym mieszka\u0144com \u2026 zas\u0142u\u017conym dla innych s\u0105siad\u00f3w. Ostrzegamy i nie pozdrawiamy !!! Szeryf i ekipa\u201d.<\/p>\n<p>Jak ustali\u0142a reporterka Radia ESKA Ewelina W\u0105s przynajmniej kilku kierowc\u00f3w z rejestracjami DKL, czy DTR znalaz\u0142o za wycieraczkami samochod\u00f3w li\u015bciki z taka tre\u015bci\u0105.<\/p>\n<p>&nbsp;<\/p>\n<div class=\"img_page m-bot\"><img decoding=\"async\" src=\"http:\/\/t-eska.cdn.smcloud.net\/s3\/c\/c\/3\/6\/regionalna.prod\/image\/cc36a1852f0665d944275253d40ff4fdw6lp1MGT-img.jpg\/ru-0-r-660,660-n-cc36a1852f0665d944275253d40ff4fdw6lp1MGTimg.jpg\" alt=\"Zdj\u0119cie z artyku\u0142u: \u201eSzeryf z ekip\u0105\u201d wygania z osiedlowego parkingu auta z obc\u0105 rejestracj\u0105 [AUDIO]\" \/><\/div>\n<div class=\"img_page m-bot\"><\/div>\n<div class=\"img_page m-bot\">\n<p>&nbsp;<\/p>\n<p><strong>Rasistowskie teksty<\/strong><\/p>\n<p><span class=\"title_img_page\">Rada osiedla obieca\u0142a zaj\u0105\u0107 si\u0119 spraw\u0105. \u00a0<\/span>Cz\u0142onkowie Rady osiedla Gaj dopiero od nas dowiedzieli si\u0119 o sprawie. Przewodnicz\u0105cy zarz\u0105du &#8211; Stefan Zydorowicz nazywa ulotk\u0119 rasistowsk\u0105:<\/p>\n<\/div>\n<blockquote>\n<div class=\"img_page m-bot\">&#8211; Jest zasada, \u017ce przy ka\u017cdym bloku musi by\u0107 ci\u0105g miejsc postojowych dost\u0119pnych dla wszystkich. Zareagujemy na te wydarzenia. Mamy obecnie stra\u017cnika miejskiego, skierujemy nasze s\u0142u\u017cby tam, gdzie znalezione by\u0142y ulotki, \u017ceby sprawdzi\u0107 kto w taki spos\u00f3b post\u0119puje z przyjezdnymi &#8211; deklaruje Zydorowicz.<\/div>\n<\/blockquote>\n<p><strong>Sprawa dla s\u0119dziego?<\/strong><\/p>\n<p>Ka\u017cdy, kto otrzyma\u0142 ulotk\u0119 od \u201eSzeryfa i ekipy\u201d i czuje si\u0119 zagro\u017cony, powinien zg\u0142osi\u0107 to stra\u017cnikom miejskim lub policjantom. Je\u017celi s\u0105d uzna list za gro\u017ab\u0119, sprawcy mog\u0105 dosta\u0107 wyrok do dw\u00f3ch lat wi\u0119zienia.<\/p>\n<p>&nbsp;<\/p>\n<p>Wi\u0119cej w materiale reporterki Radia ESKA Eweliny W\u0105s:<\/p>\n<audio class=\"wp-audio-shortcode\" id=\"audio-5292-1\" preload=\"none\" style=\"width: 100%;\" controls=\"controls\"><source type=\"audio\/mpeg\" src=\"http:\/\/fs.cdn.smcloud.net\/regionalna.prod\/audio\/c6690b32571ed7e81eeb38061dafb9779wWY6Bet-auto.mp3?_=1\" \/><a href=\"http:\/\/fs.cdn.smcloud.net\/regionalna.prod\/audio\/c6690b32571ed7e81eeb38061dafb9779wWY6Bet-auto.mp3\">http:\/\/fs.cdn.smcloud.net\/regionalna.prod\/audio\/c6690b32571ed7e81eeb38061dafb9779wWY6Bet-auto.mp3<\/a><\/audio>\n<p>&nbsp;<\/p>\n<p>&nbsp;<\/p>\n<div class='et-learn-more clearfix'>\n\t\t\t\t\t<h3 class='heading-more'>\u0179r\u00f3d\u0142o<span class='et_learnmore_arrow'><span><\/span><\/span><\/h3>\n\t\t\t\t\t<div class='learn-more-content'>Autor: Ewelina W\u0105s Data publikacji: 14.12.2015r. \u0179r\u00f3d\u0142o: wroclaw.eska.pl<\/div>\n\t\t\t\t<\/div>\n<p>&nbsp;<\/p>\n","protected":false},"excerpt":{"rendered":"<p>Radio Eska opublikowa\u0142o artyku\u0142 na temat tajemniczych ulotek, kt\u00f3re pojawi\u0142y si\u0119 za wycieraczkami samochod\u00f3w z poza wroc\u0142awsk\u0105 rejestracj\u0105 zaparkowanymi na ul. Krynickiej. O sprawie wypowiada si\u0119 Przewodnicz\u0105cy Zarz\u0105du Rady Osiedla Gaj, Stefan Zydorowicz.<\/p>\n","protected":false},"author":1,"featured_media":5293,"comment_status":"open","ping_status":"open","sticky":false,"template":"","format":"standard","meta":{"footnotes":""},"categories":[14],"tags":[112,573,510,560,572,148,135,571,561,163,574],"class_list":["post-5292","post","type-post","status-publish","format-standard","has-post-thumbnail","hentry","category-aktualnosci","tag-gaj","tag-grozby","tag-parkingi","tag-parkowanie","tag-parkowanie-na-osiedlu","tag-policja","tag-rada-osiedla-gaj","tag-radio-eska","tag-samochody","tag-straz-miejska","tag-ulotki"],"_links":{"self":[{"href":"https:\/\/online.tvk-gaj.pl\/index.php?rest_route=\/wp\/v2\/posts\/5292","targetHints":{"allow":["GET"]}}],"collection":[{"href":"https:\/\/online.tvk-gaj.pl\/index.php?rest_route=\/wp\/v2\/posts"}],"about":[{"href":"https:\/\/online.tvk-gaj.pl\/index.php?rest_route=\/wp\/v2\/types\/post"}],"author":[{"embeddable":true,"href":"https:\/\/online.tvk-gaj.pl\/index.php?rest_route=\/wp\/v2\/users\/1"}],"replies":[{"embeddable":true,"href":"https:\/\/online.tvk-gaj.pl\/index.php?rest_route=%2Fwp%2Fv2%2Fcomments&post=5292"}],"version-history":[{"count":4,"href":"https:\/\/online.tvk-gaj.pl\/index.php?rest_route=\/wp\/v2\/posts\/5292\/revisions"}],"predecessor-version":[{"id":5297,"href":"https:\/\/online.tvk-gaj.pl\/index.php?rest_route=\/wp\/v2\/posts\/5292\/revisions\/5297"}],"wp:featuredmedia":[{"embeddable":true,"href":"https:\/\/online.tvk-gaj.pl\/index.php?rest_route=\/wp\/v2\/media\/5293"}],"wp:attachment":[{"href":"https:\/\/online.tvk-gaj.pl\/index.php?rest_route=%2Fwp%2Fv2%2Fmedia&parent=5292"}],"wp:term":[{"taxonomy":"category","embeddable":true,"href":"https:\/\/online.tvk-gaj.pl\/index.php?rest_route=%2Fwp%2Fv2%2Fcategories&post=5292"},{"taxonomy":"post_tag","embeddable":true,"href":"https:\/\/online.tvk-gaj.pl\/index.php?rest_route=%2Fwp%2Fv2%2Ftags&post=5292"}],"curies":[{"name":"wp","href":"https:\/\/api.w.org\/{rel}","templated":true}]}}