{"id":5365,"date":"2015-12-19T11:15:39","date_gmt":"2015-12-19T10:15:39","guid":{"rendered":"http:\/\/www.tvk-gaj.pl\/~gajonline\/?p=5365"},"modified":"2015-12-19T11:17:46","modified_gmt":"2015-12-19T10:17:46","slug":"wigilia-rady-osiedla-gaj","status":"publish","type":"post","link":"https:\/\/online.tvk-gaj.pl\/?p=5365","title":{"rendered":"Wigilia Rady Osiedla Gaj"},"content":{"rendered":"<p>W miniony pi\u0105tek, 18 grudnia, odby\u0142a si\u0119 osiedlowa wigilia zorganizowana przez Rad\u0119 Osiedla Gaj. Na uroczystej, wigilijnej kolacji pojawili si\u0119 przedstawiciele Rady Osiedla, Proboszcz Parafii \u015aw. Franciszka z Asy\u017cu, przedstawiciele lokalnego biznesu oraz organizacji spo\u0142ecznych, a przede wszystkim mieszka\u0144cy Gaju! Zapraszamy do fotorelacji ze spotkania.<!--more--><\/p>\n<p>Spotkanie wigilijne odby\u0142o si\u0119 w pi\u0105tek, 18 grudnia, na terenie Szko\u0142y Podstawowej Nr 90 przy ul. Orzechowej.<\/p>\n<p>&nbsp;<\/p>\n<p><img loading=\"lazy\" decoding=\"async\" class=\"aligncenter size-large wp-image-5366\" src=\"http:\/\/www.tvk-gaj.pl\/~gajonline\/wp-content\/uploads\/2015\/12\/DSCF3127-1024x768.jpg\" alt=\"DSCF3127\" width=\"838\" height=\"629\" srcset=\"https:\/\/online.tvk-gaj.pl\/wp-content\/uploads\/2015\/12\/DSCF3127-1024x768.jpg 1024w, https:\/\/online.tvk-gaj.pl\/wp-content\/uploads\/2015\/12\/DSCF3127-300x225.jpg 300w, https:\/\/online.tvk-gaj.pl\/wp-content\/uploads\/2015\/12\/DSCF3127-768x576.jpg 768w\" sizes=\"auto, (max-width: 838px) 100vw, 838px\" \/><\/p>\n<p>&nbsp;<\/p>\n<p>Spotkanie otworzyli Przewodnicz\u0105cy Rady Osiedla &#8222;GAJ&#8221; &#8211; Pan Adam Wojtaszewski. Nast\u0119pnie g\u0142os zabrali dyrektor Szko\u0142y Podstawowej Nr 90 &#8211; Pani Joanna Sinicka oraz proboszcz Parafii pw. \u015aw. Franciszka z \u00a0Asy\u017cu.<\/p>\n<p>Wyst\u0105pili r\u00f3wnie\u017c zaproszeni go\u015bcie, w tym m.in przedstawiciele organizacji spo\u0142ecznych oraz darczy\u0144cy Rady Osiedla.<\/p>\n<p>Na spotkaniu pojawili si\u0119 r\u00f3wnie\u017c starsi mieszka\u0144cy Gaju.<\/p>\n<p>W \u015bwi\u0105tecznej atmosferze wigilijnej kolacji rozmawiano o osiedlu, jego historii, planach na przysz\u0142o\u015b\u0107 oraz o dzia\u0142aniach maj\u0105cych na celu integracj\u0119 mieszka\u0144c\u00f3w Osiedla.<\/p>\n<p>&nbsp;<\/p>\n<p><strong>Zapraszamy do fotorelacji ze spotkania!<\/strong><\/p>\n<p>&nbsp;<\/p>\n<p><img decoding=\"async\" class=\"ngg_displayed_gallery mceItem\" src=\"http:\/\/www.tvk-gaj.pl\/~gajonline\/index.php\/nextgen-attach_to_post\/preview\/id--5367\" alt=\"\" data-mce-placeholder=\"1\" \/><\/p>\n<p>&nbsp;<\/p>\n<p>&nbsp;<\/p>\n","protected":false},"excerpt":{"rendered":"<p>W miniony pi\u0105tek, 18 grudnia, odby\u0142a si\u0119 osiedlowa wigilia zorganizowana przez Rad\u0119 Osiedla Gaj. Na uroczystej, wigilijnej kolacji pojawili si\u0119 przedstawiciele Rady Osiedla, Proboszcz Parafii \u015aw. Franciszka z Asy\u017cu, przedstawiciele lokalnego biznesu oraz organizacji spo\u0142ecznych, a przede wszystkim mieszka\u0144cy Gaju! Zapraszamy do fotorelacji ze spotkania.<\/p>\n","protected":false},"author":1,"featured_media":5366,"comment_status":"open","ping_status":"open","sticky":false,"template":"","format":"standard","meta":{"footnotes":""},"categories":[14,12],"tags":[181,577,317,194,135,576,578,580,120,579,402,575],"class_list":["post-5365","post","type-post","status-publish","format-standard","has-post-thumbnail","hentry","category-aktualnosci","category-artykuly","tag-caritas","tag-centrum-handlowe-gaj","tag-mops","tag-parafia-sw-franciszka-z-asyzu","tag-rada-osiedla-gaj","tag-sklep-aga","tag-sponsorzy","tag-spotkanie-wigilijne","tag-szkola-podstawowa-nr-90","tag-uroczysta-kolacja","tag-wigilia","tag-wigilia-osiedlowa"],"_links":{"self":[{"href":"https:\/\/online.tvk-gaj.pl\/index.php?rest_route=\/wp\/v2\/posts\/5365","targetHints":{"allow":["GET"]}}],"collection":[{"href":"https:\/\/online.tvk-gaj.pl\/index.php?rest_route=\/wp\/v2\/posts"}],"about":[{"href":"https:\/\/online.tvk-gaj.pl\/index.php?rest_route=\/wp\/v2\/types\/post"}],"author":[{"embeddable":true,"href":"https:\/\/online.tvk-gaj.pl\/index.php?rest_route=\/wp\/v2\/users\/1"}],"replies":[{"embeddable":true,"href":"https:\/\/online.tvk-gaj.pl\/index.php?rest_route=%2Fwp%2Fv2%2Fcomments&post=5365"}],"version-history":[{"count":2,"href":"https:\/\/online.tvk-gaj.pl\/index.php?rest_route=\/wp\/v2\/posts\/5365\/revisions"}],"predecessor-version":[{"id":5370,"href":"https:\/\/online.tvk-gaj.pl\/index.php?rest_route=\/wp\/v2\/posts\/5365\/revisions\/5370"}],"wp:featuredmedia":[{"embeddable":true,"href":"https:\/\/online.tvk-gaj.pl\/index.php?rest_route=\/wp\/v2\/media\/5366"}],"wp:attachment":[{"href":"https:\/\/online.tvk-gaj.pl\/index.php?rest_route=%2Fwp%2Fv2%2Fmedia&parent=5365"}],"wp:term":[{"taxonomy":"category","embeddable":true,"href":"https:\/\/online.tvk-gaj.pl\/index.php?rest_route=%2Fwp%2Fv2%2Fcategories&post=5365"},{"taxonomy":"post_tag","embeddable":true,"href":"https:\/\/online.tvk-gaj.pl\/index.php?rest_route=%2Fwp%2Fv2%2Ftags&post=5365"}],"curies":[{"name":"wp","href":"https:\/\/api.w.org\/{rel}","templated":true}]}}