{"id":5372,"date":"2015-12-24T09:47:11","date_gmt":"2015-12-24T08:47:11","guid":{"rendered":"http:\/\/www.tvk-gaj.pl\/~gajonline\/?p=5372"},"modified":"2015-12-24T09:47:11","modified_gmt":"2015-12-24T08:47:11","slug":"wesolych-swiat-oraz-szczesliwego-nowego-roku-4","status":"publish","type":"post","link":"https:\/\/online.tvk-gaj.pl\/?p=5372","title":{"rendered":"Weso\u0142ych \u015awi\u0105t oraz Szcz\u0119\u015bliwego Nowego Roku!"},"content":{"rendered":"<p>Rada Osiedla Gaj oraz Redakcja GajOnline pragn\u0105 \u017cyczy\u0107 wszystkim naszym czytelnikom oraz mieszka\u0144com Osiedla \u015bwi\u0105teczno-noworoczne \u017cyczenia.<\/p>\n<p><!--more--><\/p>\n<p>Z okazji nadchodz\u0105cych \u015awi\u0105t Narodzenia Pa\u0144skiego\u00a0oraz zbli\u017caj\u0105cego si\u0119 wielkimi krokami nowego \u2013 2016 roku, chcieliby\u015bmy w imieniu GajOnline oraz Rady Osiedla GAJ z\u0142o\u017cy\u0107 wszystkim naszym czytelnikom, sympatykom oraz\u00a0mieszka\u0144com Osiedla najszczersze \u017cyczenia zdrowych, pogodnych i radosnych \u015awi\u0105t Bo\u017cego Narodzenia oraz pe\u0142nego pomy\u015blno\u015bci Nowego Roku!<\/p>\n<p>&nbsp;<\/p>\n<p>Piotr Nawrotek<br \/>\nRedaktor Naczelny<\/p>\n<p>&nbsp;<\/p>\n","protected":false},"excerpt":{"rendered":"<p>Rada Osiedla Gaj oraz Redakcja GajOnline pragn\u0105 \u017cyczy\u0107 wszystkim naszym czytelnikom oraz mieszka\u0144com Osiedla \u015bwi\u0105teczno-noworoczne \u017cyczenia.<\/p>\n","protected":false},"author":1,"featured_media":513,"comment_status":"open","ping_status":"open","sticky":false,"template":"","format":"standard","meta":{"footnotes":""},"categories":[14],"tags":[582,583,112,186,135,185,581,196,257,584],"class_list":["post-5372","post","type-post","status-publish","format-standard","has-post-thumbnail","hentry","category-aktualnosci","tag-boze-narodzenie","tag-choinka","tag-gaj","tag-nowy-rok","tag-rada-osiedla-gaj","tag-swieta","tag-swieta-bozego-narodzenia","tag-sylwester","tag-zyczenia","tag-zyczenia-rady-osiedla-gaj"],"_links":{"self":[{"href":"https:\/\/online.tvk-gaj.pl\/index.php?rest_route=\/wp\/v2\/posts\/5372","targetHints":{"allow":["GET"]}}],"collection":[{"href":"https:\/\/online.tvk-gaj.pl\/index.php?rest_route=\/wp\/v2\/posts"}],"about":[{"href":"https:\/\/online.tvk-gaj.pl\/index.php?rest_route=\/wp\/v2\/types\/post"}],"author":[{"embeddable":true,"href":"https:\/\/online.tvk-gaj.pl\/index.php?rest_route=\/wp\/v2\/users\/1"}],"replies":[{"embeddable":true,"href":"https:\/\/online.tvk-gaj.pl\/index.php?rest_route=%2Fwp%2Fv2%2Fcomments&post=5372"}],"version-history":[{"count":1,"href":"https:\/\/online.tvk-gaj.pl\/index.php?rest_route=\/wp\/v2\/posts\/5372\/revisions"}],"predecessor-version":[{"id":5373,"href":"https:\/\/online.tvk-gaj.pl\/index.php?rest_route=\/wp\/v2\/posts\/5372\/revisions\/5373"}],"wp:featuredmedia":[{"embeddable":true,"href":"https:\/\/online.tvk-gaj.pl\/index.php?rest_route=\/wp\/v2\/media\/513"}],"wp:attachment":[{"href":"https:\/\/online.tvk-gaj.pl\/index.php?rest_route=%2Fwp%2Fv2%2Fmedia&parent=5372"}],"wp:term":[{"taxonomy":"category","embeddable":true,"href":"https:\/\/online.tvk-gaj.pl\/index.php?rest_route=%2Fwp%2Fv2%2Fcategories&post=5372"},{"taxonomy":"post_tag","embeddable":true,"href":"https:\/\/online.tvk-gaj.pl\/index.php?rest_route=%2Fwp%2Fv2%2Ftags&post=5372"}],"curies":[{"name":"wp","href":"https:\/\/api.w.org\/{rel}","templated":true}]}}