{"id":5378,"date":"2015-12-30T08:57:07","date_gmt":"2015-12-30T07:57:07","guid":{"rendered":"http:\/\/www.tvk-gaj.pl\/~gajonline\/?p=5378"},"modified":"2017-04-29T11:12:31","modified_gmt":"2017-04-29T09:12:31","slug":"podsumowanie-roku-2015-wg-rady-osiedla-gaj","status":"publish","type":"post","link":"https:\/\/online.tvk-gaj.pl\/?p=5378","title":{"rendered":"Podsumowanie roku 2015 na Gaju!"},"content":{"rendered":"<p>Zbli\u017caj\u0105cy si\u0119 koniec roku to czas sprzyjaj\u0105cy podsumowaniom i refleksjom. Pod\u0105\u017caj\u0105c z tych duchem Rada Osiedla Gaj podsumowa\u0142a rok 2015. Jaki by\u0142 mijaj\u0105cy rok dla osiedla? Co uda\u0142o si\u0119 zmieni\u0107, a na co Gaj b\u0119dzie musia\u0142 jeszcze poczeka\u0107? O tym wszystkim dowiecie si\u0119 z podsumowania rocznej pracy Rady Osiedla Gaj w 2015r. Zapraszamy do lektury!<!--more--><\/p>\n<p>Minione 12 miesi\u0119cy to &nbsp;czas ci\u0119\u017ckiej pracy dla dobra osiedla, kt\u00f3ra ukierunkowana by\u0142a w kilku r\u00f3wnoleg\u0142ych obszarach. Priorytetami w mijaj\u0105cym roku by\u0142y: inwestycje i infrastruktura, sport i kultura oraz bezpiecze\u0144stwo i sprawy spo\u0142eczne. Za realizacj\u0119 zada\u0144 we wszystkich tych obszarach odpowiedzialne by\u0142 dzia\u0142aj\u0105ce w Radzie Osiedla Gaj komisje.<\/p>\n<blockquote>\n<ol>\n<li>Komisja architektury i zagospodarowania przestrzennego &#8211; pod przewodnictwem Wojciecha Kurzyjamskiego<\/li>\n<li>Komisja kultury i sportu &#8211; pod przewodnictwem Piotra Nawrotka<\/li>\n<li>Komisja bezpiecze\u0144stwa i porz\u0105dku publicznego &#8211; pod przewodnictwem Tadeusza Bystrego<\/li>\n<\/ol>\n<\/blockquote>\n<p>Oczywi\u015bcie wsp\u00f3\u0142praca poszczeg\u00f3lnych komisji nie by\u0142aby mo\u017cliwa, gdyby nie praca Zarz\u0105du Osiedla. Pe\u0142ny sk\u0142ad Zarz\u0105du i Rady Osiedla znajdziecie w dziale <a href=\"http:\/\/www.tvk-gaj.pl\/~gajonline\/?page_id=178\">Rada Osiedla<\/a>.<\/p>\n<h5><strong>OBSZAR INWESTYCJE I INFRASTRUKTURA<\/strong><\/h5>\n<p><a href=\"http:\/\/www.tvk-gaj.pl\/~gajonline\/wp-content\/uploads\/2015\/10\/2015-10-19-13.30.28.jpg\" rel=\"attachment wp-att-5117\"><img loading=\"lazy\" decoding=\"async\" class=\"aligncenter size-large wp-image-5117\" src=\"http:\/\/www.tvk-gaj.pl\/~gajonline\/wp-content\/uploads\/2015\/10\/2015-10-19-13.30.28-1024x576.jpg\" alt=\"2015-10-19 13.30.28\" width=\"838\" height=\"471\" srcset=\"https:\/\/online.tvk-gaj.pl\/wp-content\/uploads\/2015\/10\/2015-10-19-13.30.28-1024x576.jpg 1024w, https:\/\/online.tvk-gaj.pl\/wp-content\/uploads\/2015\/10\/2015-10-19-13.30.28-300x169.jpg 300w\" sizes=\"auto, (max-width: 838px) 100vw, 838px\" \/><\/a><\/p>\n<p>&nbsp;<\/p>\n<p><span style=\"text-decoration: underline;\">Wroc\u0142awski Bud\u017cet Obywatelski <\/span><\/p>\n<p>W pa\u017adzierniku 2015r. sw\u00f3j fina\u0142 mia\u0142 Wroc\u0142awski Bud\u017cet Obywatelski 2015. Rada Osiedla wyj\u0105tkowo mocno wspar\u0142a promocj\u0119 projekt\u00f3w dotycz\u0105cych Gaju. Drukowano ulotki, plakaty, promowano akcj\u0119 w sieci. Radni odwiedzali mieszka\u0144c\u00f3w Gaju, a tak\u017ce codziennie przez okres dw\u00f3ch tygodni zbierania g\u0142os\u00f3w dy\u017curowali w g\u0142\u00f3wnych punktach na osiedlu zbieraj\u0105c g\u0142osy. Poprzez portale spo\u0142eczno\u015bciowe zbierano g\u0142osy internat\u00f3w, a wrze\u015bniowy piknik osiedlowy sta\u0142 si\u0119 miejscem, gdzie radni przekonywali niezdecydowanych do oddania swoich g\u0142os\u00f3w na wspierane przez Gaj projekty.<\/p>\n<p><a href=\"http:\/\/www.tvk-gaj.pl\/~gajonline\/wp-content\/uploads\/2015\/09\/DSCF3061.jpg\" rel=\"attachment wp-att-5073\"><img loading=\"lazy\" decoding=\"async\" class=\"aligncenter size-large wp-image-5073\" src=\"http:\/\/www.tvk-gaj.pl\/~gajonline\/wp-content\/uploads\/2015\/09\/DSCF3061-1024x768.jpg\" alt=\"DSCF3061\" width=\"838\" height=\"629\" srcset=\"https:\/\/online.tvk-gaj.pl\/wp-content\/uploads\/2015\/09\/DSCF3061-1024x768.jpg 1024w, https:\/\/online.tvk-gaj.pl\/wp-content\/uploads\/2015\/09\/DSCF3061-300x225.jpg 300w, https:\/\/online.tvk-gaj.pl\/wp-content\/uploads\/2015\/09\/DSCF3061.jpg 2000w\" sizes=\"auto, (max-width: 838px) 100vw, 838px\" \/><\/a><\/p>\n<p>&nbsp;<\/p>\n<p>Wysi\u0142ek cz\u0142onk\u00f3w Rady Osiedla&nbsp;oraz wsp\u00f3\u0142praca z naszymi przyjaci\u00f3\u0142mi (m.in. Centrum Handlowym Gaj, Szko\u0142\u0105 Podstawow\u0105 Nr 90, Sklepem &#8222;Aga&#8221;, Parafi\u0105 \u015aw. Franciszka z Asy\u017cu) zaowocowa\u0142y wielkim sukcesem! Uda\u0142o si\u0119 zwyci\u0119\u017cy\u0107 z a\u017c 5 projektami! W tym zwyci\u0119skie okaza\u0142y si\u0119 2 z 3 promowanych przez RO projekt\u00f3w (w du\u017cych progach kwotowych)!. W 2016r.&nbsp;Miasto zrealizuje m.in. budow\u0119 infrastruktury sportowej przy Szkole Podstawowej Nr 90 przy ul. Orzechowej (projekt numer 786) oraz zagospodarowania parkowego przed Wzg\u00f3rzem Gajowym przy ul. \u015awieradowskiej (Projekt numer 67)!<\/p>\n<p><a href=\"http:\/\/www.tvk-gaj.pl\/~gajonline\/wp-content\/uploads\/2015\/12\/wbo1.jpg\" rel=\"attachment wp-att-5381\"><img loading=\"lazy\" decoding=\"async\" class=\"aligncenter size-full wp-image-5381\" src=\"http:\/\/www.tvk-gaj.pl\/~gajonline\/wp-content\/uploads\/2015\/12\/wbo1.jpg\" alt=\"wbo1\" width=\"763\" height=\"376\" srcset=\"https:\/\/online.tvk-gaj.pl\/wp-content\/uploads\/2015\/12\/wbo1.jpg 763w, https:\/\/online.tvk-gaj.pl\/wp-content\/uploads\/2015\/12\/wbo1-300x148.jpg 300w\" sizes=\"auto, (max-width: 763px) 100vw, 763px\" \/><\/a><\/p>\n<p>&nbsp;<\/p>\n<p><a href=\"http:\/\/www.tvk-gaj.pl\/~gajonline\/wp-content\/uploads\/2015\/12\/wbo2.jpg\" rel=\"attachment wp-att-5382\"><img loading=\"lazy\" decoding=\"async\" class=\"aligncenter size-full wp-image-5382\" src=\"http:\/\/www.tvk-gaj.pl\/~gajonline\/wp-content\/uploads\/2015\/12\/wbo2.jpg\" alt=\"wbo2\" width=\"763\" height=\"381\" srcset=\"https:\/\/online.tvk-gaj.pl\/wp-content\/uploads\/2015\/12\/wbo2.jpg 763w, https:\/\/online.tvk-gaj.pl\/wp-content\/uploads\/2015\/12\/wbo2-300x150.jpg 300w, https:\/\/online.tvk-gaj.pl\/wp-content\/uploads\/2015\/12\/wbo2-319x160.jpg 319w\" sizes=\"auto, (max-width: 763px) 100vw, 763px\" \/><\/a><\/p>\n<p>&nbsp;<\/p>\n<p>Poza tym wybrane zosta\u0142y jeszcze:<\/p>\n<p>Projekt numer 560:<strong>&nbsp;<\/strong>Nasza Droga \u2013 inwestycja w odcinek drogi gruntowej po\u0142o\u017conej pomi\u0119dzy nasypem kolejowym a ul. Kukuczki we Wroc\u0142awiu o d\u0142ug. \u0142\u0105cznej 150m i szeroko\u015bci 4,5-10m \u2013 \u0142\u0105czna powierzchnia wynosi ok. 1105m2<strong>.&nbsp;<\/strong><\/p>\n<p>Projekt numer 68:<strong>&nbsp;<\/strong>Ziele\u0144 wzd\u0142u\u017c ulicy Bardzkiej<strong>.<\/strong><\/p>\n<p>Projekt numer 150:<strong>&nbsp;<\/strong>Boiska do gry w siatk\u00f3wk\u0119 pla\u017cow\u0105 w Parku Skowronim<strong>.<\/strong><\/p>\n<p>&nbsp;<\/p>\n<p><span style=\"text-decoration: underline;\">Remont parkingu przy Gimnazjum Nr 25<\/span><\/p>\n<p>&nbsp;<\/p>\n<p><a href=\"http:\/\/www.tvk-gaj.pl\/~gajonline\/wp-content\/uploads\/2015\/07\/P63000141.jpg\" rel=\"attachment wp-att-4552\"><img loading=\"lazy\" decoding=\"async\" class=\"size-large wp-image-4552\" src=\"http:\/\/www.tvk-gaj.pl\/~gajonline\/wp-content\/uploads\/2015\/07\/P63000141-1024x768.jpg\" alt=\"OLYMPUS DIGITAL CAMERA\" width=\"838\" height=\"629\" srcset=\"https:\/\/online.tvk-gaj.pl\/wp-content\/uploads\/2015\/07\/P63000141-1024x768.jpg 1024w, https:\/\/online.tvk-gaj.pl\/wp-content\/uploads\/2015\/07\/P63000141-300x225.jpg 300w, https:\/\/online.tvk-gaj.pl\/wp-content\/uploads\/2015\/07\/P63000141.jpg 1984w\" sizes=\"auto, (max-width: 838px) 100vw, 838px\" \/><\/a><\/p>\n<p>&nbsp;<\/p>\n<p>W minionym roku Rada Osiedla Gaj bardzo aktywnie wsp\u00f3\u0142pracowa\u0142a z Urz\u0119dem Miejskim. W siedzibie Rady Osiedla mia\u0142o miejsce oficjalne spotkanie z Prezydentem Wroc\u0142awia Rafa\u0142em Dutkiewiczem. Kilkukrotnie te\u017c, na roboczych spotkaniach pojawiali si\u0119 dyrektorzy poszczeg\u00f3lnych departament\u00f3w UM Wroc\u0142aw oraz przedstawiciele miejskich sp\u00f3\u0142ek (m.in. zieleni miejskiej, ZOJM). Jednym z efekt\u00f3w takich rozm\u00f3w i &#8222;lobbowania&#8221; Gaju jest przysz\u0142oroczna realizacja budowy miejsc parkingowych pod Gimnazjum Nr 25 przy ul. Orzechowej. Inwestycja mia\u0142aby pojawi\u0107 si\u0119 w miejscu, gdzie dzi\u015b znajduje si\u0119 go\u0142a ziemia (b\u0142oto), a gdzie codziennie poruszaj\u0105 si\u0119 dzieci, rodzice i pracownicy szko\u0142y. Jednym z element\u00f3w inwestycji ma by\u0107 te\u017c wydzielenie specjalnej zatoki autobusowej, kt\u00f3ra poprawi\u0142aby bezpiecze\u0144stwo pieszych przy szkolnych wycieczkach.<\/p>\n<p>&nbsp;<\/p>\n<p><span style=\"text-decoration: underline;\">Posprz\u0105tanie i zagospodarowanie Wzg\u00f3rza Gajowego<\/span><\/p>\n<p>&nbsp;<\/p>\n<p><a href=\"http:\/\/www.tvk-gaj.pl\/~gajonline\/wp-content\/uploads\/2013\/07\/wzgorzegajowe.jpg\" rel=\"attachment wp-att-1408\"><img loading=\"lazy\" decoding=\"async\" class=\"aligncenter size-full wp-image-1408\" src=\"http:\/\/www.tvk-gaj.pl\/~gajonline\/wp-content\/uploads\/2013\/07\/wzgorzegajowe.jpg\" alt=\"wzgorzegajowe\" width=\"617\" height=\"432\"><\/a><\/p>\n<p>&nbsp;<\/p>\n<p>Podczas jesiennego spotkania z przedstawicielami Zieleni Miejskiej oraz UM Wroc\u0142aw uda\u0142o si\u0119 otrzyma\u0107 zapewnienie&nbsp;posprz\u0105tania terenu Wzg\u00f3rza Gajowego (popularnie nazywanego te\u017c &#8222;wysypem&#8221;, &#8222;g\u00f3rk\u0105 przy Bardzkiej&#8221;), monta\u017c koszy na \u015bmieci oraz \u0142awek od strony ul. Bardzkiej, utworzenie miejsc do grillowania. W po\u0142\u0105czeniu ze zwyci\u0119skim projektem WBO &#8211; zagospodarowania parkowego przed Wzg\u00f3rzem Gajowym od ul. \u015awieradowskiej &#8211; ma to stworzy\u0107 zielone miejsce do rekreacji na osiedlu.<\/p>\n<p>&nbsp;<\/p>\n<h5><strong>OBSZAR KULTURA I SPORT<\/strong><\/h5>\n<p>&nbsp;<\/p>\n<p><a href=\"http:\/\/www.tvk-gaj.pl\/~gajonline\/wp-content\/uploads\/2013\/07\/1010440_586423548055177_1198104772_n.jpg\" rel=\"attachment wp-att-1459\"><img loading=\"lazy\" decoding=\"async\" class=\"aligncenter size-full wp-image-1459\" src=\"http:\/\/www.tvk-gaj.pl\/~gajonline\/wp-content\/uploads\/2013\/07\/1010440_586423548055177_1198104772_n.jpg\" alt=\"1010440_586423548055177_1198104772_n\" width=\"960\" height=\"720\" srcset=\"https:\/\/online.tvk-gaj.pl\/wp-content\/uploads\/2013\/07\/1010440_586423548055177_1198104772_n.jpg 960w, https:\/\/online.tvk-gaj.pl\/wp-content\/uploads\/2013\/07\/1010440_586423548055177_1198104772_n-300x225.jpg 300w\" sizes=\"auto, (max-width: 960px) 100vw, 960px\" \/><\/a><\/p>\n<p>&nbsp;<\/p>\n<p><span style=\"text-decoration: underline;\">Budowa pe\u0142nowymiarowego boiska pi\u0142karskiego z infrastruktur\u0105 sportow\u0105 w Parku S\u0142onecznym<\/span><\/p>\n<p>Boisko pi\u0142karskie o wymiarach 90x45m wraz ze sztuczn\u0105 traw\u0105, o\u015bwietleniem oraz ogrodzeniem to jeden z najwi\u0119kszych sukces\u00f3w roku 2015! D\u0142ugie negocjacje z Miastem, wsp\u00f3lne planowanie z Uczniowskim Osiedlowym Klubem Pi\u0142karskim Sielesia Gaj oraz niezliczone analizy i pisma sprawi\u0142y, \u017ce na wiosn\u0119 2016r. rozpocz\u0105\u0107 si\u0119 maj\u0105 prace zwi\u0105zane z budow\u0105 jednego z nowocze\u015bniejszych kompleks\u00f3w sportowych na wroc\u0142awskich osiedlach. Inwestycja szacowana na ponad milion z\u0142otych sprawi, \u017ce Gaj posiada\u0107 b\u0119dzie profesjonalne boisko pi\u0142karskie, kt\u00f3re pos\u0142u\u017cy nie tylko na treningi dzieci i m\u0142odzie\u017cy, ale r\u00f3wnie\u017c na rozgrywanie zawod\u00f3w i turniej\u00f3w pi\u0142karskich. Boisko pojawi si\u0119 w miejscu obecnego, na w p\u00f3\u0142 dzikiego boiska w Parku S\u0142onecznym, przy ul. Orzechowej (tu\u017c przy Szkole Podstawowej Nr 90). Budowa zosta\u0142a wpisana do miejskiego bud\u017cetu na rok 2016.<\/p>\n<p><a href=\"http:\/\/www.tvk-gaj.pl\/~gajonline\/wp-content\/uploads\/2013\/05\/A096575.jpg\" rel=\"attachment wp-att-1236\"><img loading=\"lazy\" decoding=\"async\" class=\"aligncenter size-full wp-image-1236\" src=\"http:\/\/www.tvk-gaj.pl\/~gajonline\/wp-content\/uploads\/2013\/05\/A096575.jpg\" alt=\"OLYMPUS DIGITAL CAMERA\" width=\"912\" height=\"684\" srcset=\"https:\/\/online.tvk-gaj.pl\/wp-content\/uploads\/2013\/05\/A096575.jpg 912w, https:\/\/online.tvk-gaj.pl\/wp-content\/uploads\/2013\/05\/A096575-300x225.jpg 300w\" sizes=\"auto, (max-width: 912px) 100vw, 912px\" \/><\/a><\/p>\n<p>&nbsp;<\/p>\n<p>Boisko ma by\u0107 r\u00f3wnie\u017c macierzystym miejscem trening\u00f3w i zawod\u00f3w dla naszej osiedlowej dumy, czyli Uczniowskiego Osiedlowego Klubu Pi\u0142karskiego Wroc\u0142aw &#8211; Silesia Gaj. Klub wspierany jest przez Rad\u0119 Osiedla Gaj oraz posiada medialny patronat GajOnline!<\/p>\n<p>&nbsp;<\/p>\n<p><span style=\"text-decoration: underline;\">Klub Seniora na Gaju &#8211; dzia\u0142alno\u015b\u0107 Klubu i nowa siedziba w 2016r.!<\/span><\/p>\n<p>&nbsp;<\/p>\n<p><a href=\"http:\/\/www.tvk-gaj.pl\/~gajonline\/wp-content\/uploads\/2015\/05\/0221.jpg\" rel=\"attachment wp-att-4025\"><img loading=\"lazy\" decoding=\"async\" class=\"aligncenter size-large wp-image-4025\" src=\"http:\/\/www.tvk-gaj.pl\/~gajonline\/wp-content\/uploads\/2015\/05\/0221-576x1024.jpg\" alt=\"022\" width=\"576\" height=\"1024\" srcset=\"https:\/\/online.tvk-gaj.pl\/wp-content\/uploads\/2015\/05\/0221-576x1024.jpg 576w, https:\/\/online.tvk-gaj.pl\/wp-content\/uploads\/2015\/05\/0221-169x300.jpg 169w, https:\/\/online.tvk-gaj.pl\/wp-content\/uploads\/2015\/05\/0221.jpg 1836w\" sizes=\"auto, (max-width: 576px) 100vw, 576px\" \/><\/a><\/p>\n<p>&nbsp;<\/p>\n<p>Od&nbsp;marca 2015r. swoj\u0105 dzia\u0142alno\u015b\u0107 prowadzi Klub Seniora na Gaju. Instytucja dzia\u0142a przy Radzie Osiedla Gaj. Spotkania, kt\u00f3re ka\u017cdorazowo gromadz\u0105 po kilkunastu senior\u00f3w odbywaj\u0105 si\u0119 w Szkole Podstawowej Nr 90 w ka\u017cdy czwartek od godziny 17:00 do godziny 19:00. Na przestrzeni minionych miesi\u0119cy w klubie sporo si\u0119 dzia\u0142o. Jego cz\u0142onkowie je\u017adzili na wycieczki, rejsy. Trenowali na wolnym powietrzu. Uczestniczyli w licznych warsztatach tematycznych i wyk\u0142adach. Osob\u0105, kt\u00f3ra skupia wok\u00f3\u0142 siebie senior\u00f3w jest Pani Anna Ga\u0142uszka &#8211; charyzmatyczna osoba z niezwyk\u0142ym talentem do pracy z drugim cz\u0142owiekiem.<br \/>\nPoniewa\u017c klub ci\u0105gle si\u0119 rozwija oraz przyci\u0105ga nowych cz\u0142onk\u00f3w od przysz\u0142ego roku, dzi\u0119ki staraniom Rady Osiedla klub zyska nowy, samodzielny lokal, kt\u00f3ry pozwoli na rozw\u00f3j oraz og\u00f3lne polepszenie warunk\u00f3w lokalowych. Nowa siedziba znajdowa\u0107 si\u0119 ma przy ul. Krynickiej, w budynku przychodni zdrowia. Spory lokal wraz z samodzielnym wej\u015bciem to unikatowa w skali miasta inwestycja.<\/p>\n<p>&nbsp;<\/p>\n<h5><strong>OBSZAR&nbsp;BEZPIECZE\u0143STWO I SPRAWY SPO\u0141ECZNE<\/strong><\/h5>\n<p><span style=\"text-decoration: underline;\">Stra\u017cnik Osiedlowy<\/span><\/p>\n<p>&nbsp;<\/p>\n<p>&nbsp;<\/p>\n<p>&nbsp;<\/p>\n<p>Bezpiecze\u0144stwo na osiedlu to jeden z priorytet\u00f3w stoj\u0105cych za pracami Rady Osiedla w 2015r. \u015acis\u0142a wsp\u00f3\u0142praca z Policj\u0105 i Stra\u017com Miejsk\u0105 pozwoli\u0142 na przywr\u00f3cenie na osiedle Stra\u017cnika Miejskiego, kt\u00f3ry oddelegowany zosta\u0142 do pracy na Gaju.<\/p>\n<p>Ponadto osiedle stworzy\u0142o, dzi\u0119ki nak\u0142adom z w\u0142asnego bud\u017cetu, wsp\u00f3lny posterunek Policji i Stra\u017cy Miejskiej, kt\u00f3ry znajduje si\u0119 przy ul. Krynickiej. To tam swoj\u0105 siedzib\u0119 maj\u0105 dzielnicowi oraz stra\u017cnik osiedlowy.<\/p>\n<p>O pracy Stra\u017cnika Osiedlowego b\u0119dziecie mogli w styczniu przeczyta\u0107 osobny artyku\u0142, na kt\u00f3ry ju\u017c teraz zapraszamy.<\/p>\n<p>&nbsp;<\/p>\n<p><span style=\"text-decoration: underline;\">Punkt MOPS oraz integracja mieszka\u0144c\u00f3w<\/span><\/p>\n<p><a href=\"http:\/\/www.tvk-gaj.pl\/~gajonline\/wp-content\/uploads\/2015\/12\/DSCF3127.jpg\" rel=\"attachment wp-att-5366\"><img loading=\"lazy\" decoding=\"async\" class=\"aligncenter size-large wp-image-5366\" src=\"http:\/\/www.tvk-gaj.pl\/~gajonline\/wp-content\/uploads\/2015\/12\/DSCF3127-1024x768.jpg\" alt=\"DSCF3127\" width=\"838\" height=\"629\" srcset=\"https:\/\/online.tvk-gaj.pl\/wp-content\/uploads\/2015\/12\/DSCF3127-1024x768.jpg 1024w, https:\/\/online.tvk-gaj.pl\/wp-content\/uploads\/2015\/12\/DSCF3127-300x225.jpg 300w, https:\/\/online.tvk-gaj.pl\/wp-content\/uploads\/2015\/12\/DSCF3127-768x576.jpg 768w\" sizes=\"auto, (max-width: 838px) 100vw, 838px\" \/><\/a><\/p>\n<p>&nbsp;<\/p>\n<p>W siedzibie Rady Osiedla swoj\u0105 dzia\u0142alno\u015b\u0107 prowadzi Miejski O\u015brodek Pomocy Spo\u0142ecznej we Wroc\u0142awiu. Wsp\u00f3\u0142praca z MOPS to jeden z wa\u017cniejszych obszar\u00f3w dzia\u0142a\u0144 pomocowych Rady. W ka\u017cd\u0105 pierwsz\u0105 i trzeci\u0105 \u015brod\u0119 miesi\u0105ca pracownicy MOPS prowadz\u0105 dy\u017cury w siedzibie RO. Blisko\u015b\u0107 pracownik\u00f3w MOPS jest szczeg\u00f3lnie cenna dla os\u00f3b starszych i niepe\u0142nosprawnych.<\/p>\n<p>Jak co roku Rada organizuje spotkania z okazji dnia seniora oraz spotkanie wigilijne dla mieszka\u0144c\u00f3w osiedla. Wsp\u00f3\u0142pracuje tutaj \u015bci\u015ble z MOPS oraz Parafialnymi punktami Caritas.<\/p>\n<p>&nbsp;<\/p>\n<p><span style=\"text-decoration: underline;\">Wspieranie plac\u00f3wek edukacyjnych i mieszka\u0144c\u00f3w<\/span><\/p>\n<p><a href=\"http:\/\/www.tvk-gaj.pl\/~gajonline\/wp-content\/uploads\/2015\/12\/12357014_436452243210665_1168893393552889265_o.jpg\" rel=\"attachment wp-att-5285\"><img loading=\"lazy\" decoding=\"async\" class=\"aligncenter size-large wp-image-5285\" src=\"http:\/\/www.tvk-gaj.pl\/~gajonline\/wp-content\/uploads\/2015\/12\/12357014_436452243210665_1168893393552889265_o-1024x768.jpg\" alt=\"12357014_436452243210665_1168893393552889265_o\" width=\"838\" height=\"629\" srcset=\"https:\/\/online.tvk-gaj.pl\/wp-content\/uploads\/2015\/12\/12357014_436452243210665_1168893393552889265_o-1024x768.jpg 1024w, https:\/\/online.tvk-gaj.pl\/wp-content\/uploads\/2015\/12\/12357014_436452243210665_1168893393552889265_o-300x225.jpg 300w, https:\/\/online.tvk-gaj.pl\/wp-content\/uploads\/2015\/12\/12357014_436452243210665_1168893393552889265_o.jpg 2048w\" sizes=\"auto, (max-width: 838px) 100vw, 838px\" \/><\/a><\/p>\n<p>&nbsp;<\/p>\n<p>Mimo skromnych \u015brodk\u00f3w bud\u017cetowych co roku Rada Osiedla anga\u017cuje si\u0119 w finansowe i materialne wspieranie przedszkoli i szk\u00f3\u0142 dzia\u0142aj\u0105cych na Gaju. Dofinansowania wyjazd\u00f3w szkolnych dzieci i m\u0142odzie\u017cy, dofinansowanie imprez sportowych oraz coroczny zakup paczek z grami i zabawkami dla przedszkoli to sprawy, kt\u00f3re radni wyj\u0105tkowo lubi\u0105 &#8211; u\u015bmiechy i wdzi\u0119czno\u015b\u0107 dzieci jest tutaj najwy\u017csz\u0105 nagrod\u0105:)<\/p>\n<p>&nbsp;<\/p>\n<p><strong>To by\u0142o pracowite 12 miesi\u0119cy roku 2015. Co w planach na 2016r.?<\/strong><\/p>\n<p>&nbsp;<\/p>\n<p>Wymienione wy\u017cej dzia\u0142ania to tylko wycinek codziennej pracy radnych osiedla Gaj.<\/p>\n<p>Rada Osiedla organizowa\u0142a liczne spotkania, dyskusje. Goszczono Prezydenta Wroc\u0142awia, Komendant\u00f3w Policji, Stra\u017cy Miejskiej, przedstawicieli plac\u00f3wek spo\u0142ecznych, edukacyjnych, lokalnego biznesu.<\/p>\n<p>W sezonie letnim mieszka\u0144cy mogli bawi\u0107 si\u0119 na festynach i piknikach osiedlowych, kt\u00f3re tradycyjnie organizowane s\u0105 w samym sercu osiedla, jakim jest Park S\u0142oneczny. Z ka\u017cdym rokiem formu\u0142a i program festyn\u00f3w zmieniaj\u0105 si\u0119 &#8211; tak by jak najbardziej dopasowa\u0107 si\u0119 do potrzeb i oczekiwa\u0144 mieszka\u0144c\u00f3w, na kt\u00f3re RO jest otwarta. &nbsp;W tym roku stawiano na dzieci &#8211; na festynach pojawiali si\u0119 profesjonalni animatorzy gier i zabaw dla najm\u0142odszych. W planach na kolejny rok s\u0105 kolejne, darmowe atrakcje, ale to na razie tajemnica, kt\u00f3rej radni nie chc\u0105 ujawnia\u0107:)<\/p>\n<p>&nbsp;<\/p>\n<p><img loading=\"lazy\" decoding=\"async\" class=\"aligncenter size-large wp-image-5082\" src=\"http:\/\/www.tvk-gaj.pl\/~gajonline\/wp-content\/uploads\/2015\/09\/DSCF3041-1024x768.jpg\" alt=\"DSCF3041\" width=\"838\" height=\"629\" srcset=\"https:\/\/online.tvk-gaj.pl\/wp-content\/uploads\/2015\/09\/DSCF3041-1024x768.jpg 1024w, https:\/\/online.tvk-gaj.pl\/wp-content\/uploads\/2015\/09\/DSCF3041-300x225.jpg 300w, https:\/\/online.tvk-gaj.pl\/wp-content\/uploads\/2015\/09\/DSCF3041.jpg 2000w\" sizes=\"auto, (max-width: 838px) 100vw, 838px\" \/><\/p>\n<p>&nbsp;<\/p>\n<p>Wa\u017cnym aspektem statutowym pracy jednostki pomocniczej Rady Miejskiej Wroc\u0142awia &#8211; czyli Rady Osiedla &#8211; jest opiniowanie wniosk\u00f3w na temat koncesji na sprzeda\u017c napoj\u00f3w alkoholowych, inwestycji drogowych, spraw zwi\u0105zanych z bezpiecze\u0144stwem i porz\u0105dkiem publicznym. St\u0105d \u015bcis\u0142a wsp\u00f3\u0142praca z Policj\u0105, Stra\u017com Miejsk\u0105, Zarz\u0105dem Dr\u00f3g i Utrzymania Miasta, Miejskim O\u015brodkiem Pomocy Spo\u0142ecznej oraz parafiami dzia\u0142aj\u0105cymi na terenie osiedla.<\/p>\n<p>&nbsp;<\/p>\n<p><a href=\"http:\/\/www.tvk-gaj.pl\/~gajonline\/wp-content\/uploads\/2015\/11\/DSCN3460.jpg\" rel=\"attachment wp-att-5221\"><img loading=\"lazy\" decoding=\"async\" class=\"aligncenter size-large wp-image-5221\" src=\"http:\/\/www.tvk-gaj.pl\/~gajonline\/wp-content\/uploads\/2015\/11\/DSCN3460-1024x743.jpg\" alt=\"DSCN3460\" width=\"838\" height=\"608\" srcset=\"https:\/\/online.tvk-gaj.pl\/wp-content\/uploads\/2015\/11\/DSCN3460-1024x743.jpg 1024w, https:\/\/online.tvk-gaj.pl\/wp-content\/uploads\/2015\/11\/DSCN3460-300x218.jpg 300w, https:\/\/online.tvk-gaj.pl\/wp-content\/uploads\/2015\/11\/DSCN3460-578x420.jpg 578w, https:\/\/online.tvk-gaj.pl\/wp-content\/uploads\/2015\/11\/DSCN3460-287x208.jpg 287w, https:\/\/online.tvk-gaj.pl\/wp-content\/uploads\/2015\/11\/DSCN3460.jpg 1300w\" sizes=\"auto, (max-width: 838px) 100vw, 838px\" \/><\/a><\/p>\n<p>&nbsp;<\/p>\n<p>W ka\u017cdy poniedzia\u0142ek i czwartek w godzinach 18-20 pe\u0142nione s\u0105 dy\u017cury, na kt\u00f3re mo\u017ce przyj\u015b\u0107 ka\u017cdy mieszkaniec osiedla i przedstawi\u0107 swoje sprawy. Rada Osiedla Gaj serdecznie zaprasza do siebie wszystkich mieszka\u0144c\u00f3w! Swoje sprawy mo\u017cna r\u00f3wnie\u017c zg\u0142asza\u0107 poprzez <a href=\"http:\/\/www.gaj.wroclaw.pl\" target=\"_blank\" rel=\"noopener noreferrer\">stron\u0119 osiedlow\u0105 <\/a>oraz <a href=\"http:\/\/www.facebook.com\/osiedlegaj\" target=\"_blank\" rel=\"noopener noreferrer\">profil osiedla na Facebooku<\/a>.<\/p>\n<p>&nbsp;<\/p>\n<p><a href=\"http:\/\/www.tvk-gaj.pl\/~gajonline\/wp-content\/uploads\/2015\/09\/DSCF3100.jpg\" rel=\"attachment wp-att-5072\"><img loading=\"lazy\" decoding=\"async\" class=\"aligncenter size-large wp-image-5072\" src=\"http:\/\/www.tvk-gaj.pl\/~gajonline\/wp-content\/uploads\/2015\/09\/DSCF3100-768x1024.jpg\" alt=\"DSCF3100\" width=\"768\" height=\"1024\" srcset=\"https:\/\/online.tvk-gaj.pl\/wp-content\/uploads\/2015\/09\/DSCF3100-768x1024.jpg 768w, https:\/\/online.tvk-gaj.pl\/wp-content\/uploads\/2015\/09\/DSCF3100-225x300.jpg 225w, https:\/\/online.tvk-gaj.pl\/wp-content\/uploads\/2015\/09\/DSCF3100.jpg 1500w\" sizes=\"auto, (max-width: 768px) 100vw, 768px\" \/><\/a><\/p>\n<p>&nbsp;<\/p>\n<p>Chcieliby\u015bmy zapyta\u0107 Was &#8211; mieszka\u0144c\u00f3w, czytelnik\u00f3w, przyjaci\u00f3\u0142 &#8211; co chcieliby\u015bcie widzie\u0107 jako priorytety pracy Rady Osiedla Gaj na 2016r.? Jakie s\u0105 Wasze pomys\u0142y, pro\u015bby, spostrze\u017cenia? Czekamy na komentarze i emaile!<\/p>\n<p>&nbsp;<\/p>\n<p><strong>Korzystaj\u0105c z okazji Rada Osiedla Gaj we Wroc\u0142awiu pragnie podzi\u0119kowa\u0107 za wsp\u00f3lny rok pracy na rzecz osiedla oraz \u017cyczy\u0107 wszystkim jego mieszka\u0144com i przyjacio\u0142om samych sukces\u00f3w w Nowym Roku!&nbsp;<\/strong><\/p>\n<p>&nbsp;<\/p>\n","protected":false},"excerpt":{"rendered":"<p>Zbli\u017caj\u0105cy si\u0119 koniec roku to czas sprzyjaj\u0105cy podsumowaniom i refleksjom. Pod\u0105\u017caj\u0105c z tych duchem Rada Osiedla Gaj podsumowa\u0142a rok 2015. Jaki by\u0142 mijaj\u0105cy rok dla osiedla? Co uda\u0142o si\u0119 zmieni\u0107, a na co Gaj b\u0119dzie musia\u0142 jeszcze poczeka\u0107? O tym wszystkim dowiecie si\u0119 z podsumowania rocznej pracy Rady Osiedla Gaj w 2015r. Zapraszamy do lektury!<\/p>\n","protected":false},"author":1,"featured_media":1554,"comment_status":"open","ping_status":"open","sticky":false,"template":"","format":"standard","meta":{"footnotes":""},"categories":[14,12],"tags":[112,592,166,588,589,593,135,591,590],"class_list":["post-5378","post","type-post","status-publish","format-standard","has-post-thumbnail","hentry","category-aktualnosci","category-artykuly","tag-gaj","tag-gaj-2015","tag-osiedle-gaj","tag-podsumowanie-roku","tag-praca-rady-osiedla","tag-rada-osiedla-2015","tag-rada-osiedla-gaj","tag-rok-2015","tag-sprawozdanie-z-pracy"],"_links":{"self":[{"href":"https:\/\/online.tvk-gaj.pl\/index.php?rest_route=\/wp\/v2\/posts\/5378","targetHints":{"allow":["GET"]}}],"collection":[{"href":"https:\/\/online.tvk-gaj.pl\/index.php?rest_route=\/wp\/v2\/posts"}],"about":[{"href":"https:\/\/online.tvk-gaj.pl\/index.php?rest_route=\/wp\/v2\/types\/post"}],"author":[{"embeddable":true,"href":"https:\/\/online.tvk-gaj.pl\/index.php?rest_route=\/wp\/v2\/users\/1"}],"replies":[{"embeddable":true,"href":"https:\/\/online.tvk-gaj.pl\/index.php?rest_route=%2Fwp%2Fv2%2Fcomments&post=5378"}],"version-history":[{"count":11,"href":"https:\/\/online.tvk-gaj.pl\/index.php?rest_route=\/wp\/v2\/posts\/5378\/revisions"}],"predecessor-version":[{"id":9070,"href":"https:\/\/online.tvk-gaj.pl\/index.php?rest_route=\/wp\/v2\/posts\/5378\/revisions\/9070"}],"wp:featuredmedia":[{"embeddable":true,"href":"https:\/\/online.tvk-gaj.pl\/index.php?rest_route=\/wp\/v2\/media\/1554"}],"wp:attachment":[{"href":"https:\/\/online.tvk-gaj.pl\/index.php?rest_route=%2Fwp%2Fv2%2Fmedia&parent=5378"}],"wp:term":[{"taxonomy":"category","embeddable":true,"href":"https:\/\/online.tvk-gaj.pl\/index.php?rest_route=%2Fwp%2Fv2%2Fcategories&post=5378"},{"taxonomy":"post_tag","embeddable":true,"href":"https:\/\/online.tvk-gaj.pl\/index.php?rest_route=%2Fwp%2Fv2%2Ftags&post=5378"}],"curies":[{"name":"wp","href":"https:\/\/api.w.org\/{rel}","templated":true}]}}