{"id":5393,"date":"2016-01-13T12:40:42","date_gmt":"2016-01-13T11:40:42","guid":{"rendered":"http:\/\/www.tvk-gaj.pl\/~gajonline\/?p=5393"},"modified":"2016-01-13T12:40:42","modified_gmt":"2016-01-13T11:40:42","slug":"warsztaty-artystyczne-w-klubie-seniora-na-gaju","status":"publish","type":"post","link":"https:\/\/online.tvk-gaj.pl\/?p=5393","title":{"rendered":"Warsztaty artystyczne w Klubie Seniora na Gaju"},"content":{"rendered":"<p>W najbli\u017csz\u0105 sobot\u0119, 16 stycznia, w ramach dzia\u0142aj\u0105cego na Gaju Klubu Seniora odb\u0119d\u0105 si\u0119 specjalne warsztaty artystyczne zwi\u0105zane ze zbli\u017caj\u0105cym si\u0119 Dniem Babci i Dziadka.<!--more--><\/p>\n<p>Warsztaty te odb\u0119d\u0105 si\u0119 wyj\u0105tkowo poza Osiedlem &#8211; w Galerii T\u0119tno, ul. Jatki 12\/13 we Wroc\u0142awiu. W planach spotkania przewidziane jest ozdabianie ceramicznych kubk\u00f3w, kt\u00f3re b\u0119dzie mo\u017cna p\u00f3\u017aniej zabra\u0107 do domu.<\/p>\n<p>&nbsp;<\/p>\n<p><a href=\"http:\/\/www.tvk-gaj.pl\/~gajonline\/wp-content\/uploads\/2016\/01\/warsztaty-tetno.jpg\" rel=\"attachment wp-att-5394\"><img loading=\"lazy\" decoding=\"async\" class=\"aligncenter size-large wp-image-5394\" src=\"http:\/\/www.tvk-gaj.pl\/~gajonline\/wp-content\/uploads\/2016\/01\/warsztaty-tetno-724x1024.jpg\" alt=\"warsztaty tetno\" width=\"724\" height=\"1024\" srcset=\"https:\/\/online.tvk-gaj.pl\/wp-content\/uploads\/2016\/01\/warsztaty-tetno-724x1024.jpg 724w, https:\/\/online.tvk-gaj.pl\/wp-content\/uploads\/2016\/01\/warsztaty-tetno-212x300.jpg 212w, https:\/\/online.tvk-gaj.pl\/wp-content\/uploads\/2016\/01\/warsztaty-tetno-768x1086.jpg 768w\" sizes=\"auto, (max-width: 724px) 100vw, 724px\" \/><\/a><\/p>\n<p>&nbsp;<\/p>\n<p>&nbsp;<\/p>\n<p><strong>Serdecznie polecamy i zapraszamy wszystkich senior\u00f3w osiedla do skorzystania z zaproszenia oraz do aktywnego uczestnictwa w \u017cyciu Klubu Seniora!<\/strong><\/p>\n<p>&nbsp;<\/p>\n","protected":false},"excerpt":{"rendered":"<p>W najbli\u017csz\u0105 sobot\u0119, 16 stycznia, w ramach dzia\u0142aj\u0105cego na Gaju Klubu Seniora odb\u0119d\u0105 si\u0119 specjalne warsztaty artystyczne zwi\u0105zane ze zbli\u017caj\u0105cym si\u0119 Dniem Babci i Dziadka.<\/p>\n","protected":false},"author":1,"featured_media":5394,"comment_status":"open","ping_status":"open","sticky":false,"template":"","format":"standard","meta":{"footnotes":""},"categories":[14,441],"tags":[597,596,112,431,421,352,292,152,145,594,595],"class_list":["post-5393","post","type-post","status-publish","format-standard","has-post-thumbnail","hentry","category-aktualnosci","category-klub","tag-dzien-babci","tag-dzien-dziadka","tag-gaj","tag-klub-seniora","tag-klub-seniora-na-gaju","tag-osiedle-2","tag-rada-osiedla-2","tag-seniorzy","tag-spotkanie","tag-warsztaty","tag-zajecia"],"_links":{"self":[{"href":"https:\/\/online.tvk-gaj.pl\/index.php?rest_route=\/wp\/v2\/posts\/5393","targetHints":{"allow":["GET"]}}],"collection":[{"href":"https:\/\/online.tvk-gaj.pl\/index.php?rest_route=\/wp\/v2\/posts"}],"about":[{"href":"https:\/\/online.tvk-gaj.pl\/index.php?rest_route=\/wp\/v2\/types\/post"}],"author":[{"embeddable":true,"href":"https:\/\/online.tvk-gaj.pl\/index.php?rest_route=\/wp\/v2\/users\/1"}],"replies":[{"embeddable":true,"href":"https:\/\/online.tvk-gaj.pl\/index.php?rest_route=%2Fwp%2Fv2%2Fcomments&post=5393"}],"version-history":[{"count":1,"href":"https:\/\/online.tvk-gaj.pl\/index.php?rest_route=\/wp\/v2\/posts\/5393\/revisions"}],"predecessor-version":[{"id":5395,"href":"https:\/\/online.tvk-gaj.pl\/index.php?rest_route=\/wp\/v2\/posts\/5393\/revisions\/5395"}],"wp:featuredmedia":[{"embeddable":true,"href":"https:\/\/online.tvk-gaj.pl\/index.php?rest_route=\/wp\/v2\/media\/5394"}],"wp:attachment":[{"href":"https:\/\/online.tvk-gaj.pl\/index.php?rest_route=%2Fwp%2Fv2%2Fmedia&parent=5393"}],"wp:term":[{"taxonomy":"category","embeddable":true,"href":"https:\/\/online.tvk-gaj.pl\/index.php?rest_route=%2Fwp%2Fv2%2Fcategories&post=5393"},{"taxonomy":"post_tag","embeddable":true,"href":"https:\/\/online.tvk-gaj.pl\/index.php?rest_route=%2Fwp%2Fv2%2Ftags&post=5393"}],"curies":[{"name":"wp","href":"https:\/\/api.w.org\/{rel}","templated":true}]}}