{"id":5396,"date":"2016-01-19T21:17:57","date_gmt":"2016-01-19T20:17:57","guid":{"rendered":"http:\/\/www.tvk-gaj.pl\/~gajonline\/?p=5396"},"modified":"2016-01-20T11:36:15","modified_gmt":"2016-01-20T10:36:15","slug":"ruszyla-budowa-nowej-szkoly-na-gaju","status":"publish","type":"post","link":"https:\/\/online.tvk-gaj.pl\/?p=5396","title":{"rendered":"Ruszy\u0142a budowa nowej szko\u0142y na Gaju"},"content":{"rendered":"<p>Pod koniec ubieg\u0142ego roku miasto rozstrzygn\u0119\u0142o przetarg na budow\u0119 nowej\u00a0szko\u0142y na wroc\u0142awskim Gaju. Zwyci\u0119ska firma Skanska rozpocz\u0119\u0142a ju\u017c pierwsze prace budowlane, kt\u00f3rych efektem ma by\u0107 oddanie we wrze\u015bniu 2017r. Zespo\u0142u Szkolno-Przedszkolnego przy ul. K\u0142odzkiej.<!--more--><\/p>\n<p>&nbsp;<\/p>\n<p>&nbsp;<\/p>\n<p><a href=\"http:\/\/www.tvk-gaj.pl\/~gajonline\/wp-content\/uploads\/2016\/01\/szkola1.png\" rel=\"attachment wp-att-5401\"><img loading=\"lazy\" decoding=\"async\" class=\"aligncenter size-full wp-image-5401\" src=\"http:\/\/www.tvk-gaj.pl\/~gajonline\/wp-content\/uploads\/2016\/01\/szkola1.png\" alt=\"szkola1\" width=\"659\" height=\"285\" srcset=\"https:\/\/online.tvk-gaj.pl\/wp-content\/uploads\/2016\/01\/szkola1.png 659w, https:\/\/online.tvk-gaj.pl\/wp-content\/uploads\/2016\/01\/szkola1-300x130.png 300w\" sizes=\"auto, (max-width: 659px) 100vw, 659px\" \/><\/a><\/p>\n<p>&nbsp;<\/p>\n<p>15 pa\u017adziernika 2015r. Zarz\u0105d Inwestycji Miejskich poinformowa\u0142, \u017ce firma Skanska wygra\u0142a w miejskim przetarg na wykonawc\u0119 budowy Zespo\u0142u Szkolno-Przedszkolnego zlokalizowanego w po\u0142udniowej cz\u0119\u015bci osiedla Gaj, przy ul. K\u0142odzkiej.\u00a0<a href=\"http:\/\/www.tvk-gaj.pl\/~gajonline\/wp-content\/uploads\/2016\/01\/Zrzut-ekranu-2016-01-19-o-20.18.59_1.png\" rel=\"attachment wp-att-5398\"><img loading=\"lazy\" decoding=\"async\" class=\"aligncenter size-full wp-image-5398\" src=\"http:\/\/www.tvk-gaj.pl\/~gajonline\/wp-content\/uploads\/2016\/01\/Zrzut-ekranu-2016-01-19-o-20.18.59_1.png\" alt=\"Zrzut ekranu 2016-01-19 o 20.18.59_1\" width=\"625\" height=\"590\" srcset=\"https:\/\/online.tvk-gaj.pl\/wp-content\/uploads\/2016\/01\/Zrzut-ekranu-2016-01-19-o-20.18.59_1.png 625w, https:\/\/online.tvk-gaj.pl\/wp-content\/uploads\/2016\/01\/Zrzut-ekranu-2016-01-19-o-20.18.59_1-300x283.png 300w\" sizes=\"auto, (max-width: 625px) 100vw, 625px\" \/><\/a><\/p>\n<p>&nbsp;<\/p>\n<p>Koszt budowy szko\u0142y wraz z cz\u0119\u015bci\u0105 sportowo-rekreacyjn\u0105 oszacowano na blisko 32mln z\u0142otych.<\/p>\n<p>&nbsp;<\/p>\n<blockquote><p>W ramach inwestycji, opracowanej projektowo przez konsorcjum DTK Studio \/ JDM \/ S.A. A++, na Gaju powstanie nowoczesny kompleks, sk\u0142adaj\u0105cy si\u0119 ze szko\u0142y podstawowej, przedszkola oraz hali sportowej o \u0142\u0105cznej powierzchni ca\u0142kowitej blisko 10 tys. m<sup>2<\/sup>.<\/p><\/blockquote>\n<p>&nbsp;<\/p>\n<p><a href=\"http:\/\/www.tvk-gaj.pl\/~gajonline\/wp-content\/uploads\/2016\/01\/55d7717ed2164_osize969x565q71h105f59-1.jpg\" rel=\"attachment wp-att-5400\"><img loading=\"lazy\" decoding=\"async\" class=\"aligncenter size-full wp-image-5400\" src=\"http:\/\/www.tvk-gaj.pl\/~gajonline\/wp-content\/uploads\/2016\/01\/55d7717ed2164_osize969x565q71h105f59-1.jpg\" alt=\"55d7717ed2164_o,size,969x565,q,71,h,105f59\" width=\"969\" height=\"565\" srcset=\"https:\/\/online.tvk-gaj.pl\/wp-content\/uploads\/2016\/01\/55d7717ed2164_osize969x565q71h105f59-1.jpg 969w, https:\/\/online.tvk-gaj.pl\/wp-content\/uploads\/2016\/01\/55d7717ed2164_osize969x565q71h105f59-1-300x175.jpg 300w, https:\/\/online.tvk-gaj.pl\/wp-content\/uploads\/2016\/01\/55d7717ed2164_osize969x565q71h105f59-1-768x448.jpg 768w\" sizes=\"auto, (max-width: 969px) 100vw, 969px\" \/><\/a><\/p>\n<p>&nbsp;<\/p>\n<p>W plac\u00f3wce znale\u017a\u0107 si\u0119 ma miejsce dla 200 przedszkolak\u00f3w i 750 dla uczni\u00f3w.<\/p>\n<p>&nbsp;<\/p>\n<p><a href=\"http:\/\/www.tvk-gaj.pl\/~gajonline\/wp-content\/uploads\/2016\/01\/szkola2.png\" rel=\"attachment wp-att-5402\"><img loading=\"lazy\" decoding=\"async\" class=\"aligncenter size-full wp-image-5402\" src=\"http:\/\/www.tvk-gaj.pl\/~gajonline\/wp-content\/uploads\/2016\/01\/szkola2.png\" alt=\"szkola2\" width=\"659\" height=\"322\" srcset=\"https:\/\/online.tvk-gaj.pl\/wp-content\/uploads\/2016\/01\/szkola2.png 659w, https:\/\/online.tvk-gaj.pl\/wp-content\/uploads\/2016\/01\/szkola2-300x147.png 300w\" sizes=\"auto, (max-width: 659px) 100vw, 659px\" \/><\/a><\/p>\n<p>&nbsp;<\/p>\n<p>W planach architektonicznych przewidziano 22 nowoczesne i przyjazne dzieciom sale lekcyjne, 3 pracownie komputerowe, 2 pracownie przyrodnicze oraz specjalnie wyposa\u017cone sale j\u0119zykowe. Przy szkole powsta\u0107 ma nowoczesne, wielofunkcyjne boisko sportowe.<\/p>\n<p>&nbsp;<\/p>\n<p>Budowa drugiej na Gaju szko\u0142y podstawowej oraz trzeciego przedszkola powinna ucieszy\u0107 mieszka\u0144c\u00f3w po\u0142udniowej cz\u0119\u015bci osiedla. Do tej pory musieli dowozi\u0107 dzieci do plac\u00f3wek przy ul. Borowskiej, Bardzkiej i Orzechowej.<\/p>\n<p>&nbsp;<\/p>\n<p>W\u015br\u00f3d mieszka\u0144c\u00f3w budynk\u00f3w, kt\u00f3re b\u0119d\u0105 s\u0105siadowa\u0107 ze szko\u0142\u0105 opinie s\u0105 podzielone. Cze\u015b\u0107 cieszy si\u0119, \u017ce dziki teren wzd\u0142u\u017c nasypu kolejowego oddzielaj\u0105cego Gaj od Wojszyc zostanie zagospodarowany oraz wyposa\u017cony w infrastruktur\u0119 sportowo-rekreacyjn\u0105. Inni za\u015b twierdz\u0105, \u017ce nikt z nimi nie konsultowa\u0142 inwestycji oraz \u017ce miejscowy plan zagospodarowania nie przywidywa\u0142 m.in. dr\u00f3g dojazdowych dla samochod\u00f3w.<\/p>\n<p>&nbsp;<\/p>\n<p>Tymczasem rozpocz\u0119\u0142y si\u0119 pierwsze prace budowlane zwi\u0105zane z inwestycj\u0105. Wykonawca od momentu og\u0142oszenia wynik\u00f3w przetargu ma 20 miesi\u0119cy na oddanie gotowego obiektu. Planem magistratu jest otwarcie szko\u0142y 1 wrze\u015bnia 2017r.<\/p>\n<p>&nbsp;<\/p>\n<div id=\"attachment_5403\" style=\"width: 848px\" class=\"wp-caption aligncenter\"><a href=\"http:\/\/www.tvk-gaj.pl\/~gajonline\/wp-content\/uploads\/2016\/01\/DSC_0030_1500x.jpg\" rel=\"attachment wp-att-5403\"><img loading=\"lazy\" decoding=\"async\" aria-describedby=\"caption-attachment-5403\" class=\"wp-image-5403 size-large\" src=\"http:\/\/www.tvk-gaj.pl\/~gajonline\/wp-content\/uploads\/2016\/01\/DSC_0030_1500x-1024x683.jpg\" alt=\"DSC_0030_1500x\" width=\"838\" height=\"559\" srcset=\"https:\/\/online.tvk-gaj.pl\/wp-content\/uploads\/2016\/01\/DSC_0030_1500x-1024x683.jpg 1024w, https:\/\/online.tvk-gaj.pl\/wp-content\/uploads\/2016\/01\/DSC_0030_1500x-300x200.jpg 300w, https:\/\/online.tvk-gaj.pl\/wp-content\/uploads\/2016\/01\/DSC_0030_1500x-768x512.jpg 768w, https:\/\/online.tvk-gaj.pl\/wp-content\/uploads\/2016\/01\/DSC_0030_1500x-321x214.jpg 321w, https:\/\/online.tvk-gaj.pl\/wp-content\/uploads\/2016\/01\/DSC_0030_1500x-140x94.jpg 140w, https:\/\/online.tvk-gaj.pl\/wp-content\/uploads\/2016\/01\/DSC_0030_1500x.jpg 1500w\" sizes=\"auto, (max-width: 838px) 100vw, 838px\" \/><\/a><p id=\"caption-attachment-5403\" class=\"wp-caption-text\">(zdj\u0119cie autorstw u\u017cytkownika WroFantyk &#8211; \u017ar\u00f3d\u0142o: investmap.pl)<\/p><\/div>\n<p>&nbsp;<\/p>\n<p>Jakie jest Wasze zdanie na temat inwestycji? Zach\u0119camy do komentowania i dyskusji!<\/p>\n<p>&nbsp;<\/p>\n","protected":false},"excerpt":{"rendered":"<p>Pod koniec ubieg\u0142ego roku miasto rozstrzygn\u0119\u0142o przetarg na budow\u0119 nowej\u00a0szko\u0142y na wroc\u0142awskim Gaju. Zwyci\u0119ska firma Skanska rozpocz\u0119\u0142a ju\u017c pierwsze prace budowlane, kt\u00f3rych efektem ma by\u0107 oddanie we wrze\u015bniu 2017r. Zespo\u0142u Szkolno-Przedszkolnego przy ul. K\u0142odzkiej.<\/p>\n","protected":false},"author":1,"featured_media":5397,"comment_status":"open","ping_status":"open","sticky":false,"template":"","format":"standard","meta":{"footnotes":""},"categories":[14,12],"tags":[598,600,112,235,176,135,273,234,599],"class_list":["post-5396","post","type-post","status-publish","format-standard","has-post-thumbnail","hentry","category-aktualnosci","category-artykuly","tag-budowa-szkoly","tag-budowa-szkoly-na-gaju","tag-gaj","tag-klodzka","tag-przedszkole","tag-rada-osiedla-gaj","tag-szkola","tag-szkola-podstawowa","tag-zespol-szkolno-przedszkolny"],"_links":{"self":[{"href":"https:\/\/online.tvk-gaj.pl\/index.php?rest_route=\/wp\/v2\/posts\/5396","targetHints":{"allow":["GET"]}}],"collection":[{"href":"https:\/\/online.tvk-gaj.pl\/index.php?rest_route=\/wp\/v2\/posts"}],"about":[{"href":"https:\/\/online.tvk-gaj.pl\/index.php?rest_route=\/wp\/v2\/types\/post"}],"author":[{"embeddable":true,"href":"https:\/\/online.tvk-gaj.pl\/index.php?rest_route=\/wp\/v2\/users\/1"}],"replies":[{"embeddable":true,"href":"https:\/\/online.tvk-gaj.pl\/index.php?rest_route=%2Fwp%2Fv2%2Fcomments&post=5396"}],"version-history":[{"count":11,"href":"https:\/\/online.tvk-gaj.pl\/index.php?rest_route=\/wp\/v2\/posts\/5396\/revisions"}],"predecessor-version":[{"id":5413,"href":"https:\/\/online.tvk-gaj.pl\/index.php?rest_route=\/wp\/v2\/posts\/5396\/revisions\/5413"}],"wp:featuredmedia":[{"embeddable":true,"href":"https:\/\/online.tvk-gaj.pl\/index.php?rest_route=\/wp\/v2\/media\/5397"}],"wp:attachment":[{"href":"https:\/\/online.tvk-gaj.pl\/index.php?rest_route=%2Fwp%2Fv2%2Fmedia&parent=5396"}],"wp:term":[{"taxonomy":"category","embeddable":true,"href":"https:\/\/online.tvk-gaj.pl\/index.php?rest_route=%2Fwp%2Fv2%2Fcategories&post=5396"},{"taxonomy":"post_tag","embeddable":true,"href":"https:\/\/online.tvk-gaj.pl\/index.php?rest_route=%2Fwp%2Fv2%2Ftags&post=5396"}],"curies":[{"name":"wp","href":"https:\/\/api.w.org\/{rel}","templated":true}]}}