{"id":5425,"date":"2016-03-04T08:47:39","date_gmt":"2016-03-04T07:47:39","guid":{"rendered":"http:\/\/www.tvk-gaj.pl\/~gajonline\/?p=5425"},"modified":"2016-03-04T08:48:54","modified_gmt":"2016-03-04T07:48:54","slug":"akcja-promocji-zdrowia-w-ferio-gaj","status":"publish","type":"post","link":"https:\/\/online.tvk-gaj.pl\/?p=5425","title":{"rendered":"Akcja promocji zdrowia w Ferio Gaj"},"content":{"rendered":"<p>W najbli\u017cszy weekend, w dniach 4-6 marca, w Centrum Handlowym Ferio Gaj przy ul. \u015awieradowskiej odb\u0119dzie si\u0119 Akcja Promocji Zdrowia.\u00a0Wydarzenie ma charakter informacyjno \u2013 profilaktyczny i jest ca\u0142kowicie bezp\u0142atne dla wszystkich, kt\u00f3rzy chc\u0105 zosta\u0107 przebadani lub zasi\u0119gn\u0105\u0107 porady u specjalist\u00f3w.\u00a0<!--more--><\/p>\n<p>&nbsp;<\/p>\n<p><strong><u>Akcja Promocji Zdrowia w FERIO Gaj we Wroc\u0142awiu!<\/u><\/strong><\/p>\n<p>&nbsp;<\/p>\n<p><strong><u><a href=\"http:\/\/www.tvk-gaj.pl\/~gajonline\/wp-content\/uploads\/2016\/03\/Bezpl_badania_med_FG_4_6_marca.jpg\" rel=\"attachment wp-att-5426\"><img loading=\"lazy\" decoding=\"async\" class=\"aligncenter size-large wp-image-5426\" src=\"http:\/\/www.tvk-gaj.pl\/~gajonline\/wp-content\/uploads\/2016\/03\/Bezpl_badania_med_FG_4_6_marca-722x1024.jpg\" alt=\"Bezpl_badania_med_FG_4_6_marca\" width=\"722\" height=\"1024\" srcset=\"https:\/\/online.tvk-gaj.pl\/wp-content\/uploads\/2016\/03\/Bezpl_badania_med_FG_4_6_marca-722x1024.jpg 722w, https:\/\/online.tvk-gaj.pl\/wp-content\/uploads\/2016\/03\/Bezpl_badania_med_FG_4_6_marca-211x300.jpg 211w, https:\/\/online.tvk-gaj.pl\/wp-content\/uploads\/2016\/03\/Bezpl_badania_med_FG_4_6_marca-768x1090.jpg 768w, https:\/\/online.tvk-gaj.pl\/wp-content\/uploads\/2016\/03\/Bezpl_badania_med_FG_4_6_marca.jpg 916w\" sizes=\"auto, (max-width: 722px) 100vw, 722px\" \/><\/a><\/u><\/strong><u><\/u><\/p>\n<p>&nbsp;<\/p>\n<p>Profilaktyka zdrowotna to podstawa, dlatego zapraszamy w najbli\u017cszy weekend (4 \u2013 6 marca) do Centrum Handlowego FERIO \u00a0Gaj \u00a0we Wroc\u0142awiu na Akcj\u0119 Promocji Zdrowia! Wydarzenie ma charakter informacyjno \u2013 profilaktyczny i jest ca\u0142kowicie bezp\u0142atne dla wszystkich, kt\u00f3rzy chc\u0105 zosta\u0107 przebadani lub zasi\u0119gn\u0105\u0107 porady u specjalist\u00f3w. Organizatorem akcji jest Centrum Medyczne Synexus.<\/p>\n<p>Na terenie FERIO Gaj dzia\u0142a\u0107 b\u0119dzie stoisko medyczne, na kt\u00f3rym b\u0119d\u0105 przeprowadzane bezp\u0142atne badania i konsultacje, m.in.: podstawowe badania (ci\u015bnienie, glukoza, pomiar BMI, tkanki t\u0142uszczowej, metabolizmu spoczynkowego), a w sobot\u0119 i niedziel\u0119 dodatkowo PEF (pomiar szczytowego przep\u0142ywy wydechowego) oraz pomiar cukru.<\/p>\n<p>&nbsp;<\/p>\n<p><strong>FERIO Gaj zaprasza na Akcj\u0119 Promocji Zdrowia, w dniach 4-6 marca, pi\u0105tek w godz. 10:00-18:00, w sobot\u0119 w godz. 12:00-18:00 oraz niedziel\u0119 w godz. 10:00-17:00.<\/strong><\/p>\n<p>&nbsp;<\/p>\n<p>&nbsp;<\/p>\n<p>&nbsp;<\/p>\n<p>&nbsp;<\/p>\n<p><em>Informacja prasowa pochodzi od Centrum Handlowego Ferio Gaj i ma charakter wy\u0142\u0105cznie informacyjny.\u00a0<\/em><\/p>\n<p>&nbsp;<\/p>\n","protected":false},"excerpt":{"rendered":"<p>W najbli\u017cszy weekend, w dniach 4-6 marca, w Centrum Handlowym Ferio Gaj przy ul. \u015awieradowskiej odb\u0119dzie si\u0119 Akcja Promocji Zdrowia.\u00a0Wydarzenie ma charakter informacyjno \u2013 profilaktyczny i jest ca\u0142kowicie bezp\u0142atne dla wszystkich, kt\u00f3rzy chc\u0105 zosta\u0107 przebadani lub zasi\u0119gn\u0105\u0107 porady u specjalist\u00f3w.\u00a0<\/p>\n","protected":false},"author":1,"featured_media":5426,"comment_status":"open","ping_status":"open","sticky":false,"template":"","format":"standard","meta":{"footnotes":""},"categories":[14],"tags":[607,212,131,112,608,135,117],"class_list":["post-5425","post","type-post","status-publish","format-standard","has-post-thumbnail","hentry","category-aktualnosci","tag-akcja-promocji-zdrowia","tag-centrum-handlowe-ferio-gaj","tag-ferio-gaj","tag-gaj","tag-promocja-zdrowia","tag-rada-osiedla-gaj","tag-swieradowska"],"_links":{"self":[{"href":"https:\/\/online.tvk-gaj.pl\/index.php?rest_route=\/wp\/v2\/posts\/5425","targetHints":{"allow":["GET"]}}],"collection":[{"href":"https:\/\/online.tvk-gaj.pl\/index.php?rest_route=\/wp\/v2\/posts"}],"about":[{"href":"https:\/\/online.tvk-gaj.pl\/index.php?rest_route=\/wp\/v2\/types\/post"}],"author":[{"embeddable":true,"href":"https:\/\/online.tvk-gaj.pl\/index.php?rest_route=\/wp\/v2\/users\/1"}],"replies":[{"embeddable":true,"href":"https:\/\/online.tvk-gaj.pl\/index.php?rest_route=%2Fwp%2Fv2%2Fcomments&post=5425"}],"version-history":[{"count":3,"href":"https:\/\/online.tvk-gaj.pl\/index.php?rest_route=\/wp\/v2\/posts\/5425\/revisions"}],"predecessor-version":[{"id":5429,"href":"https:\/\/online.tvk-gaj.pl\/index.php?rest_route=\/wp\/v2\/posts\/5425\/revisions\/5429"}],"wp:featuredmedia":[{"embeddable":true,"href":"https:\/\/online.tvk-gaj.pl\/index.php?rest_route=\/wp\/v2\/media\/5426"}],"wp:attachment":[{"href":"https:\/\/online.tvk-gaj.pl\/index.php?rest_route=%2Fwp%2Fv2%2Fmedia&parent=5425"}],"wp:term":[{"taxonomy":"category","embeddable":true,"href":"https:\/\/online.tvk-gaj.pl\/index.php?rest_route=%2Fwp%2Fv2%2Fcategories&post=5425"},{"taxonomy":"post_tag","embeddable":true,"href":"https:\/\/online.tvk-gaj.pl\/index.php?rest_route=%2Fwp%2Fv2%2Ftags&post=5425"}],"curies":[{"name":"wp","href":"https:\/\/api.w.org\/{rel}","templated":true}]}}