{"id":5430,"date":"2016-03-07T20:29:29","date_gmt":"2016-03-07T19:29:29","guid":{"rendered":"http:\/\/www.tvk-gaj.pl\/~gajonline\/?p=5430"},"modified":"2016-03-07T20:29:29","modified_gmt":"2016-03-07T19:29:29","slug":"plan-spotkan-klubu-seniora-na-marzec","status":"publish","type":"post","link":"https:\/\/online.tvk-gaj.pl\/?p=5430","title":{"rendered":"Plan spotka\u0144 Klubu Seniora na marzec"},"content":{"rendered":"<p>Serdecznie zapraszamy wszystkich senior\u00f3w osiedla do Klubu Seniora dzia\u0142aj\u0105cego przy Radzie Osiedla Gaj! Prezentujemy plan spotka\u0144 na marzec.<!--more--><span id=\"more-5144\"><\/span><\/p>\n<p>Prze\u0142om zimy i wiosny w Klubie Seniora na Gaju to bogat\u0105 oferta zaj\u0119\u0107 i wydarze\u0144. W programie na marzec s\u0105\u00a0m.in. gimnastyka, warsztaty r\u0119kodzielnicze po\u015bwi\u0119cone tworzeniu kartek wielkanocnych, wyj\u015bcie na wystaw\u0119.<\/p>\n<p>&nbsp;<\/p>\n<p><a href=\"http:\/\/www.tvk-gaj.pl\/~gajonline\/wp-content\/uploads\/2016\/03\/plakat-I-HARMONOGRAM-NA-marzec.jpg\" rel=\"attachment wp-att-5431\"><img loading=\"lazy\" decoding=\"async\" class=\"aligncenter size-large wp-image-5431\" src=\"http:\/\/www.tvk-gaj.pl\/~gajonline\/wp-content\/uploads\/2016\/03\/plakat-I-HARMONOGRAM-NA-marzec-724x1024.jpg\" alt=\"plakat I HARMONOGRAM NA marzec\" width=\"724\" height=\"1024\" srcset=\"https:\/\/online.tvk-gaj.pl\/wp-content\/uploads\/2016\/03\/plakat-I-HARMONOGRAM-NA-marzec-724x1024.jpg 724w, https:\/\/online.tvk-gaj.pl\/wp-content\/uploads\/2016\/03\/plakat-I-HARMONOGRAM-NA-marzec-212x300.jpg 212w, https:\/\/online.tvk-gaj.pl\/wp-content\/uploads\/2016\/03\/plakat-I-HARMONOGRAM-NA-marzec-768x1086.jpg 768w\" sizes=\"auto, (max-width: 724px) 100vw, 724px\" \/><\/a><\/p>\n<p>&nbsp;<\/p>\n<p><strong>Spotkania odbywaj\u0105 si\u0119 w Szkole Podstawowej Nr 90 przy ul. Orzechowej 62 w sali nr 5 w ka\u017cdy czwartek od godziny 17:00 do godziny 19:00!\u00a0<\/strong><\/p>\n<p>&nbsp;<\/p>\n","protected":false},"excerpt":{"rendered":"<p>Serdecznie zapraszamy wszystkich senior\u00f3w osiedla do Klubu Seniora dzia\u0142aj\u0105cego przy Radzie Osiedla Gaj! Prezentujemy plan spotka\u0144 na marzec.<\/p>\n","protected":false},"author":1,"featured_media":3981,"comment_status":"open","ping_status":"open","sticky":false,"template":"","format":"standard","meta":{"footnotes":""},"categories":[14,441],"tags":[112,431,421,352,609,135,152],"class_list":["post-5430","post","type-post","status-publish","format-standard","has-post-thumbnail","hentry","category-aktualnosci","category-klub","tag-gaj","tag-klub-seniora","tag-klub-seniora-na-gaju","tag-osiedle-2","tag-rada","tag-rada-osiedla-gaj","tag-seniorzy"],"_links":{"self":[{"href":"https:\/\/online.tvk-gaj.pl\/index.php?rest_route=\/wp\/v2\/posts\/5430","targetHints":{"allow":["GET"]}}],"collection":[{"href":"https:\/\/online.tvk-gaj.pl\/index.php?rest_route=\/wp\/v2\/posts"}],"about":[{"href":"https:\/\/online.tvk-gaj.pl\/index.php?rest_route=\/wp\/v2\/types\/post"}],"author":[{"embeddable":true,"href":"https:\/\/online.tvk-gaj.pl\/index.php?rest_route=\/wp\/v2\/users\/1"}],"replies":[{"embeddable":true,"href":"https:\/\/online.tvk-gaj.pl\/index.php?rest_route=%2Fwp%2Fv2%2Fcomments&post=5430"}],"version-history":[{"count":1,"href":"https:\/\/online.tvk-gaj.pl\/index.php?rest_route=\/wp\/v2\/posts\/5430\/revisions"}],"predecessor-version":[{"id":5432,"href":"https:\/\/online.tvk-gaj.pl\/index.php?rest_route=\/wp\/v2\/posts\/5430\/revisions\/5432"}],"wp:featuredmedia":[{"embeddable":true,"href":"https:\/\/online.tvk-gaj.pl\/index.php?rest_route=\/wp\/v2\/media\/3981"}],"wp:attachment":[{"href":"https:\/\/online.tvk-gaj.pl\/index.php?rest_route=%2Fwp%2Fv2%2Fmedia&parent=5430"}],"wp:term":[{"taxonomy":"category","embeddable":true,"href":"https:\/\/online.tvk-gaj.pl\/index.php?rest_route=%2Fwp%2Fv2%2Fcategories&post=5430"},{"taxonomy":"post_tag","embeddable":true,"href":"https:\/\/online.tvk-gaj.pl\/index.php?rest_route=%2Fwp%2Fv2%2Ftags&post=5430"}],"curies":[{"name":"wp","href":"https:\/\/api.w.org\/{rel}","templated":true}]}}