{"id":5433,"date":"2016-03-08T22:14:20","date_gmt":"2016-03-08T21:14:20","guid":{"rendered":"http:\/\/www.tvk-gaj.pl\/~gajonline\/?p=5433"},"modified":"2016-05-03T23:03:31","modified_gmt":"2016-05-03T21:03:31","slug":"odszedl-najstarszy-wroclawski-kaplan","status":"publish","type":"post","link":"https:\/\/online.tvk-gaj.pl\/?p=5433","title":{"rendered":"Odszed\u0142 najstarszy wroc\u0142awski kap\u0142an"},"content":{"rendered":"<p>W niedziel\u0119, 6 marca, w wieku 104 lat zmar\u0142 najstarszy wroc\u0142awski kap\u0142an &#8211; ks. Franciszek Rozw\u00f3d. Ksi\u0105dz Kanonik Franciszek od lat zwi\u0105zany by\u0142 blisko z Gajem &#8211; z parafi\u0105 \u015aw. Franciszka z Asy\u017cu z ul. Borowskiej.\u00a0<!--more--><\/p>\n<p>&nbsp;<\/p>\n<p><a href=\"http:\/\/www.tvk-gaj.pl\/~gajonline\/wp-content\/uploads\/2016\/03\/12802982_958238914256454_1140647743889295935_n.jpg\" rel=\"attachment wp-att-5435\"><img loading=\"lazy\" decoding=\"async\" class=\"aligncenter size-full wp-image-5435\" src=\"http:\/\/www.tvk-gaj.pl\/~gajonline\/wp-content\/uploads\/2016\/03\/12802982_958238914256454_1140647743889295935_n.jpg\" alt=\"12802982_958238914256454_1140647743889295935_n\" width=\"640\" height=\"452\" srcset=\"https:\/\/online.tvk-gaj.pl\/wp-content\/uploads\/2016\/03\/12802982_958238914256454_1140647743889295935_n.jpg 640w, https:\/\/online.tvk-gaj.pl\/wp-content\/uploads\/2016\/03\/12802982_958238914256454_1140647743889295935_n-300x212.jpg 300w\" sizes=\"auto, (max-width: 640px) 100vw, 640px\" \/><\/a><\/p>\n<p>&nbsp;<\/p>\n<p>Ks. kanonik Franciszek Rozw\u00f3d by\u0142 niezwyk\u0142\u0105 osob\u0105 silnie zwi\u0105zan\u0105 z Osiedlem Gaj. Przez lata pos\u0142ugiwa\u0142 w Ko\u015bciele pw. \u015awi\u0119tego Franciszka z Asy\u017cu. Odprawia\u0142 msze, spowiada\u0142, koncelebrowa\u0142 &#8211; pytany o przepis na tak d\u0142ugie \u017cycie \u017cartowa\u0142, \u017ce on go nie ma. \u00a0Wielu mieszka\u0144c\u00f3w kojarzy go z konfesjona\u0142u, gdzie cz\u0119sto pojawia\u0142 si\u0119 jako spowiednik.<\/p>\n<p>Ksi\u0105dz Rozw\u00f3d urodzi\u0142 si\u0119 10 pa\u017adziernika 1911r. w okolicach Lwowa. \u015awi\u0119cenia kap\u0142a\u0144skie przyj\u0105\u0142 w 1937r. W tym roku przypada\u0142o 79 lat jego pos\u0142ugi kap\u0142a\u0144skiej.<\/p>\n<p>Od wielu lat Ksi\u0105dz Kanonik mieszka\u0142 w Domu Ksi\u0119\u017cy Emeryt\u00f3w na Ostrowie Tumskim we Wroc\u0142awiu. To stamt\u0105d doje\u017cd\u017ca\u0142 autobusem na Gaj, aby pomaga\u0107 w pos\u0142udze w parafii \u015aw. Franciszka.<\/p>\n<p>W zesz\u0142ym roku, po ci\u0119\u017ckiej chorobie, ograniczy\u0142 swoj\u0105 aktywno\u015b\u0107 kap\u0142a\u0144sk\u0105.<\/p>\n<p>&nbsp;<\/p>\n<p><a href=\"http:\/\/www.tvk-gaj.pl\/~gajonline\/wp-content\/uploads\/2016\/03\/ksrozwod.jpg\" rel=\"attachment wp-att-5434\"><img loading=\"lazy\" decoding=\"async\" class=\"aligncenter size-full wp-image-5434\" src=\"http:\/\/www.tvk-gaj.pl\/~gajonline\/wp-content\/uploads\/2016\/03\/ksrozwod.jpg\" alt=\"ksrozwod\" width=\"650\" height=\"447\" srcset=\"https:\/\/online.tvk-gaj.pl\/wp-content\/uploads\/2016\/03\/ksrozwod.jpg 650w, https:\/\/online.tvk-gaj.pl\/wp-content\/uploads\/2016\/03\/ksrozwod-300x206.jpg 300w\" sizes=\"auto, (max-width: 650px) 100vw, 650px\" \/><\/a><\/p>\n<p>&nbsp;<\/p>\n<p>9 marca o godz. 18 odb\u0119dzie si\u0119 eksporta cia\u0142a do parafii pw. \u015bw. Franciszka z Asy\u017cu, po czym celebrowana b\u0119dzie Msza \u015bw. pod przewodnictwem bp. Andrzeja Siemieniewskiego.<\/p>\n<p>Msza \u015bw. pogrzebowa b\u0119dzie celebrowana 10 marca o godz. 11 w katedrze wroc\u0142awskiej. Przewodniczy\u0142 jej b\u0119dzie abp J\u00f3zef Kupny, metropolita wroc\u0142awski. Bezpo\u015brednio po Eucharystii nast\u0105pi przewiezienie trumny na cmentarz parafii pw. Ducha \u015awi\u0119tego przy ul. Bardzkiej, gdzie nast\u0105pi z\u0142o\u017cenie cia\u0142a do grobu.<\/p>\n<p>&nbsp;<\/p>\n<p>&nbsp;<\/p>\n","protected":false},"excerpt":{"rendered":"<p>W niedziel\u0119, 6 marca, w wieku 104 lat zmar\u0142 najstarszy wroc\u0142awski kap\u0142an &#8211; ks. Franciszek Rozw\u00f3d. Ksi\u0105dz Kanonik Franciszek od lat zwi\u0105zany by\u0142 blisko z Gajem &#8211; z parafi\u0105 \u015aw. Franciszka z Asy\u017cu z ul. Borowskiej.\u00a0<\/p>\n","protected":false},"author":1,"featured_media":5434,"comment_status":"open","ping_status":"open","sticky":false,"template":"","format":"standard","meta":{"footnotes":""},"categories":[14],"tags":[113,112,438,610,611,290,194],"class_list":["post-5433","post","type-post","status-publish","format-standard","has-post-thumbnail","hentry","category-aktualnosci","tag-borowska","tag-gaj","tag-kosciol","tag-ks-franciszek-rozwod","tag-ksiadz","tag-parafia-sw-franciszka","tag-parafia-sw-franciszka-z-asyzu"],"_links":{"self":[{"href":"https:\/\/online.tvk-gaj.pl\/index.php?rest_route=\/wp\/v2\/posts\/5433","targetHints":{"allow":["GET"]}}],"collection":[{"href":"https:\/\/online.tvk-gaj.pl\/index.php?rest_route=\/wp\/v2\/posts"}],"about":[{"href":"https:\/\/online.tvk-gaj.pl\/index.php?rest_route=\/wp\/v2\/types\/post"}],"author":[{"embeddable":true,"href":"https:\/\/online.tvk-gaj.pl\/index.php?rest_route=\/wp\/v2\/users\/1"}],"replies":[{"embeddable":true,"href":"https:\/\/online.tvk-gaj.pl\/index.php?rest_route=%2Fwp%2Fv2%2Fcomments&post=5433"}],"version-history":[{"count":2,"href":"https:\/\/online.tvk-gaj.pl\/index.php?rest_route=\/wp\/v2\/posts\/5433\/revisions"}],"predecessor-version":[{"id":5437,"href":"https:\/\/online.tvk-gaj.pl\/index.php?rest_route=\/wp\/v2\/posts\/5433\/revisions\/5437"}],"wp:featuredmedia":[{"embeddable":true,"href":"https:\/\/online.tvk-gaj.pl\/index.php?rest_route=\/wp\/v2\/media\/5434"}],"wp:attachment":[{"href":"https:\/\/online.tvk-gaj.pl\/index.php?rest_route=%2Fwp%2Fv2%2Fmedia&parent=5433"}],"wp:term":[{"taxonomy":"category","embeddable":true,"href":"https:\/\/online.tvk-gaj.pl\/index.php?rest_route=%2Fwp%2Fv2%2Fcategories&post=5433"},{"taxonomy":"post_tag","embeddable":true,"href":"https:\/\/online.tvk-gaj.pl\/index.php?rest_route=%2Fwp%2Fv2%2Ftags&post=5433"}],"curies":[{"name":"wp","href":"https:\/\/api.w.org\/{rel}","templated":true}]}}