{"id":551,"date":"2013-01-22T14:16:11","date_gmt":"2013-01-22T13:16:11","guid":{"rendered":"http:\/\/www.gaj-osiedle.wroclaw.pl\/?p=551"},"modified":"2013-01-22T14:17:14","modified_gmt":"2013-01-22T13:17:14","slug":"spotkanie-noworoczne-rady-osiedla-gaj-ze-sponsorami-ro","status":"publish","type":"post","link":"https:\/\/online.tvk-gaj.pl\/?p=551","title":{"rendered":"Spotkanie noworoczne Rady Osiedla Gaj ze sponsorami RO"},"content":{"rendered":"<p>W miniony pi\u0105tek, 18 stycznia, w siedzibie Rady Osiedla Gaj przy ul. Krynickiej 80 odby\u0142o si\u0119 \u00a0spotkanie noworoczne z przyjaci\u00f3\u0142mi i sponsorami Rady Osiedla.<!--more--><\/p>\n<p>W\u015br\u00f3d naszych znamienitych uczestnik\u00f3w spotkania pojawili si\u0119 m.in.:<\/p>\n<p>-Dyrekcja Centrum Handlowego &#8222;Gaj&#8221; z ul. \u015awieradowskiej<br \/>\n-Radna Rady Miejskiej Wroc\u0142awia Pani Agnieszka Rybczak<br \/>\n-Sklep &#8222;Aga&#8221; z ul. Orzechowej &#8211;<br \/>\n-Sklep &#8222;\u017babka&#8221; z ul. Krynickiej<br \/>\n-Restauracaj MCDonald&#8217;s z ul. Bardzkiej<br \/>\n-Zarz\u0105d Rady Osiedla Gaj<\/p>\n<p>Spotkanie wraz z uroczystym pocz\u0119stunkiem i noworocznym toastem przebieg\u0142o w milej i otwartej atmosferze rozm\u00f3w nie tylko o minionych wydarzeniach na Gaju z roku minionego, ale i o przysz\u0142ych dzia\u0142aniach na rzecz osiedla.<\/p>\n<p>G\u0142os zabrali Przewodnicz\u0105cy Rady Osiedla &#8222;GAJ&#8221; &#8211; Pan Adam Wojtaszewski oraz Przewodnicz\u0105cy Zarz\u0105du Pan Stefan Zydorowicz.<\/p>\n<p>Wyst\u0105pili r\u00f3wnie\u017c go\u015bcie.<\/p>\n<p>Korzystaj\u0105c r\u00f3wnie\u017c z okazji, chcemy wszystkim dobroczy\u0144com, sympatykom i sponsorom Rady Osiedla GAJ \u017cyczy\u0107 znakomitego, pe\u0142nego sukces\u00f3w i rado\u015bci roku 2013. Oby obfitowa\u0142 on w same korzy\u015bci i powodzenia, a tak\u017ce sta\u0142 si\u0119 czasem jeszcze szerzej wsp\u00f3\u0142pracy naszych przyjaci\u00f3\u0142 z RO. Dzi\u0119kujemy za to, \u017ce kolejny rok sp\u0119dzamy razem!<\/p>\n<p>Jest nam niezmiernie mi\u0142o, \u017ce wkracamy razem w Nowy Rok!<\/p>\n<p>Zapraszamy do fotorelacji ze spotkania!<\/p>\n<p>[nggallery id=12]<\/p>\n<p>&nbsp;<\/p>\n","protected":false},"excerpt":{"rendered":"<p>W miniony pi\u0105tek, 18 stycznia, w siedzibie Rady Osiedla Gaj przy ul. Krynickiej 80 odby\u0142o si\u0119 \u00a0spotkanie noworoczne z przyjaci\u00f3\u0142mi i sponsorami Rady Osiedla.<\/p>\n","protected":false},"author":1,"featured_media":552,"comment_status":"open","ping_status":"open","sticky":false,"template":"","format":"standard","meta":{"footnotes":""},"categories":[14,12],"tags":[38],"class_list":["post-551","post","type-post","status-publish","format-standard","has-post-thumbnail","hentry","category-aktualnosci","category-artykuly","tag-spotkanie-noworoczne-rada-osiedla-gaj-sponsorzy"],"_links":{"self":[{"href":"https:\/\/online.tvk-gaj.pl\/index.php?rest_route=\/wp\/v2\/posts\/551","targetHints":{"allow":["GET"]}}],"collection":[{"href":"https:\/\/online.tvk-gaj.pl\/index.php?rest_route=\/wp\/v2\/posts"}],"about":[{"href":"https:\/\/online.tvk-gaj.pl\/index.php?rest_route=\/wp\/v2\/types\/post"}],"author":[{"embeddable":true,"href":"https:\/\/online.tvk-gaj.pl\/index.php?rest_route=\/wp\/v2\/users\/1"}],"replies":[{"embeddable":true,"href":"https:\/\/online.tvk-gaj.pl\/index.php?rest_route=%2Fwp%2Fv2%2Fcomments&post=551"}],"version-history":[{"count":2,"href":"https:\/\/online.tvk-gaj.pl\/index.php?rest_route=\/wp\/v2\/posts\/551\/revisions"}],"predecessor-version":[{"id":554,"href":"https:\/\/online.tvk-gaj.pl\/index.php?rest_route=\/wp\/v2\/posts\/551\/revisions\/554"}],"wp:featuredmedia":[{"embeddable":true,"href":"https:\/\/online.tvk-gaj.pl\/index.php?rest_route=\/wp\/v2\/media\/552"}],"wp:attachment":[{"href":"https:\/\/online.tvk-gaj.pl\/index.php?rest_route=%2Fwp%2Fv2%2Fmedia&parent=551"}],"wp:term":[{"taxonomy":"category","embeddable":true,"href":"https:\/\/online.tvk-gaj.pl\/index.php?rest_route=%2Fwp%2Fv2%2Fcategories&post=551"},{"taxonomy":"post_tag","embeddable":true,"href":"https:\/\/online.tvk-gaj.pl\/index.php?rest_route=%2Fwp%2Fv2%2Ftags&post=551"}],"curies":[{"name":"wp","href":"https:\/\/api.w.org\/{rel}","templated":true}]}}