{"id":5521,"date":"2016-03-12T10:58:43","date_gmt":"2016-03-12T09:58:43","guid":{"rendered":"http:\/\/www.tvk-gaj.pl\/~gajonline\/?p=5521"},"modified":"2016-03-13T22:57:53","modified_gmt":"2016-03-13T21:57:53","slug":"rewolucja-w-mcdonalds-na-gaju","status":"publish","type":"post","link":"https:\/\/online.tvk-gaj.pl\/?p=5521","title":{"rendered":"Rewolucja w McDonald&#8217;s na Gaju"},"content":{"rendered":"<p>McDonald&#8217;s prz ul. Bardzkiej jest pierwsz\u0105 we Wroc\u0142awiu i trzeci\u0105 w skali ca\u0142ego kraju restauracj\u0105 tej sieci, gdzie wprowadzona zosta\u0142a &#8222;hamburgerowa rewolucja&#8221;. Klienci restauracji na Gaju mog\u0105 sami komponowa\u0107 wymarzone przez siebie kanapki. Je\u017celi taka mo\u017cliwo\u015b\u0107 przypadnie do gustu go\u015bciom lokalu, McDonalds rozwa\u017cy mo\u017cliwo\u015b\u0107 wprowadzenia takiej oferty w ca\u0142ej Europie. W czwartek, 10 marca, w \u00a0McDonald&#8217;s przy ul. Bardzkiej odby\u0142o si\u0119 oficjalne uruchomienie oferty, na kt\u00f3re zaproszeni byli przedstawiciele Rady Osiedla. Zapraszamy do kr\u00f3tkiej fotorelacji.\u00a0<!--more--><\/p>\n<p>&nbsp;<\/p>\n<p>W McDonald&#8217;s przy ul. Bardzkiej klienci sami mog\u0105 stworzy\u0107 swojego wymarzonego hamburgera. W tym celu mog\u0105 sami wybiera\u0107 spo\u015br\u00f3d wielu rodzaj\u00f3w bu\u0142ek, warzyw, mi\u0119sa, ser\u00f3w i dodatk\u00f3w. Wyb\u00f3r jest naprawd\u0119 ogromy &#8211; zapewniaj\u0105 osoby odpowiedzialne za ofert\u0119. W\u015br\u00f3d mo\u017cliwych do wyboru sk\u0142adnik\u00f3w s\u0105 np. buraczki czy s\u0142odkie pikle.<\/p>\n<p>&nbsp;<\/p>\n<p><a href=\"http:\/\/www.tvk-gaj.pl\/~gajonline\/wp-content\/uploads\/2016\/03\/DSCN3948.jpg\" rel=\"attachment wp-att-5522\"><img loading=\"lazy\" decoding=\"async\" class=\"aligncenter size-large wp-image-5522\" src=\"http:\/\/www.tvk-gaj.pl\/~gajonline\/wp-content\/uploads\/2016\/03\/DSCN3948-1024x768.jpg\" alt=\"DSCN3948\" width=\"838\" height=\"629\" srcset=\"https:\/\/online.tvk-gaj.pl\/wp-content\/uploads\/2016\/03\/DSCN3948-1024x768.jpg 1024w, https:\/\/online.tvk-gaj.pl\/wp-content\/uploads\/2016\/03\/DSCN3948-300x225.jpg 300w, https:\/\/online.tvk-gaj.pl\/wp-content\/uploads\/2016\/03\/DSCN3948-768x576.jpg 768w, https:\/\/online.tvk-gaj.pl\/wp-content\/uploads\/2016\/03\/DSCN3948.jpg 1200w\" sizes=\"auto, (max-width: 838px) 100vw, 838px\" \/><\/a><\/p>\n<p>&nbsp;<\/p>\n<p>Lokal na wroc\u0142awskim Gaju jest pierwszym takim w we Wroc\u0142awiu, a trzecim w Polsce, gdzie wprowadzono mo\u017cliwo\u015b\u0107 w\u0142asnego komponowania hamburger\u00f3w. Wcze\u015bniej McDonalds wprowadzi\u0142 tak\u0105 mo\u017cliwo\u015b\u0107 w swoich restauracjach m.in. w Australii, Korei Po\u0142udniowej czy Hong Kongu.<\/p>\n<p>&nbsp;<\/p>\n<p><a href=\"http:\/\/www.tvk-gaj.pl\/~gajonline\/wp-content\/uploads\/2016\/03\/DSCN3986.jpg\" rel=\"attachment wp-att-5523\"><img loading=\"lazy\" decoding=\"async\" class=\"aligncenter size-full wp-image-5523\" src=\"http:\/\/www.tvk-gaj.pl\/~gajonline\/wp-content\/uploads\/2016\/03\/DSCN3986.jpg\" alt=\"DSCN3986\" width=\"900\" height=\"935\" srcset=\"https:\/\/online.tvk-gaj.pl\/wp-content\/uploads\/2016\/03\/DSCN3986.jpg 900w, https:\/\/online.tvk-gaj.pl\/wp-content\/uploads\/2016\/03\/DSCN3986-289x300.jpg 289w, https:\/\/online.tvk-gaj.pl\/wp-content\/uploads\/2016\/03\/DSCN3986-768x798.jpg 768w\" sizes=\"auto, (max-width: 900px) 100vw, 900px\" \/><\/a><\/p>\n<p>&nbsp;<\/p>\n<p><span style=\"text-decoration: underline;\">Krzysztof K\u0142apa, dyrektor ds. korporacyjnych McDonald&#8217;s Polska:<\/span><\/p>\n<blockquote><p>&#8211; Nasz kraj jest krajem testowym, je\u015bli chodzi o Europ\u0119. Bardzo wierzymy w ten test, jeste\u015bmy zdeterminowani i chcemy rozszerza\u0107 ilo\u015b\u0107 lokalizacji obj\u0119tych t\u0105 ofert\u0105. Restauracja przy Bardzkiej zaczyna nowy rozdzia\u0142<\/p><\/blockquote>\n<p><span style=\"text-decoration: underline;\">Jacek Wyspia\u0144ski, w\u0142a\u015bciciel restauracji przy ul. Bardzkiej:<\/span><\/p>\n<blockquote><p>Samodzielne komponowanie burger\u00f3w to nie koniec nowo\u015bci. Klienci sk\u0142adaj\u0105 zam\u00f3wienie w specjalnych kioskach cyfrowych i zabieraj\u0105 numerek stolika. Tam zostaje im podana skomponowana przez nich kanapka. &#8211; Tego do tej pory nie by\u0142o, to jest moment prze\u0142omowy, dlatego mamy ogromn\u0105 nadziej\u0119, \u017ce trafimy w gusta naszych klient\u00f3w.<\/p><\/blockquote>\n<p>&nbsp;<\/p>\n<p><a href=\"http:\/\/www.tvk-gaj.pl\/~gajonline\/wp-content\/uploads\/2016\/03\/DSCN3959.jpg\" rel=\"attachment wp-att-5526\"><img loading=\"lazy\" decoding=\"async\" class=\"aligncenter size-full wp-image-5526\" src=\"http:\/\/www.tvk-gaj.pl\/~gajonline\/wp-content\/uploads\/2016\/03\/DSCN3959.jpg\" alt=\"DSCN3959\" width=\"800\" height=\"600\" srcset=\"https:\/\/online.tvk-gaj.pl\/wp-content\/uploads\/2016\/03\/DSCN3959.jpg 800w, https:\/\/online.tvk-gaj.pl\/wp-content\/uploads\/2016\/03\/DSCN3959-300x225.jpg 300w, https:\/\/online.tvk-gaj.pl\/wp-content\/uploads\/2016\/03\/DSCN3959-768x576.jpg 768w\" sizes=\"auto, (max-width: 800px) 100vw, 800px\" \/><\/a><\/p>\n<p>&nbsp;<\/p>\n<p>W czwartek, 10 marca w restauracji przy ul. Bardzkiej odby\u0142o si\u0119 oficjalne otwarcie przebudowanej restauracji wraz z now\u0105 ofert\u0105. Na imprez\u0119 zaproszeni zostali przedstawiciele Rady Osiedla Gaj. W\u015br\u00f3d osiedlowych radnych pojawili si\u0119 m.in. Przewodnicz\u0105cy Rady Osiedla Adam Wojtaszewski i Przewodnicz\u0105cy Zarz\u0105dy Rady Stefan Zydorowicz.<\/p>\n<p>&nbsp;<\/p>\n<p><strong>FOTORELACJA autorstwa Pana Andrzeja Nawrota<\/strong><\/p>\n<p><img decoding=\"async\" class=\"ngg_displayed_gallery mceItem\" src=\"http:\/\/www.tvk-gaj.pl\/~gajonline\/index.php\/nextgen-attach_to_post\/preview\/id--5524\" alt=\"\" data-mce-placeholder=\"1\" \/><\/p>\n<p>&nbsp;<\/p>\n<p>&nbsp;<\/p>\n<p>&nbsp;<\/p>\n","protected":false},"excerpt":{"rendered":"<p>McDonald&#8217;s prz ul. Bardzkiej jest pierwsz\u0105 we Wroc\u0142awiu i trzeci\u0105 w skali ca\u0142ego kraju restauracj\u0105 tej sieci, gdzie wprowadzona zosta\u0142a &#8222;hamburgerowa rewolucja&#8221;. Klienci restauracji na Gaju mog\u0105 sami komponowa\u0107 wymarzone przez siebie kanapki. Je\u017celi taka mo\u017cliwo\u015b\u0107 przypadnie do gustu go\u015bciom lokalu, McDonalds rozwa\u017cy mo\u017cliwo\u015b\u0107 wprowadzenia takiej oferty w ca\u0142ej Europie. W czwartek, 10 marca, w [&hellip;]<\/p>\n","protected":false},"author":1,"featured_media":5523,"comment_status":"open","ping_status":"open","sticky":false,"template":"","format":"standard","meta":{"footnotes":""},"categories":[14,12],"tags":[197,112,285,486,459,494,135,462],"class_list":["post-5521","post","type-post","status-publish","format-standard","has-post-thumbnail","hentry","category-aktualnosci","category-artykuly","tag-bardzka","tag-gaj","tag-impreza","tag-mcdonald","tag-mcdonalds","tag-otwarcie","tag-rada-osiedla-gaj","tag-restauracja"],"_links":{"self":[{"href":"https:\/\/online.tvk-gaj.pl\/index.php?rest_route=\/wp\/v2\/posts\/5521","targetHints":{"allow":["GET"]}}],"collection":[{"href":"https:\/\/online.tvk-gaj.pl\/index.php?rest_route=\/wp\/v2\/posts"}],"about":[{"href":"https:\/\/online.tvk-gaj.pl\/index.php?rest_route=\/wp\/v2\/types\/post"}],"author":[{"embeddable":true,"href":"https:\/\/online.tvk-gaj.pl\/index.php?rest_route=\/wp\/v2\/users\/1"}],"replies":[{"embeddable":true,"href":"https:\/\/online.tvk-gaj.pl\/index.php?rest_route=%2Fwp%2Fv2%2Fcomments&post=5521"}],"version-history":[{"count":6,"href":"https:\/\/online.tvk-gaj.pl\/index.php?rest_route=\/wp\/v2\/posts\/5521\/revisions"}],"predecessor-version":[{"id":5531,"href":"https:\/\/online.tvk-gaj.pl\/index.php?rest_route=\/wp\/v2\/posts\/5521\/revisions\/5531"}],"wp:featuredmedia":[{"embeddable":true,"href":"https:\/\/online.tvk-gaj.pl\/index.php?rest_route=\/wp\/v2\/media\/5523"}],"wp:attachment":[{"href":"https:\/\/online.tvk-gaj.pl\/index.php?rest_route=%2Fwp%2Fv2%2Fmedia&parent=5521"}],"wp:term":[{"taxonomy":"category","embeddable":true,"href":"https:\/\/online.tvk-gaj.pl\/index.php?rest_route=%2Fwp%2Fv2%2Fcategories&post=5521"},{"taxonomy":"post_tag","embeddable":true,"href":"https:\/\/online.tvk-gaj.pl\/index.php?rest_route=%2Fwp%2Fv2%2Ftags&post=5521"}],"curies":[{"name":"wp","href":"https:\/\/api.w.org\/{rel}","templated":true}]}}