{"id":5533,"date":"2016-03-21T11:54:29","date_gmt":"2016-03-21T10:54:29","guid":{"rendered":"http:\/\/www.tvk-gaj.pl\/~gajonline\/?p=5533"},"modified":"2016-03-21T11:54:46","modified_gmt":"2016-03-21T10:54:46","slug":"wielkanoc-2016-w-parafiach-na-gaju","status":"publish","type":"post","link":"https:\/\/online.tvk-gaj.pl\/?p=5533","title":{"rendered":"Wielkanoc 2016 w Parafiach na Gaju"},"content":{"rendered":"<p>Rozpocz\u0105\u0142 si\u0119 Wielki Tydzie\u0144, kt\u00f3rego zwie\u0144czeniem b\u0119d\u0105 \u015awi\u0119ta Wielkiej Nocy. Zamieszczamy szczeg\u00f3\u0142owe plany obchod\u00f3w \u015bwi\u0105tecznych uroczysto\u015bci w dw\u00f3ch dzia\u0142aj\u0105cych na terenie Gaju parafiach \u00a0&#8211; Parafii pw. \u015awi\u0119tego Franciszka z Asy\u017cu (ul. Borowska) oraz Parafii pw. Ducha \u015awi\u0119tego (ul. Bardzka).\u00a0<!--more--><\/p>\n<p>&nbsp;<\/p>\n<p><strong>Parafia \u015aw. Franciszka z Asy\u017cu<\/strong><\/p>\n<p>&nbsp;<\/p>\n<p><a href=\"http:\/\/www.tvk-gaj.pl\/~gajonline\/wp-content\/uploads\/2016\/03\/swfranciszek.png\" rel=\"attachment wp-att-5534\"><img loading=\"lazy\" decoding=\"async\" class=\"aligncenter size-full wp-image-5534\" src=\"http:\/\/www.tvk-gaj.pl\/~gajonline\/wp-content\/uploads\/2016\/03\/swfranciszek.png\" alt=\"swfranciszek\" width=\"819\" height=\"280\" srcset=\"https:\/\/online.tvk-gaj.pl\/wp-content\/uploads\/2016\/03\/swfranciszek.png 819w, https:\/\/online.tvk-gaj.pl\/wp-content\/uploads\/2016\/03\/swfranciszek-300x103.png 300w, https:\/\/online.tvk-gaj.pl\/wp-content\/uploads\/2016\/03\/swfranciszek-768x263.png 768w\" sizes=\"auto, (max-width: 819px) 100vw, 819px\" \/><\/a><\/p>\n<p>&nbsp;<\/p>\n<p><a href=\"http:\/\/www.tvk-gaj.pl\/~gajonline\/wp-content\/uploads\/2016\/03\/baner_Triduum-2016.png\" rel=\"attachment wp-att-5535\"><img loading=\"lazy\" decoding=\"async\" class=\"aligncenter size-large wp-image-5535\" src=\"http:\/\/www.tvk-gaj.pl\/~gajonline\/wp-content\/uploads\/2016\/03\/baner_Triduum-2016-700x1024.png\" alt=\"baner_Triduum-2016\" width=\"700\" height=\"1024\" srcset=\"https:\/\/online.tvk-gaj.pl\/wp-content\/uploads\/2016\/03\/baner_Triduum-2016-700x1024.png 700w, https:\/\/online.tvk-gaj.pl\/wp-content\/uploads\/2016\/03\/baner_Triduum-2016-205x300.png 205w, https:\/\/online.tvk-gaj.pl\/wp-content\/uploads\/2016\/03\/baner_Triduum-2016-768x1123.png 768w, https:\/\/online.tvk-gaj.pl\/wp-content\/uploads\/2016\/03\/baner_Triduum-2016.png 840w\" sizes=\"auto, (max-width: 700px) 100vw, 700px\" \/><\/a><\/p>\n<p>&nbsp;<\/p>\n<p><strong>Parafia \u015aw. Ducha\u00a0<\/strong><\/p>\n<p>&nbsp;<\/p>\n<p><a href=\"http:\/\/www.tvk-gaj.pl\/~gajonline\/wp-content\/uploads\/2016\/03\/swduchpanorama.png\" rel=\"attachment wp-att-5536\"><img loading=\"lazy\" decoding=\"async\" class=\"aligncenter size-full wp-image-5536\" src=\"http:\/\/www.tvk-gaj.pl\/~gajonline\/wp-content\/uploads\/2016\/03\/swduchpanorama.png\" alt=\"swduchpanorama\" width=\"660\" height=\"265\" srcset=\"https:\/\/online.tvk-gaj.pl\/wp-content\/uploads\/2016\/03\/swduchpanorama.png 660w, https:\/\/online.tvk-gaj.pl\/wp-content\/uploads\/2016\/03\/swduchpanorama-300x120.png 300w\" sizes=\"auto, (max-width: 660px) 100vw, 660px\" \/><\/a><\/p>\n<p>&nbsp;<\/p>\n<p><a href=\"http:\/\/www.tvk-gaj.pl\/~gajonline\/wp-content\/uploads\/2016\/03\/Rzymskokatolicka-Parafia-pw.-Ducha-\u015awi\u0119tego-we-Wroc\u0142awiu.png\" rel=\"attachment wp-att-5537\"><img loading=\"lazy\" decoding=\"async\" class=\"aligncenter size-full wp-image-5537\" src=\"http:\/\/www.tvk-gaj.pl\/~gajonline\/wp-content\/uploads\/2016\/03\/Rzymskokatolicka-Parafia-pw.-Ducha-\u015awi\u0119tego-we-Wroc\u0142awiu.png\" alt=\"Rzymskokatolicka Parafia pw. Ducha \u015awi\u0119tego we Wroc\u0142awiu\" width=\"680\" height=\"365\" srcset=\"https:\/\/online.tvk-gaj.pl\/wp-content\/uploads\/2016\/03\/Rzymskokatolicka-Parafia-pw.-Ducha-\u015awi\u0119tego-we-Wroc\u0142awiu.png 680w, https:\/\/online.tvk-gaj.pl\/wp-content\/uploads\/2016\/03\/Rzymskokatolicka-Parafia-pw.-Ducha-\u015awi\u0119tego-we-Wroc\u0142awiu-300x161.png 300w\" sizes=\"auto, (max-width: 680px) 100vw, 680px\" \/><\/a><\/p>\n<p>&nbsp;<\/p>\n<p><a href=\"http:\/\/www.tvk-gaj.pl\/~gajonline\/wp-content\/uploads\/2016\/03\/d721313727.jpg\" rel=\"attachment wp-att-5539\"><img loading=\"lazy\" decoding=\"async\" class=\"aligncenter size-full wp-image-5539\" src=\"http:\/\/www.tvk-gaj.pl\/~gajonline\/wp-content\/uploads\/2016\/03\/d721313727.jpg\" alt=\"d721313727\" width=\"676\" height=\"446\" srcset=\"https:\/\/online.tvk-gaj.pl\/wp-content\/uploads\/2016\/03\/d721313727.jpg 676w, https:\/\/online.tvk-gaj.pl\/wp-content\/uploads\/2016\/03\/d721313727-300x198.jpg 300w, https:\/\/online.tvk-gaj.pl\/wp-content\/uploads\/2016\/03\/d721313727-207x136.jpg 207w, https:\/\/online.tvk-gaj.pl\/wp-content\/uploads\/2016\/03\/d721313727-430x283.jpg 430w\" sizes=\"auto, (max-width: 676px) 100vw, 676px\" \/><\/a><\/p>\n<p>W ramach &#8222;Nocy Konfesjona\u0142\u00f3w w Mie\u015bcie Wroc\u0142awiu&#8221; w Wielkim Tygodniu, ze \u015brody na Wielki Czwartek, tj. z\u00a023 marca na 24 marca br., tak\u017ce w \u00a0parafii \u015aw. Ducha b\u0119dzie mo\u017cliwo\u015b\u0107 skorzystania z sakramentu Pokuty w godz. od 21,oo do 6,oo \u2013 w g\u00f3rnym ko\u015bciele (w t\u0119 noc b\u0119dzie tak\u017ce adoracja Naj\u015bwi\u0119tszego Sakramentu).<\/p>\n<p>&nbsp;<\/p>\n<p>&nbsp;<\/p>\n<p>&nbsp;<\/p>\n<p>&nbsp;<\/p>\n<p>&nbsp;<\/p>\n","protected":false},"excerpt":{"rendered":"<p>Rozpocz\u0105\u0142 si\u0119 Wielki Tydzie\u0144, kt\u00f3rego zwie\u0144czeniem b\u0119d\u0105 \u015awi\u0119ta Wielkiej Nocy. Zamieszczamy szczeg\u00f3\u0142owe plany obchod\u00f3w \u015bwi\u0105tecznych uroczysto\u015bci w dw\u00f3ch dzia\u0142aj\u0105cych na terenie Gaju parafiach \u00a0&#8211; Parafii pw. \u015awi\u0119tego Franciszka z Asy\u017cu (ul. Borowska) oraz Parafii pw. Ducha \u015awi\u0119tego (ul. Bardzka).\u00a0<\/p>\n","protected":false},"author":1,"featured_media":5534,"comment_status":"open","ping_status":"open","sticky":false,"template":"","format":"standard","meta":{"footnotes":""},"categories":[14],"tags":[113,112,618,616,615,617,191,190,614,386,613,256,612],"class_list":["post-5533","post","type-post","status-publish","format-standard","has-post-thumbnail","hentry","category-aktualnosci","tag-borowska","tag-gaj","tag-msze-swiete","tag-noc-konfesjonalow","tag-noc-konfesjonalow-wroclaw","tag-ogloszenia-parafialne","tag-parafia-swietego-ducha","tag-parafia-swietego-franciszka-z-asyzu","tag-sw-duch-bardzka","tag-sw-franciszek-borowska","tag-swieta-wielkiej-nocy","tag-wielkanoc","tag-wielkanoc-2016"],"_links":{"self":[{"href":"https:\/\/online.tvk-gaj.pl\/index.php?rest_route=\/wp\/v2\/posts\/5533","targetHints":{"allow":["GET"]}}],"collection":[{"href":"https:\/\/online.tvk-gaj.pl\/index.php?rest_route=\/wp\/v2\/posts"}],"about":[{"href":"https:\/\/online.tvk-gaj.pl\/index.php?rest_route=\/wp\/v2\/types\/post"}],"author":[{"embeddable":true,"href":"https:\/\/online.tvk-gaj.pl\/index.php?rest_route=\/wp\/v2\/users\/1"}],"replies":[{"embeddable":true,"href":"https:\/\/online.tvk-gaj.pl\/index.php?rest_route=%2Fwp%2Fv2%2Fcomments&post=5533"}],"version-history":[{"count":2,"href":"https:\/\/online.tvk-gaj.pl\/index.php?rest_route=\/wp\/v2\/posts\/5533\/revisions"}],"predecessor-version":[{"id":5540,"href":"https:\/\/online.tvk-gaj.pl\/index.php?rest_route=\/wp\/v2\/posts\/5533\/revisions\/5540"}],"wp:featuredmedia":[{"embeddable":true,"href":"https:\/\/online.tvk-gaj.pl\/index.php?rest_route=\/wp\/v2\/media\/5534"}],"wp:attachment":[{"href":"https:\/\/online.tvk-gaj.pl\/index.php?rest_route=%2Fwp%2Fv2%2Fmedia&parent=5533"}],"wp:term":[{"taxonomy":"category","embeddable":true,"href":"https:\/\/online.tvk-gaj.pl\/index.php?rest_route=%2Fwp%2Fv2%2Fcategories&post=5533"},{"taxonomy":"post_tag","embeddable":true,"href":"https:\/\/online.tvk-gaj.pl\/index.php?rest_route=%2Fwp%2Fv2%2Ftags&post=5533"}],"curies":[{"name":"wp","href":"https:\/\/api.w.org\/{rel}","templated":true}]}}