{"id":5541,"date":"2016-03-26T10:31:54","date_gmt":"2016-03-26T09:31:54","guid":{"rendered":"http:\/\/www.tvk-gaj.pl\/~gajonline\/?p=5541"},"modified":"2016-03-26T10:31:54","modified_gmt":"2016-03-26T09:31:54","slug":"wesolych-swiat-wielkanocnych-3","status":"publish","type":"post","link":"https:\/\/online.tvk-gaj.pl\/?p=5541","title":{"rendered":"Weso\u0142ych \u015awi\u0105t Wielkanocnych"},"content":{"rendered":"<p>Z okazji nadchodz\u0105cych \u015awi\u0105t Zmartwychwstania Pa\u0144skiego sk\u0142adamy wszystkim naszym Czytelnikom, Mieszka\u0144com Gaju oraz jego Sympatykom najserdeczniejsze \u017cyczenia pogodnych, radosnych i pe\u0142nych mi\u0142o\u015bci \u015awi\u0105t Wielkiej Nocy.<!--more--><\/p>\n<p>Niech ten szczeg\u00f3lny czas up\u0142ynie nam w ciep\u0142ej, rodzinnej atmosferze oraz niech rado\u015b\u0107 i optymizm towarzysz\u0105cy Wielkiej Nocy stanie si\u0119 naszym udzia\u0142em nie tylko w nadchodz\u0105cych dniach, ale i na co dzie\u0144.<\/p>\n<p><a href=\"http:\/\/www.tvk-gaj.pl\/~gajonline\/wp-content\/uploads\/2013\/03\/wielkanoc.jpg\" rel=\"attachment wp-att-817\"><img loading=\"lazy\" decoding=\"async\" class=\"aligncenter size-large wp-image-817\" src=\"http:\/\/www.tvk-gaj.pl\/~gajonline\/wp-content\/uploads\/2013\/03\/wielkanoc-1024x640.jpg\" alt=\"wielkanoc\" width=\"838\" height=\"524\" srcset=\"https:\/\/online.tvk-gaj.pl\/wp-content\/uploads\/2013\/03\/wielkanoc-1024x640.jpg 1024w, https:\/\/online.tvk-gaj.pl\/wp-content\/uploads\/2013\/03\/wielkanoc-300x187.jpg 300w, https:\/\/online.tvk-gaj.pl\/wp-content\/uploads\/2013\/03\/wielkanoc.jpg 1280w\" sizes=\"auto, (max-width: 838px) 100vw, 838px\" \/><\/a><br \/>\nTradycyjnie te\u017c \u017cyczymy mokrego dyngusa oraz smacznego jajka:)<\/p>\n<p>&nbsp;<\/p>\n<p>&nbsp;<br \/>\nAdam Wojtaszewski &#8211; Przewodnicz\u0105cy Rady Osiedla Gaj<br \/>\nPiotr Nawrotek &#8211;\u00a0Redaktor naczelny GajOnline<\/p>\n<p>&nbsp;<\/p>\n","protected":false},"excerpt":{"rendered":"<p>Z okazji nadchodz\u0105cych \u015awi\u0105t Zmartwychwstania Pa\u0144skiego sk\u0142adamy wszystkim naszym Czytelnikom, Mieszka\u0144com Gaju oraz jego Sympatykom najserdeczniejsze \u017cyczenia pogodnych, radosnych i pe\u0142nych mi\u0142o\u015bci \u015awi\u0105t Wielkiej Nocy.<\/p>\n","protected":false},"author":1,"featured_media":817,"comment_status":"open","ping_status":"open","sticky":false,"template":"","format":"standard","meta":{"footnotes":""},"categories":[14],"tags":[112,18,292,135,19,185,256,612,165,257],"class_list":["post-5541","post","type-post","status-publish","format-standard","has-post-thumbnail","hentry","category-aktualnosci","tag-gaj","tag-gol","tag-rada-osiedla-2","tag-rada-osiedla-gaj","tag-strona-osiedla-gaj","tag-swieta","tag-wielkanoc","tag-wielkanoc-2016","tag-wroclaw","tag-zyczenia"],"_links":{"self":[{"href":"https:\/\/online.tvk-gaj.pl\/index.php?rest_route=\/wp\/v2\/posts\/5541","targetHints":{"allow":["GET"]}}],"collection":[{"href":"https:\/\/online.tvk-gaj.pl\/index.php?rest_route=\/wp\/v2\/posts"}],"about":[{"href":"https:\/\/online.tvk-gaj.pl\/index.php?rest_route=\/wp\/v2\/types\/post"}],"author":[{"embeddable":true,"href":"https:\/\/online.tvk-gaj.pl\/index.php?rest_route=\/wp\/v2\/users\/1"}],"replies":[{"embeddable":true,"href":"https:\/\/online.tvk-gaj.pl\/index.php?rest_route=%2Fwp%2Fv2%2Fcomments&post=5541"}],"version-history":[{"count":2,"href":"https:\/\/online.tvk-gaj.pl\/index.php?rest_route=\/wp\/v2\/posts\/5541\/revisions"}],"predecessor-version":[{"id":5543,"href":"https:\/\/online.tvk-gaj.pl\/index.php?rest_route=\/wp\/v2\/posts\/5541\/revisions\/5543"}],"wp:featuredmedia":[{"embeddable":true,"href":"https:\/\/online.tvk-gaj.pl\/index.php?rest_route=\/wp\/v2\/media\/817"}],"wp:attachment":[{"href":"https:\/\/online.tvk-gaj.pl\/index.php?rest_route=%2Fwp%2Fv2%2Fmedia&parent=5541"}],"wp:term":[{"taxonomy":"category","embeddable":true,"href":"https:\/\/online.tvk-gaj.pl\/index.php?rest_route=%2Fwp%2Fv2%2Fcategories&post=5541"},{"taxonomy":"post_tag","embeddable":true,"href":"https:\/\/online.tvk-gaj.pl\/index.php?rest_route=%2Fwp%2Fv2%2Ftags&post=5541"}],"curies":[{"name":"wp","href":"https:\/\/api.w.org\/{rel}","templated":true}]}}