{"id":5549,"date":"2016-04-06T19:32:37","date_gmt":"2016-04-06T17:32:37","guid":{"rendered":"http:\/\/www.tvk-gaj.pl\/~gajonline\/?p=5549"},"modified":"2016-04-27T15:06:25","modified_gmt":"2016-04-27T13:06:25","slug":"miesiac-poradnictwa-obywatelskiego","status":"publish","type":"post","link":"https:\/\/online.tvk-gaj.pl\/?p=5549","title":{"rendered":"Miesi\u0105c poradnictwa obywatelskiego"},"content":{"rendered":"<p>W miesi\u0105cu kwietniu przedstawiciele Fundacji Dom Pokoju organizuj\u0105 przedsi\u0119wzi\u0119cie pn. Miesi\u0105c Poradnictwa Obywatelskiego we Wroc\u0142awiu, celem kt\u00f3rego jest rozszerzenie wiedzy w zakresie kwestii prawno-obywatelskiej.\u00a0Osoby, kt\u00f3re znajduj\u0105 si\u0119 w trudnej sytuacji materialnej i \u017cyciowej, a nie s\u0105 obj\u0119te nieodp\u0142atn\u0105 pomoc\u0105 prawn\u0105 w ramach systemu rz\u0105dowego, b\u0119d\u0105 mog\u0142y skorzysta\u0107 z dodatkowych porad prawnik\u00f3w, oferowanych bezp\u0142atnie w ramach Miesi\u0105ca Poradnictwa Obywatelskiego przez Gmin\u0119 Wroc\u0142aw i organizacje pozarz\u0105dowe.<!--more--><\/p>\n<p>&nbsp;<\/p>\n<p><a href=\"http:\/\/www.tvk-gaj.pl\/~gajonline\/wp-content\/uploads\/2016\/04\/poradyprawnepolicja.jpg\" rel=\"attachment wp-att-5551\"><img loading=\"lazy\" decoding=\"async\" class=\"aligncenter size-full wp-image-5551\" src=\"http:\/\/www.tvk-gaj.pl\/~gajonline\/wp-content\/uploads\/2016\/04\/poradyprawnepolicja.jpg\" alt=\"poradyprawnepolicja\" width=\"803\" height=\"266\" srcset=\"https:\/\/online.tvk-gaj.pl\/wp-content\/uploads\/2016\/04\/poradyprawnepolicja.jpg 803w, https:\/\/online.tvk-gaj.pl\/wp-content\/uploads\/2016\/04\/poradyprawnepolicja-300x99.jpg 300w, https:\/\/online.tvk-gaj.pl\/wp-content\/uploads\/2016\/04\/poradyprawnepolicja-768x254.jpg 768w\" sizes=\"auto, (max-width: 803px) 100vw, 803px\" \/><\/a><\/p>\n<p>&nbsp;<\/p>\n<p>12 kwietnia, 19 kwietnia 26 kwietnia 2016 r. godz. 16:00-19:00<\/p>\n<p>Miejsce: Wroc\u0142awskie Centrum Rozwoju Spo\u0142ecznego, pl. Dominika\u0144ski 6 we Wroc\u0142awiu<\/p>\n<p>&nbsp;<\/p>\n<p><strong>SZKOLENIA:<\/strong><\/p>\n<ul>\n<li>13 kwietnia 2016 r. godz. 15:00-18:00<\/li>\n<\/ul>\n<p><strong>Twarz\u0105 w twarz z mediatorem \u2013 szukanie odpowiedzi czy mediacje s\u0105 lekiem na ca\u0142e z\u0142o?<\/strong><\/p>\n<p>\/kim w\u0142a\u015bciwie jest mediator, jaka jest jego rola w sporze, kto rozwi\u0105zuje sytuacj\u0119 konfliktow\u0105, kto za rozwi\u0105zanie bierze odpowiedzialno\u015b\u0107\/<\/p>\n<p>Prowadz\u0105ca: Dorota Whitten<\/p>\n<p>&nbsp;<\/p>\n<ul>\n<li>20 kwietnia 2016 r. godz. 15:00-18:00<\/li>\n<\/ul>\n<p><strong>Poskromienie z\u0142o\u015bnicy \u2013 czy konfliktem i z\u0142o\u015bci\u0105 mo\u017cna zarz\u0105dza\u0107?<\/strong><\/p>\n<p>Prowadz\u0105ca: Dorota Whitten<\/p>\n<p>&nbsp;<\/p>\n<ul>\n<li>21 kwietnia 2016 r. godz. 15:00-18:00<\/li>\n<\/ul>\n<p><strong>My si\u0119 tylko k\u0142\u00f3cimy \u2013 czym jest przemoc i jakie mechanizmy j\u0105 warunkuj\u0105?<\/strong><\/p>\n<p>\/podczas szkolenia s\u0142uchacze nab\u0119d\u0105 wiedz\u0119 dotycz\u0105c\u0105 zjawiska przemocy, dowiedz\u0105 si\u0119 nie tylko czym jest przemoc i jakie s\u0105 jej rodzaje, przyjrz\u0105 si\u0119 psychologicznym mechanizmom warunkuj\u0105cym jej powstanie.<\/p>\n<p>Prowadz\u0105ca: Joanna Wajda<\/p>\n<p>&nbsp;<\/p>\n<ul>\n<li>27 kwietnia 2016 r. godz. 15:00-18:00<\/li>\n<\/ul>\n<p><strong>Jak dobrze wyj\u015b\u0107 z rodzin\u0105, nie tylko na zdj\u0119ciu.<\/strong><\/p>\n<p>Prowadz\u0105ca: Dorota Whitten.<\/p>\n<p>&nbsp;<\/p>\n<p>Miejsce szkole\u0144: InfoPunkt, ul. \u0141okietka 5\/1 we Wroc\u0142awiu<\/p>\n<p>&nbsp;<\/p>\n<p>Zapisy na szkolenia poprzez Formularz zg\u0142oszeniowy: http:\/poradnictwo.wroclaw.pl\/aktualnosci\u00a0lub telefonicznie: 71-77-24-940<\/p>\n<p>&nbsp;<\/p>\n<p><a href=\"http:\/\/www.tvk-gaj.pl\/~gajonline\/wp-content\/uploads\/2016\/04\/Komisariat-Wroclaw-Krzyki-gotowy-do-otwarcia-FOTO-5.jpg\" rel=\"attachment wp-att-5550\"><img loading=\"lazy\" decoding=\"async\" class=\"aligncenter size-full wp-image-5550\" src=\"http:\/\/www.tvk-gaj.pl\/~gajonline\/wp-content\/uploads\/2016\/04\/Komisariat-Wroclaw-Krzyki-gotowy-do-otwarcia-FOTO-5.jpg\" alt=\"Komisariat-Wroclaw-Krzyki-gotowy-do-otwarcia-FOTO-5\" width=\"800\" height=\"450\" srcset=\"https:\/\/online.tvk-gaj.pl\/wp-content\/uploads\/2016\/04\/Komisariat-Wroclaw-Krzyki-gotowy-do-otwarcia-FOTO-5.jpg 800w, https:\/\/online.tvk-gaj.pl\/wp-content\/uploads\/2016\/04\/Komisariat-Wroclaw-Krzyki-gotowy-do-otwarcia-FOTO-5-300x169.jpg 300w, https:\/\/online.tvk-gaj.pl\/wp-content\/uploads\/2016\/04\/Komisariat-Wroclaw-Krzyki-gotowy-do-otwarcia-FOTO-5-768x432.jpg 768w\" sizes=\"auto, (max-width: 800px) 100vw, 800px\" \/><\/a><\/p>\n<p>&nbsp;<\/p>\n<p><strong>Program wspieraj\u0105 Rada Osiedla Gaj oraz Komisariat Policji Wroc\u0142aw Krzyki.<\/strong><\/p>\n<p>&nbsp;<\/p>\n<p>&nbsp;<\/p>\n","protected":false},"excerpt":{"rendered":"<p>W miesi\u0105cu kwietniu przedstawiciele Fundacji Dom Pokoju organizuj\u0105 przedsi\u0119wzi\u0119cie pn. Miesi\u0105c Poradnictwa Obywatelskiego we Wroc\u0142awiu, celem kt\u00f3rego jest rozszerzenie wiedzy w zakresie kwestii prawno-obywatelskiej.\u00a0Osoby, kt\u00f3re znajduj\u0105 si\u0119 w trudnej sytuacji materialnej i \u017cyciowej, a nie s\u0105 obj\u0119te nieodp\u0142atn\u0105 pomoc\u0105 prawn\u0105 w ramach systemu rz\u0105dowego, b\u0119d\u0105 mog\u0142y skorzysta\u0107 z dodatkowych porad prawnik\u00f3w, oferowanych bezp\u0142atnie w ramach [&hellip;]<\/p>\n","protected":false},"author":1,"featured_media":5550,"comment_status":"open","ping_status":"open","sticky":false,"template":"","format":"standard","meta":{"footnotes":""},"categories":[14],"tags":[620,623,166,148,622,621],"class_list":["post-5549","post","type-post","status-publish","format-standard","has-post-thumbnail","hentry","category-aktualnosci","tag-kp-wroclaw-krzyki","tag-miesiac-poradnictwa-obywatelskiego","tag-osiedle-gaj","tag-policja","tag-poradnictwo-obywatelskie","tag-prawo"],"_links":{"self":[{"href":"https:\/\/online.tvk-gaj.pl\/index.php?rest_route=\/wp\/v2\/posts\/5549","targetHints":{"allow":["GET"]}}],"collection":[{"href":"https:\/\/online.tvk-gaj.pl\/index.php?rest_route=\/wp\/v2\/posts"}],"about":[{"href":"https:\/\/online.tvk-gaj.pl\/index.php?rest_route=\/wp\/v2\/types\/post"}],"author":[{"embeddable":true,"href":"https:\/\/online.tvk-gaj.pl\/index.php?rest_route=\/wp\/v2\/users\/1"}],"replies":[{"embeddable":true,"href":"https:\/\/online.tvk-gaj.pl\/index.php?rest_route=%2Fwp%2Fv2%2Fcomments&post=5549"}],"version-history":[{"count":3,"href":"https:\/\/online.tvk-gaj.pl\/index.php?rest_route=\/wp\/v2\/posts\/5549\/revisions"}],"predecessor-version":[{"id":5555,"href":"https:\/\/online.tvk-gaj.pl\/index.php?rest_route=\/wp\/v2\/posts\/5549\/revisions\/5555"}],"wp:featuredmedia":[{"embeddable":true,"href":"https:\/\/online.tvk-gaj.pl\/index.php?rest_route=\/wp\/v2\/media\/5550"}],"wp:attachment":[{"href":"https:\/\/online.tvk-gaj.pl\/index.php?rest_route=%2Fwp%2Fv2%2Fmedia&parent=5549"}],"wp:term":[{"taxonomy":"category","embeddable":true,"href":"https:\/\/online.tvk-gaj.pl\/index.php?rest_route=%2Fwp%2Fv2%2Fcategories&post=5549"},{"taxonomy":"post_tag","embeddable":true,"href":"https:\/\/online.tvk-gaj.pl\/index.php?rest_route=%2Fwp%2Fv2%2Ftags&post=5549"}],"curies":[{"name":"wp","href":"https:\/\/api.w.org\/{rel}","templated":true}]}}